{"id":13377,"date":"2023-10-08T08:04:14","date_gmt":"2023-10-08T14:04:14","guid":{"rendered":"https:\/\/pueblaexpres.com\/portal\/?p=13377"},"modified":"2023-10-26T08:07:02","modified_gmt":"2023-10-26T14:07:02","slug":"liga-tdp-de-mexico-grupo-3-liga-j05-zona-a-temporada-2023-2024-guerreros-de-puebla-vs-fc-los-angeles-estadio-unidad-deportiva-mario-vazquez-rana","status":"publish","type":"post","link":"https:\/\/pueblaexpres.com\/portal\/?p=13377","title":{"rendered":"[Liga TDP de M\u00e9xico \/ Grupo 3 \/ LIGA \/ J05 \/ Zona A] TEMPORADA 2023-2024 | Guerreros de Puebla vs FC Los \u00c1ngeles | Estadio Unidad Deportiva Mario V\u00e1zquez Ra\u00f1a"},"content":{"rendered":"<div name=\"googleone_share_1\" style=\"position:relative;z-index:5;float: right; margin-left: 10px;\"><g:plusone size=\"tall\" count=\"1\" href=\"https:\/\/pueblaexpres.com\/portal\/?p=13377\"><\/g:plusone><\/div><p><a href=\"https:\/\/pueblaexpres.com\/portal\/wp-content\/uploads\/2023\/10\/FCLAS-VS-GUERREROS-DE-PUEBL-_-TDP-9.jpg\"><img loading=\"lazy\" decoding=\"async\" class=\"wp-image-13378 aligncenter\" src=\"https:\/\/pueblaexpres.com\/portal\/wp-content\/uploads\/2023\/10\/FCLAS-VS-GUERREROS-DE-PUEBL-_-TDP-9.jpg\" alt=\"\" width=\"494\" height=\"329\" srcset=\"https:\/\/pueblaexpres.com\/portal\/wp-content\/uploads\/2023\/10\/FCLAS-VS-GUERREROS-DE-PUEBL-_-TDP-9.jpg 800w, https:\/\/pueblaexpres.com\/portal\/wp-content\/uploads\/2023\/10\/FCLAS-VS-GUERREROS-DE-PUEBL-_-TDP-9-300x200.jpg 300w, https:\/\/pueblaexpres.com\/portal\/wp-content\/uploads\/2023\/10\/FCLAS-VS-GUERREROS-DE-PUEBL-_-TDP-9-768x512.jpg 768w, https:\/\/pueblaexpres.com\/portal\/wp-content\/uploads\/2023\/10\/FCLAS-VS-GUERREROS-DE-PUEBL-_-TDP-9-640x426.jpg 640w\" sizes=\"(max-width: 494px) 100vw, 494px\" \/><\/a><\/p>\n<p><strong>Redacci\u00f3n | Fotograf\u00edas Mara Gonz\u00e1lez @maragonzalez_13 \/ Diego Alduc\u00edn @Alducin47 \/ Manuel Vela @Mv_ManuelVela | #PueblaExpres @PueblaExpres<\/strong><\/p>\n<p>Cr\u00f3nica J05 | Liga TDP de M\u00e9xico \/ Grupo 3 \/ Zona A | Guerreros de Puebla vs FC Los \u00c1ngeles<\/p>\n<p><a title=\"_0001 [Liga TDP de M\u00e9xico \/ Grupo 3 \/ LIGA \/ J05 \/ Zona A] TEMPORADA 2023-2024 | Guerreros de Puebla vs FC Los \u00c1ngeles | Estadio Unidad Deportiva Mario V\u00e1zquez Ra\u00f1a | Im\u00e1genes Diego Alduc\u00edn @Alducin47 @PueblaExpres www.pueblaexpres.com\" href=\"https:\/\/www.flickr.com\/photos\/manitas\/53287057741\/in\/album-72177720312212485\/\" data-flickr-embed=\"true\"><img loading=\"lazy\" decoding=\"async\" class=\"aligncenter\" src=\"https:\/\/live.staticflickr.com\/65535\/53287057741_f108d74d81.jpg\" alt=\"_0001 [Liga TDP de M\u00e9xico \/ Grupo 3 \/ LIGA \/ J05 \/ Zona A] TEMPORADA 2023-2024 | Guerreros de Puebla vs FC Los \u00c1ngeles | Estadio Unidad Deportiva Mario V\u00e1zquez Ra\u00f1a | Im\u00e1genes Diego Alduc\u00edn @Alducin47 @PueblaExpres www.pueblaexpres.com\" width=\"500\" height=\"333\" \/><\/a><script async src=\"\/\/embedr.flickr.com\/assets\/client-code.js\" charset=\"utf-8\"><\/script><\/p>\n<p>La Jornada 05 del TORNEO 2023.2024 inici\u00f3 en las instalaciones del Estadio Unidad Deportiva Mario V\u00e1zquez Ra\u00f1a, donde FC Los \u00c1ngeles en calidad de visitante derrota 4-0 ante su similar Guerreros de Puebla.<\/p>\n<p>FC Los \u00c1ngeles en calidad de visitante derrota 4 tantos a 0 ante su similar Guerreros de Puebla.<\/p>\n<p><a title=\"_0001 [Liga TDP de M\u00e9xico \/ Grupo 3 \/ LIGA \/ J05 \/ Zona A] TEMPORADA 2023-2024 | Guerreros de Puebla vs FC Los \u00c1ngeles | Estadio Unidad Deportiva Mario V\u00e1zquez Ra\u00f1a | Im\u00e1genes Diego Alduc\u00edn @Alducin47 @PueblaExpres www.pueblaexpres.com\" href=\"https:\/\/www.flickr.com\/photos\/manitas\/53287428284\/in\/album-72177720312212485\/\" data-flickr-embed=\"true\"><img loading=\"lazy\" decoding=\"async\" class=\"aligncenter\" src=\"https:\/\/live.staticflickr.com\/65535\/53287428284_36046301e8.jpg\" alt=\"_0001 [Liga TDP de M\u00e9xico \/ Grupo 3 \/ LIGA \/ J05 \/ Zona A] TEMPORADA 2023-2024 | Guerreros de Puebla vs FC Los \u00c1ngeles | Estadio Unidad Deportiva Mario V\u00e1zquez Ra\u00f1a | Im\u00e1genes Diego Alduc\u00edn @Alducin47 @PueblaExpres www.pueblaexpres.com\" width=\"500\" height=\"333\" \/><\/a><script async src=\"\/\/embedr.flickr.com\/assets\/client-code.js\" charset=\"utf-8\"><\/script><\/p>\n<p>FC Los \u00c1ngeles anoto por conducto de Yahir Rodr\u00edguez P\u00e9rez al 11, Sergio Rodr\u00edguez V\u00e1zquez al 21, Alejandro Medel Hern\u00e1ndez al 39 y \u00c1ngel Uriel S\u00e1nchez Mendoza al 48 de tiempo corrido.<!--more--><\/p>\n<p>Muchas y diversas acciones de gol se presentaron en el juego, siendo los arqueros, Said Pablo Santos casaca #1 para \u00c1ngeles y Miguel \u00c1ngel Mart\u00ednez Castro casaca #24 parar Guerreros de Puebla los h\u00e9roes y figuras del encuentro.<\/p>\n<p><a title=\"_0001 [Liga TDP de M\u00e9xico \/ Grupo 3 \/ LIGA \/ J05 \/ Zona A] TEMPORADA 2023-2024 | Guerreros de Puebla vs FC Los \u00c1ngeles | Estadio Unidad Deportiva Mario V\u00e1zquez Ra\u00f1a | Im\u00e1genes Diego Alduc\u00edn @Alducin47 @PueblaExpres www.pueblaexpres.com\" href=\"https:\/\/www.flickr.com\/photos\/manitas\/53286168257\/in\/album-72177720312212485\/\" data-flickr-embed=\"true\"><img loading=\"lazy\" decoding=\"async\" class=\"aligncenter\" src=\"https:\/\/live.staticflickr.com\/65535\/53286168257_c007c50619.jpg\" alt=\"_0001 [Liga TDP de M\u00e9xico \/ Grupo 3 \/ LIGA \/ J05 \/ Zona A] TEMPORADA 2023-2024 | Guerreros de Puebla vs FC Los \u00c1ngeles | Estadio Unidad Deportiva Mario V\u00e1zquez Ra\u00f1a | Im\u00e1genes Diego Alduc\u00edn @Alducin47 @PueblaExpres www.pueblaexpres.com\" width=\"500\" height=\"333\" \/><\/a><script async src=\"\/\/embedr.flickr.com\/assets\/client-code.js\" charset=\"utf-8\"><\/script><\/p>\n<p><strong>LA OPINI\u00d3N EXPRESADA EN ESTA COLUMNA ES RESPONSABILIDAD DE QUIEN LA ESCRIBE Y NO BUSCA GENERAR CONFLICTOS ENTRE LOS INVOLUCRADOS, SINO GENERAR CONCIENCIA EN CADA LECTOR.<\/strong><\/p>\n","protected":false},"excerpt":{"rendered":"<p>Redacci\u00f3n | Fotograf\u00edas Mara Gonz\u00e1lez @maragonzalez_13 \/ Diego Alduc\u00edn @Alducin47 \/ Manuel Vela @Mv_ManuelVela | #PueblaExpres @PueblaExpres Cr\u00f3nica J05 | Liga TDP de M\u00e9xico \/ Grupo 3 \/ Zona A | Guerreros de Puebla vs FC Los \u00c1ngeles La Jornada 05 del TORNEO 2023.2024 inici\u00f3 en las instalaciones del Estadio Unidad Deportiva Mario V\u00e1zquez Ra\u00f1a, [&hellip;]<\/p>\n","protected":false},"author":2,"featured_media":13378,"comment_status":"open","ping_status":"open","sticky":false,"template":"","format":"standard","meta":{"footnotes":""},"categories":[8,42,166,13,3,171,1,7],"tags":[],"_links":{"self":[{"href":"https:\/\/pueblaexpres.com\/portal\/index.php?rest_route=\/wp\/v2\/posts\/13377"}],"collection":[{"href":"https:\/\/pueblaexpres.com\/portal\/index.php?rest_route=\/wp\/v2\/posts"}],"about":[{"href":"https:\/\/pueblaexpres.com\/portal\/index.php?rest_route=\/wp\/v2\/types\/post"}],"author":[{"embeddable":true,"href":"https:\/\/pueblaexpres.com\/portal\/index.php?rest_route=\/wp\/v2\/users\/2"}],"replies":[{"embeddable":true,"href":"https:\/\/pueblaexpres.com\/portal\/index.php?rest_route=%2Fwp%2Fv2%2Fcomments&post=13377"}],"version-history":[{"count":1,"href":"https:\/\/pueblaexpres.com\/portal\/index.php?rest_route=\/wp\/v2\/posts\/13377\/revisions"}],"predecessor-version":[{"id":13379,"href":"https:\/\/pueblaexpres.com\/portal\/index.php?rest_route=\/wp\/v2\/posts\/13377\/revisions\/13379"}],"wp:featuredmedia":[{"embeddable":true,"href":"https:\/\/pueblaexpres.com\/portal\/index.php?rest_route=\/wp\/v2\/media\/13378"}],"wp:attachment":[{"href":"https:\/\/pueblaexpres.com\/portal\/index.php?rest_route=%2Fwp%2Fv2%2Fmedia&parent=13377"}],"wp:term":[{"taxonomy":"category","embeddable":true,"href":"https:\/\/pueblaexpres.com\/portal\/index.php?rest_route=%2Fwp%2Fv2%2Fcategories&post=13377"},{"taxonomy":"post_tag","embeddable":true,"href":"https:\/\/pueblaexpres.com\/portal\/index.php?rest_route=%2Fwp%2Fv2%2Ftags&post=13377"}],"curies":[{"name":"wp","href":"https:\/\/api.w.org\/{rel}","templated":true}]}}