{"id":13091,"date":"2023-03-04T13:01:43","date_gmt":"2023-03-04T19:01:43","guid":{"rendered":"https:\/\/pueblaexpres.com\/portal\/?p=13091"},"modified":"2023-03-07T13:04:27","modified_gmt":"2023-03-07T19:04:27","slug":"liga-tdp-de-mexico-grupo-3-liga-j20-zona-a-clausura-2023-guerreros-de-puebla-vs-fc-los-angeles-estadio-unidad-deportiva-mario-vazquez-rana","status":"publish","type":"post","link":"https:\/\/pueblaexpres.com\/portal\/?p=13091","title":{"rendered":"[Liga TDP de M\u00e9xico \/ Grupo 3 \/ LIGA \/ J20 \/ Zona A] CLAUSURA 2023 | Guerreros de Puebla vs FC Los \u00c1ngeles | Estadio Unidad Deportiva Mario V\u00e1zquez Ra\u00f1a"},"content":{"rendered":"<div name=\"googleone_share_1\" style=\"position:relative;z-index:5;float: right; margin-left: 10px;\"><g:plusone size=\"tall\" count=\"1\" href=\"https:\/\/pueblaexpres.com\/portal\/?p=13091\"><\/g:plusone><\/div><p><a href=\"https:\/\/pueblaexpres.com\/portal\/wp-content\/uploads\/2023\/03\/IMG_0400.jpg\"><img loading=\"lazy\" decoding=\"async\" class=\"wp-image-13092 aligncenter\" src=\"https:\/\/pueblaexpres.com\/portal\/wp-content\/uploads\/2023\/03\/IMG_0400.jpg\" alt=\"\" width=\"500\" height=\"333\" srcset=\"https:\/\/pueblaexpres.com\/portal\/wp-content\/uploads\/2023\/03\/IMG_0400.jpg 800w, https:\/\/pueblaexpres.com\/portal\/wp-content\/uploads\/2023\/03\/IMG_0400-300x200.jpg 300w, https:\/\/pueblaexpres.com\/portal\/wp-content\/uploads\/2023\/03\/IMG_0400-768x512.jpg 768w, https:\/\/pueblaexpres.com\/portal\/wp-content\/uploads\/2023\/03\/IMG_0400-640x426.jpg 640w\" sizes=\"(max-width: 500px) 100vw, 500px\" \/><\/a><\/p>\n<p><strong>Redacci\u00f3n | Fotograf\u00edas Mara Gonz\u00e1lez @maragonzalez_13 \/ Manuel Vela @Mv_ManuelVela | #PueblaExpres @PueblaExpres<\/strong><\/p>\n<p>Cr\u00f3nica J20 | Liga TDP de M\u00e9xico \/ Grupo 3 \/ Zona A | Guerreros de Puebla vs FC Los \u00c1ngeles<\/p>\n<p><a title=\"IMG_0193 [Liga TDP de M\u00e9xico \/ Grupo 3 \/ LIGA \/ J20 \/ Zona A] CLAUSURA 2023 | Guerreros de Puebla vs FC Los \u00c1ngeles | Estadio Unidad Deportiva Mario V\u00e1zquez Ra\u00f1a | T2022-2023 | Im\u00e1genes @maragonzalez_13 \/ @Mv_ManuelVela @PueblaExpres www.pueblaexpres.com\" href=\"https:\/\/www.flickr.com\/photos\/manitas\/52732953418\/in\/album-72177720306550583\/\" data-flickr-embed=\"true\"><img loading=\"lazy\" decoding=\"async\" class=\"aligncenter\" src=\"https:\/\/live.staticflickr.com\/65535\/52732953418_5104bbcffb.jpg\" alt=\"IMG_0193 [Liga TDP de M\u00e9xico \/ Grupo 3 \/ LIGA \/ J20 \/ Zona A] CLAUSURA 2023 | Guerreros de Puebla vs FC Los \u00c1ngeles | Estadio Unidad Deportiva Mario V\u00e1zquez Ra\u00f1a | T2022-2023 | Im\u00e1genes @maragonzalez_13 \/ @Mv_ManuelVela @PueblaExpres www.pueblaexpres.com\" width=\"500\" height=\"333\" \/><\/a><script async src=\"\/\/embedr.flickr.com\/assets\/client-code.js\" charset=\"utf-8\"><\/script><\/p>\n<p>La Jornada 20 del TORNEO CLAUSURA 2023 inici\u00f3 en las instalaciones del Estadio Unidad Deportiva Mario V\u00e1zquez Ra\u00f1a, donde Guerreros de Puebla en calidad de local es derrotado 0-2 ante su similar FC Los \u00c1ngeles.<\/p>\n<p>Guerreros de Puebla en calidad de local es derrotado 2 tanto a cero ante su similar FC Los \u00c1ngeles.<\/p>\n<p><a title=\"IMG_0710 [Liga TDP de M\u00e9xico \/ Grupo 3 \/ LIGA \/ J20 \/ Zona A] CLAUSURA 2023 | Guerreros de Puebla vs FC Los \u00c1ngeles | Estadio Unidad Deportiva Mario V\u00e1zquez Ra\u00f1a | T2022-2023 | Im\u00e1genes @maragonzalez_13 \/ @Mv_ManuelVela @PueblaExpres www.pueblaexpres.com\" href=\"https:\/\/www.flickr.com\/photos\/manitas\/52732880730\/in\/album-72177720306550583\/\" data-flickr-embed=\"true\"><img loading=\"lazy\" decoding=\"async\" class=\"aligncenter\" src=\"https:\/\/live.staticflickr.com\/65535\/52732880730_5b79e5c4f0.jpg\" alt=\"IMG_0710 [Liga TDP de M\u00e9xico \/ Grupo 3 \/ LIGA \/ J20 \/ Zona A] CLAUSURA 2023 | Guerreros de Puebla vs FC Los \u00c1ngeles | Estadio Unidad Deportiva Mario V\u00e1zquez Ra\u00f1a | T2022-2023 | Im\u00e1genes @maragonzalez_13 \/ @Mv_ManuelVela @PueblaExpres www.pueblaexpres.com\" width=\"500\" height=\"333\" \/><\/a><script async src=\"\/\/embedr.flickr.com\/assets\/client-code.js\" charset=\"utf-8\"><\/script><\/p>\n<p>Por la visita Samuel Ruiz Amador a los 58 minutos del encuentro y Luis Enrique Mendieta a los 89 de tiempo corrido daba a FC Los \u00c1ngeles los tres de puntos y la victoria.<!--more--><\/p>\n<p>Muchas y diversas acciones de gol se presentaron en el juego, siendo los arqueros, Abd\u00edas Eduardo Paz casaca #20 para Guerreros y Alfonso Cruz casaca #1 por los Angelinos los h\u00e9roes y figuras del encuentro.<\/p>\n<p><a title=\"IMG_0911 [Liga TDP de M\u00e9xico \/ Grupo 3 \/ LIGA \/ J20 \/ Zona A] CLAUSURA 2023 | Guerreros de Puebla vs FC Los \u00c1ngeles | Estadio Unidad Deportiva Mario V\u00e1zquez Ra\u00f1a | T2022-2023 | Im\u00e1genes @maragonzalez_13 \/ @Mv_ManuelVela @PueblaExpres www.pueblaexpres.com\" href=\"https:\/\/www.flickr.com\/photos\/manitas\/52732470296\/in\/album-72177720306550583\/\" data-flickr-embed=\"true\"><img loading=\"lazy\" decoding=\"async\" class=\"aligncenter\" src=\"https:\/\/live.staticflickr.com\/65535\/52732470296_18fecce33f.jpg\" alt=\"IMG_0911 [Liga TDP de M\u00e9xico \/ Grupo 3 \/ LIGA \/ J20 \/ Zona A] CLAUSURA 2023 | Guerreros de Puebla vs FC Los \u00c1ngeles | Estadio Unidad Deportiva Mario V\u00e1zquez Ra\u00f1a | T2022-2023 | Im\u00e1genes @maragonzalez_13 \/ @Mv_ManuelVela @PueblaExpres www.pueblaexpres.com\" width=\"500\" height=\"333\" \/><\/a><script async src=\"\/\/embedr.flickr.com\/assets\/client-code.js\" charset=\"utf-8\"><\/script><\/p>\n<p>Con el resultado, Guerreros Puebla se colocan, al momento, en la d\u00e9cima tercera posici\u00f3n de la clasificaci\u00f3n con 4 unidades, en tanto FC Los \u00c1ngeles permanecen con 22 puntos en el d\u00e9cimo sitio del certamen.<\/p>\n<p><strong>LA OPINI\u00d3N EXPRESADA EN ESTA COLUMNA ES RESPONSABILIDAD DE QUIEN LA ESCRIBE Y NO BUSCA GENERAR CONFLICTOS ENTRE LOS INVOLUCRADOS, SINO GENERAR CONCIENCIA EN CADA LECTOR.<\/strong><\/p>\n","protected":false},"excerpt":{"rendered":"<p>Redacci\u00f3n | Fotograf\u00edas Mara Gonz\u00e1lez @maragonzalez_13 \/ Manuel Vela @Mv_ManuelVela | #PueblaExpres @PueblaExpres Cr\u00f3nica J20 | Liga TDP de M\u00e9xico \/ Grupo 3 \/ Zona A | Guerreros de Puebla vs FC Los \u00c1ngeles La Jornada 20 del TORNEO CLAUSURA 2023 inici\u00f3 en las instalaciones del Estadio Unidad Deportiva Mario V\u00e1zquez Ra\u00f1a, donde Guerreros de [&hellip;]<\/p>\n","protected":false},"author":2,"featured_media":13092,"comment_status":"open","ping_status":"open","sticky":false,"template":"","format":"standard","meta":{"footnotes":""},"categories":[8,79,13,3,171,1,7],"tags":[],"_links":{"self":[{"href":"https:\/\/pueblaexpres.com\/portal\/index.php?rest_route=\/wp\/v2\/posts\/13091"}],"collection":[{"href":"https:\/\/pueblaexpres.com\/portal\/index.php?rest_route=\/wp\/v2\/posts"}],"about":[{"href":"https:\/\/pueblaexpres.com\/portal\/index.php?rest_route=\/wp\/v2\/types\/post"}],"author":[{"embeddable":true,"href":"https:\/\/pueblaexpres.com\/portal\/index.php?rest_route=\/wp\/v2\/users\/2"}],"replies":[{"embeddable":true,"href":"https:\/\/pueblaexpres.com\/portal\/index.php?rest_route=%2Fwp%2Fv2%2Fcomments&post=13091"}],"version-history":[{"count":1,"href":"https:\/\/pueblaexpres.com\/portal\/index.php?rest_route=\/wp\/v2\/posts\/13091\/revisions"}],"predecessor-version":[{"id":13093,"href":"https:\/\/pueblaexpres.com\/portal\/index.php?rest_route=\/wp\/v2\/posts\/13091\/revisions\/13093"}],"wp:featuredmedia":[{"embeddable":true,"href":"https:\/\/pueblaexpres.com\/portal\/index.php?rest_route=\/wp\/v2\/media\/13092"}],"wp:attachment":[{"href":"https:\/\/pueblaexpres.com\/portal\/index.php?rest_route=%2Fwp%2Fv2%2Fmedia&parent=13091"}],"wp:term":[{"taxonomy":"category","embeddable":true,"href":"https:\/\/pueblaexpres.com\/portal\/index.php?rest_route=%2Fwp%2Fv2%2Fcategories&post=13091"},{"taxonomy":"post_tag","embeddable":true,"href":"https:\/\/pueblaexpres.com\/portal\/index.php?rest_route=%2Fwp%2Fv2%2Ftags&post=13091"}],"curies":[{"name":"wp","href":"https:\/\/api.w.org\/{rel}","templated":true}]}}