{"id":13059,"date":"2023-02-19T10:49:59","date_gmt":"2023-02-19T16:49:59","guid":{"rendered":"https:\/\/pueblaexpres.com\/portal\/?p=13059"},"modified":"2023-02-24T10:53:45","modified_gmt":"2023-02-24T16:53:45","slug":"espectaculos-emmanuel-y-mijares-se-presentaron-en-el-auditorio-metropolitano-con-gran-exito-twor-amigos-2023","status":"publish","type":"post","link":"https:\/\/pueblaexpres.com\/portal\/?p=13059","title":{"rendered":"[Espect\u00e1culos] Emmanuel y Mijares se presentaron en el Auditorio Metropolitano con GRAN \u00c9XITO\u2026 | TWOR AMIGOS 2023"},"content":{"rendered":"<div name=\"googleone_share_1\" style=\"position:relative;z-index:5;float: right; margin-left: 10px;\"><g:plusone size=\"tall\" count=\"1\" href=\"https:\/\/pueblaexpres.com\/portal\/?p=13059\"><\/g:plusone><\/div><p><a href=\"https:\/\/pueblaexpres.com\/portal\/wp-content\/uploads\/2023\/02\/MG_1550.jpg\"><img loading=\"lazy\" decoding=\"async\" class=\"wp-image-13060 aligncenter\" src=\"https:\/\/pueblaexpres.com\/portal\/wp-content\/uploads\/2023\/02\/MG_1550.jpg\" alt=\"\" width=\"506\" height=\"337\" srcset=\"https:\/\/pueblaexpres.com\/portal\/wp-content\/uploads\/2023\/02\/MG_1550.jpg 800w, https:\/\/pueblaexpres.com\/portal\/wp-content\/uploads\/2023\/02\/MG_1550-300x200.jpg 300w, https:\/\/pueblaexpres.com\/portal\/wp-content\/uploads\/2023\/02\/MG_1550-768x512.jpg 768w, https:\/\/pueblaexpres.com\/portal\/wp-content\/uploads\/2023\/02\/MG_1550-640x426.jpg 640w\" sizes=\"(max-width: 506px) 100vw, 506px\" \/><\/a><\/p>\n<p><strong>Redacci\u00f3n | Fotograf\u00edas Mara Gonz\u00e1lez @maragonzalez_13 #PueblaExpres @PueblaExpres<\/strong><\/p>\n<p>Emmanuel y Mijares se presentaron en el Auditorio Metropolitano con gran \u00e9xito\u2026<\/p>\n<p><a title=\"_MG_1604 [Espect\u00e1culos] Emmanuel y Mijares se presentaron en el Auditorio Metropolitano con GRAN \u00c9XITO\u2026 | TWOR AMIGOS 2023 | Fotograf\u00edas Mara Gonz\u00e1lez @maragonzalez_13 @PueblaExpres para Mv Fotograf\u00eda Profesional Edici\u00f3n y retoque www.pueblaexpres.com\" href=\"https:\/\/www.flickr.com\/photos\/manitas\/52708942043\/in\/album-72177720306244917\/\" data-flickr-embed=\"true\"><img loading=\"lazy\" decoding=\"async\" class=\"aligncenter\" src=\"https:\/\/live.staticflickr.com\/65535\/52708942043_54e6aa7524.jpg\" alt=\"_MG_1604 [Espect\u00e1culos] Emmanuel y Mijares se presentaron en el Auditorio Metropolitano con GRAN \u00c9XITO\u2026 | TWOR AMIGOS 2023 | Fotograf\u00edas Mara Gonz\u00e1lez @maragonzalez_13 @PueblaExpres para Mv Fotograf\u00eda Profesional Edici\u00f3n y retoque www.pueblaexpres.com\" width=\"500\" height=\"333\" \/><\/a><script async src=\"\/\/embedr.flickr.com\/assets\/client-code.js\" charset=\"utf-8\"><\/script><\/p>\n<p>El dueto m\u00e1s aclamado de los \u00faltimos tiempos se present\u00f3 en Puebla, para entonar los temas m\u00e1s exitosos junto a sus m\u00e1s grandes fans.<\/p>\n<p>Emmanuel es uno de los artistas contempor\u00e1neos con gran prestigio y que ha encontrado la manera de mantenerse vigente en el gusto del p\u00fablico, con grandes producciones discogr\u00e1ficas, siempre innovando.<\/p>\n<p><a title=\"_MG_1683 [Espect\u00e1culos] Emmanuel y Mijares se presentaron en el Auditorio Metropolitano con GRAN \u00c9XITO\u2026 | TWOR AMIGOS 2023 | Fotograf\u00edas Mara Gonz\u00e1lez @maragonzalez_13 @PueblaExpres para Mv Fotograf\u00eda Profesional Edici\u00f3n y retoque www.pueblaexpres.com\" href=\"https:\/\/www.flickr.com\/photos\/manitas\/52708941993\/in\/album-72177720306244917\/\" data-flickr-embed=\"true\"><img loading=\"lazy\" decoding=\"async\" class=\"aligncenter\" src=\"https:\/\/live.staticflickr.com\/65535\/52708941993_1b77f9d86a.jpg\" alt=\"_MG_1683 [Espect\u00e1culos] Emmanuel y Mijares se presentaron en el Auditorio Metropolitano con GRAN \u00c9XITO\u2026 | TWOR AMIGOS 2023 | Fotograf\u00edas Mara Gonz\u00e1lez @maragonzalez_13 @PueblaExpres para Mv Fotograf\u00eda Profesional Edici\u00f3n y retoque www.pueblaexpres.com\" width=\"500\" height=\"333\" \/><\/a><script async src=\"\/\/embedr.flickr.com\/assets\/client-code.js\" charset=\"utf-8\"><\/script><\/p>\n<p>Durante la noche, se escucharon \u00e9xitos como: \u201cSentirme vivo\u201d, \u201cLa chica de humo\u201d y muchas m\u00e1s.<!--more--><\/p>\n<p>Mijares, cuenta con una trayectoria de m\u00e1s de 27 a\u00f1os de carrera art\u00edstica, la cual lo ha mantenido siempre en las listas de popularidad, entre sus m\u00e1s grandes \u00e9xitos son: \u201cPara amarnos m\u00e1s\u201d, \u201cBella\u201d, \u201cNo se muri\u00f3 el amor\u201d, \u201cSoldado del amor\u201d y muchos m\u00e1s.<\/p>\n<p><a title=\"_MG_1660 [Espect\u00e1culos] Emmanuel y Mijares se presentaron en el Auditorio Metropolitano con GRAN \u00c9XITO\u2026 | TWOR AMIGOS 2023 | Fotograf\u00edas Mara Gonz\u00e1lez @maragonzalez_13 @PueblaExpres para Mv Fotograf\u00eda Profesional Edici\u00f3n y retoque www.pueblaexpres.com\" href=\"https:\/\/www.flickr.com\/photos\/manitas\/52708942003\/in\/album-72177720306244917\/\" data-flickr-embed=\"true\"><img loading=\"lazy\" decoding=\"async\" class=\"aligncenter\" src=\"https:\/\/live.staticflickr.com\/65535\/52708942003_d17265ec2a.jpg\" alt=\"_MG_1660 [Espect\u00e1culos] Emmanuel y Mijares se presentaron en el Auditorio Metropolitano con GRAN \u00c9XITO\u2026 | TWOR AMIGOS 2023 | Fotograf\u00edas Mara Gonz\u00e1lez @maragonzalez_13 @PueblaExpres para Mv Fotograf\u00eda Profesional Edici\u00f3n y retoque www.pueblaexpres.com\" width=\"500\" height=\"333\" \/><\/a><script async src=\"\/\/embedr.flickr.com\/assets\/client-code.js\" charset=\"utf-8\"><\/script><\/p>\n<p>Emmanuel y Mijares se presentaron en el Auditorio Metropolitano. Este concierto fue la delicia de los poblanos ya que los hizo cantar y bailar toda la noche al ritmo de sus m\u00e1s conocidas canciones como \u2018Bella Se\u00f1ora\u2019, \u2018Toda la Vida\u2019, \u2018Ens\u00e9\u00f1ame\u2019, \u2018El Rey Azul\u2019, entre otras.<\/p>\n<p>Amigo lector le pedimos contin\u00fae al pendiente de nuestras redes sociales y nuestro portal en la secci\u00f3n ESPECT\u00c1CULOS, ya que en el encontrar\u00e1 los mejores eventos\u2026<\/p>\n<p><a title=\"_MG_1574 [Espect\u00e1culos] Emmanuel y Mijares se presentaron en el Auditorio Metropolitano con GRAN \u00c9XITO\u2026 | TWOR AMIGOS 2023 | Fotograf\u00edas Mara Gonz\u00e1lez @maragonzalez_13 @PueblaExpres para Mv Fotograf\u00eda Profesional Edici\u00f3n y retoque www.pueblaexpres.com\" href=\"https:\/\/www.flickr.com\/photos\/manitas\/52708456171\/in\/album-72177720306244917\/\" data-flickr-embed=\"true\"><img loading=\"lazy\" decoding=\"async\" class=\"aligncenter\" src=\"https:\/\/live.staticflickr.com\/65535\/52708456171_66618e64a9.jpg\" alt=\"_MG_1574 [Espect\u00e1culos] Emmanuel y Mijares se presentaron en el Auditorio Metropolitano con GRAN \u00c9XITO\u2026 | TWOR AMIGOS 2023 | Fotograf\u00edas Mara Gonz\u00e1lez @maragonzalez_13 @PueblaExpres para Mv Fotograf\u00eda Profesional Edici\u00f3n y retoque www.pueblaexpres.com\" width=\"500\" height=\"333\" \/><\/a><script async src=\"\/\/embedr.flickr.com\/assets\/client-code.js\" charset=\"utf-8\"><\/script><\/p>\n<p><strong>LA OPINI\u00d3N EXPRESADA EN ESTA COLUMNA ES RESPONSABILIDAD DE QUIEN LA ESCRIBE Y NO BUSCA GENERAR CONFLICTOS ENTRE LOS INVOLUCRADOS, SINO GENERAR CONCIENCIA EN CADA LECTOR.<\/strong><\/p>\n","protected":false},"excerpt":{"rendered":"<p>Redacci\u00f3n | Fotograf\u00edas Mara Gonz\u00e1lez @maragonzalez_13 #PueblaExpres @PueblaExpres Emmanuel y Mijares se presentaron en el Auditorio Metropolitano con gran \u00e9xito\u2026 El dueto m\u00e1s aclamado de los \u00faltimos tiempos se present\u00f3 en Puebla, para entonar los temas m\u00e1s exitosos junto a sus m\u00e1s grandes fans. Emmanuel es uno de los artistas contempor\u00e1neos con gran prestigio y [&hellip;]<\/p>\n","protected":false},"author":2,"featured_media":13060,"comment_status":"open","ping_status":"open","sticky":false,"template":"","format":"standard","meta":{"footnotes":""},"categories":[8,42,166,170,36,171,1,7],"tags":[],"_links":{"self":[{"href":"https:\/\/pueblaexpres.com\/portal\/index.php?rest_route=\/wp\/v2\/posts\/13059"}],"collection":[{"href":"https:\/\/pueblaexpres.com\/portal\/index.php?rest_route=\/wp\/v2\/posts"}],"about":[{"href":"https:\/\/pueblaexpres.com\/portal\/index.php?rest_route=\/wp\/v2\/types\/post"}],"author":[{"embeddable":true,"href":"https:\/\/pueblaexpres.com\/portal\/index.php?rest_route=\/wp\/v2\/users\/2"}],"replies":[{"embeddable":true,"href":"https:\/\/pueblaexpres.com\/portal\/index.php?rest_route=%2Fwp%2Fv2%2Fcomments&post=13059"}],"version-history":[{"count":1,"href":"https:\/\/pueblaexpres.com\/portal\/index.php?rest_route=\/wp\/v2\/posts\/13059\/revisions"}],"predecessor-version":[{"id":13061,"href":"https:\/\/pueblaexpres.com\/portal\/index.php?rest_route=\/wp\/v2\/posts\/13059\/revisions\/13061"}],"wp:featuredmedia":[{"embeddable":true,"href":"https:\/\/pueblaexpres.com\/portal\/index.php?rest_route=\/wp\/v2\/media\/13060"}],"wp:attachment":[{"href":"https:\/\/pueblaexpres.com\/portal\/index.php?rest_route=%2Fwp%2Fv2%2Fmedia&parent=13059"}],"wp:term":[{"taxonomy":"category","embeddable":true,"href":"https:\/\/pueblaexpres.com\/portal\/index.php?rest_route=%2Fwp%2Fv2%2Fcategories&post=13059"},{"taxonomy":"post_tag","embeddable":true,"href":"https:\/\/pueblaexpres.com\/portal\/index.php?rest_route=%2Fwp%2Fv2%2Ftags&post=13059"}],"curies":[{"name":"wp","href":"https:\/\/api.w.org\/{rel}","templated":true}]}}