{"id":12985,"date":"2023-01-09T15:26:53","date_gmt":"2023-01-09T21:26:53","guid":{"rendered":"https:\/\/pueblaexpres.com\/portal\/?p=12985"},"modified":"2023-01-09T15:26:53","modified_gmt":"2023-01-09T21:26:53","slug":"academia-club-puebla-xaltepec-se-vistio-de-gala-para-recibir-a-matias-el-chavo-alustiza","status":"publish","type":"post","link":"https:\/\/pueblaexpres.com\/portal\/?p=12985","title":{"rendered":"Academia Club Puebla Xaltepec se visti\u00f3 de gala para recibir a Mat\u00edas &#8220;El Chavo&#8221; Alustiza"},"content":{"rendered":"<div name=\"googleone_share_1\" style=\"position:relative;z-index:5;float: right; margin-left: 10px;\"><g:plusone size=\"tall\" count=\"1\" href=\"https:\/\/pueblaexpres.com\/portal\/?p=12985\"><\/g:plusone><\/div><p><a href=\"https:\/\/pueblaexpres.com\/portal\/wp-content\/uploads\/2023\/01\/WhatsApp-Image-2023-01-09-at-9.46.29-AM-3.jpeg\"><img loading=\"lazy\" decoding=\"async\" class=\"size-large wp-image-12986 aligncenter\" src=\"https:\/\/pueblaexpres.com\/portal\/wp-content\/uploads\/2023\/01\/WhatsApp-Image-2023-01-09-at-9.46.29-AM-3-1024x682.jpeg\" alt=\"\" width=\"500\" height=\"333\" srcset=\"https:\/\/pueblaexpres.com\/portal\/wp-content\/uploads\/2023\/01\/WhatsApp-Image-2023-01-09-at-9.46.29-AM-3-1024x682.jpeg 1024w, https:\/\/pueblaexpres.com\/portal\/wp-content\/uploads\/2023\/01\/WhatsApp-Image-2023-01-09-at-9.46.29-AM-3-300x200.jpeg 300w, https:\/\/pueblaexpres.com\/portal\/wp-content\/uploads\/2023\/01\/WhatsApp-Image-2023-01-09-at-9.46.29-AM-3-768x512.jpeg 768w, https:\/\/pueblaexpres.com\/portal\/wp-content\/uploads\/2023\/01\/WhatsApp-Image-2023-01-09-at-9.46.29-AM-3-640x427.jpeg 640w, https:\/\/pueblaexpres.com\/portal\/wp-content\/uploads\/2023\/01\/WhatsApp-Image-2023-01-09-at-9.46.29-AM-3.jpeg 1466w\" sizes=\"(max-width: 500px) 100vw, 500px\" \/><\/a><\/p>\n<p><strong>Redacci\u00f3n \u00daltimo Minuto Oficial | Fotograf\u00edas \u00daltimo Minuto Oficial | #PueblaExpres @PueblaExpres<\/strong><\/p>\n<p>Academia Club Puebla Xaltepec se visti\u00f3 de gala para recibir a Mat\u00edas &#8220;El Chavo&#8221; Alustiza<\/p>\n<p>Mat\u00edas &#8220;El Chavo&#8221; Alustiza aprovech\u00f3 su estad\u00eda en Puebla para visitar la Academia Puebla FC Xaltepec, en donde convivi\u00f3 con alumnos, profesores y aficionados que se dieron cita para acompa\u00f1ar a uno de los \u00faltimos \u00eddolos del Club Puebla.<\/p>\n<p><a title=\"IMG_0001 Academia Club Puebla Xaltepec se visti\u00f3 de gala para recibir a Mat\u00edas &quot;El Chavo&quot; Alustiza Im\u00e1genes \u00daltimo Minuto Oficial \/ @PueblaExpres www.pueblaexpres.com\" href=\"https:\/\/www.flickr.com\/photos\/manitas\/52618351438\/in\/album-72177720305115932\/\" data-flickr-embed=\"true\"><img loading=\"lazy\" decoding=\"async\" class=\"aligncenter\" src=\"https:\/\/live.staticflickr.com\/65535\/52618351438_740e85b981.jpg\" alt=\"IMG_0001 Academia Club Puebla Xaltepec se visti\u00f3 de gala para recibir a Mat\u00edas &quot;El Chavo&quot; Alustiza Im\u00e1genes \u00daltimo Minuto Oficial \/ @PueblaExpres www.pueblaexpres.com\" width=\"500\" height=\"333\" \/><\/a><script async src=\"\/\/embedr.flickr.com\/assets\/client-code.js\" charset=\"utf-8\"><\/script><\/p>\n<p>Fue este viernes cuando la academia Club Puebla Xaltepec recibi\u00f3 con bombo y platillo al ex futbolista de la Franja, Mat\u00edas Alustiza, quien se dej\u00f3 consentir por aficionados poblanos que se dieron cita en las canchas de Xaltepec, ubicadas en San Andr\u00e9s, Cholula, al enterarse de la visita del futbolista argentino.<\/p>\n<p>La visita del \u00eddolo enfranjado no se qued\u00f3 en fotograf\u00edas y firma de aut\u00f3grafos, pues se dio tiempo para convivir y practicar f\u00fatbol con los chicos de la Academia Poblana, adem\u00e1s de compartir unas palabras de aliento para que contin\u00faen con su sue\u00f1o de llegar al profesionalismo.<\/p>\n<p>Cabe se\u00f1alar que Mat\u00edas Alustiza estuvo presente en la inauguraci\u00f3n de la Academia Club Puebla Xaltepec, que hace cuatro a\u00f1os abri\u00f3 sus puertas para convertirse en una de las filiales oficiales del Club Puebla.<!--more--><\/p>\n<p><a title=\"IMG_0001 Academia Club Puebla Xaltepec se visti\u00f3 de gala para recibir a Mat\u00edas &quot;El Chavo&quot; Alustiza Im\u00e1genes \u00daltimo Minuto Oficial \/ @PueblaExpres www.pueblaexpres.com\" href=\"https:\/\/www.flickr.com\/photos\/manitas\/52617353117\/in\/album-72177720305115932\/\" data-flickr-embed=\"true\"><img loading=\"lazy\" decoding=\"async\" class=\"aligncenter\" src=\"https:\/\/live.staticflickr.com\/65535\/52617353117_e2ec02f1a8.jpg\" alt=\"IMG_0001 Academia Club Puebla Xaltepec se visti\u00f3 de gala para recibir a Mat\u00edas &quot;El Chavo&quot; Alustiza Im\u00e1genes \u00daltimo Minuto Oficial \/ @PueblaExpres www.pueblaexpres.com\" width=\"500\" height=\"333\" \/><\/a><script async src=\"\/\/embedr.flickr.com\/assets\/client-code.js\" charset=\"utf-8\"><\/script><\/p>\n<p>&#8220;Me toc\u00f3 estar cuando abri\u00f3 la academia, eran muy pocos chicos y hoy tiene m\u00e1s de 100 y eso es muy lindo. Es lindo que las chicas y los chicos puedan hacer deporte, yo creo que es lo m\u00e1s sano y ojal\u00e1 que con el tiempo se vayan sumando cada vez m\u00e1s&#8221;, coment\u00f3 Mat\u00edas Alustiza en su reencuentro con la filial enfranjada.<\/p>\n<p>Asimismo, &#8220;El Chavo&#8221; invit\u00f3 a todos los j\u00f3venes poblanos a sumarse a la Academia Club Puebla Xaltepec y as\u00ed comenzar su proceso formativo en el f\u00fatbol para buscar un lugar a nivel profesional.<\/p>\n<p>&#8220;El que tenga la oportunidad de venir que lo haga, es un deporte muy lindo, muy sano y que tienes la chance de llegar en cualquier momento a la primera divisi\u00f3n, ya sea al Club Puebla o a cualquier otro. Entonces decirles que entrenen, que disfruten y yo creo que, de esa forma, cualquiera que se lo proponga puede llegar a primera&#8221;, concluy\u00f3.<\/p>\n<p><a title=\"IMG_0001 Academia Club Puebla Xaltepec se visti\u00f3 de gala para recibir a Mat\u00edas &quot;El Chavo&quot; Alustiza Im\u00e1genes \u00daltimo Minuto Oficial \/ @PueblaExpres www.pueblaexpres.com\" href=\"https:\/\/www.flickr.com\/photos\/manitas\/52618351503\/in\/album-72177720305115932\/\" data-flickr-embed=\"true\"><img loading=\"lazy\" decoding=\"async\" class=\"aligncenter\" src=\"https:\/\/live.staticflickr.com\/65535\/52618351503_b18cd3fdf6.jpg\" alt=\"IMG_0001 Academia Club Puebla Xaltepec se visti\u00f3 de gala para recibir a Mat\u00edas &quot;El Chavo&quot; Alustiza Im\u00e1genes \u00daltimo Minuto Oficial \/ @PueblaExpres www.pueblaexpres.com\" width=\"500\" height=\"333\" \/><\/a><script async src=\"\/\/embedr.flickr.com\/assets\/client-code.js\" charset=\"utf-8\"><\/script><\/p>\n<p>Fue as\u00ed como Mat\u00edas Alustiza convivi\u00f3 con los j\u00f3venes futbolistas de la Academia Club Puebla Xaltepec, en lo que fue su visita a tierras poblanas, tras finalizar su v\u00ednculo como futbolista del Club Santamarina del f\u00fatbol argentino.<\/p>\n<p><strong>LA OPINI\u00d3N EXPRESADA EN ESTA COLUMNA ES RESPONSABILIDAD DE QUIEN LA ESCRIBE Y NO BUSCA GENERAR CONFLICTOS ENTRE LOS INVOLUCRADOS, SINO GENERAR CONCIENCIA EN CADA LECTOR.<\/strong><\/p>\n","protected":false},"excerpt":{"rendered":"<p>Redacci\u00f3n \u00daltimo Minuto Oficial | Fotograf\u00edas \u00daltimo Minuto Oficial | #PueblaExpres @PueblaExpres Academia Club Puebla Xaltepec se visti\u00f3 de gala para recibir a Mat\u00edas &#8220;El Chavo&#8221; Alustiza Mat\u00edas &#8220;El Chavo&#8221; Alustiza aprovech\u00f3 su estad\u00eda en Puebla para visitar la Academia Puebla FC Xaltepec, en donde convivi\u00f3 con alumnos, profesores y aficionados que se dieron cita [&hellip;]<\/p>\n","protected":false},"author":2,"featured_media":12986,"comment_status":"open","ping_status":"open","sticky":false,"template":"","format":"standard","meta":{"footnotes":""},"categories":[8,42,166,36,13,3,171,1,7],"tags":[],"_links":{"self":[{"href":"https:\/\/pueblaexpres.com\/portal\/index.php?rest_route=\/wp\/v2\/posts\/12985"}],"collection":[{"href":"https:\/\/pueblaexpres.com\/portal\/index.php?rest_route=\/wp\/v2\/posts"}],"about":[{"href":"https:\/\/pueblaexpres.com\/portal\/index.php?rest_route=\/wp\/v2\/types\/post"}],"author":[{"embeddable":true,"href":"https:\/\/pueblaexpres.com\/portal\/index.php?rest_route=\/wp\/v2\/users\/2"}],"replies":[{"embeddable":true,"href":"https:\/\/pueblaexpres.com\/portal\/index.php?rest_route=%2Fwp%2Fv2%2Fcomments&post=12985"}],"version-history":[{"count":1,"href":"https:\/\/pueblaexpres.com\/portal\/index.php?rest_route=\/wp\/v2\/posts\/12985\/revisions"}],"predecessor-version":[{"id":12987,"href":"https:\/\/pueblaexpres.com\/portal\/index.php?rest_route=\/wp\/v2\/posts\/12985\/revisions\/12987"}],"wp:featuredmedia":[{"embeddable":true,"href":"https:\/\/pueblaexpres.com\/portal\/index.php?rest_route=\/wp\/v2\/media\/12986"}],"wp:attachment":[{"href":"https:\/\/pueblaexpres.com\/portal\/index.php?rest_route=%2Fwp%2Fv2%2Fmedia&parent=12985"}],"wp:term":[{"taxonomy":"category","embeddable":true,"href":"https:\/\/pueblaexpres.com\/portal\/index.php?rest_route=%2Fwp%2Fv2%2Fcategories&post=12985"},{"taxonomy":"post_tag","embeddable":true,"href":"https:\/\/pueblaexpres.com\/portal\/index.php?rest_route=%2Fwp%2Fv2%2Ftags&post=12985"}],"curies":[{"name":"wp","href":"https:\/\/api.w.org\/{rel}","templated":true}]}}