{"id":12968,"date":"2022-11-29T21:26:03","date_gmt":"2022-11-30T03:26:03","guid":{"rendered":"https:\/\/pueblaexpres.com\/portal\/?p=12968"},"modified":"2022-12-12T21:29:50","modified_gmt":"2022-12-13T03:29:50","slug":"invierno-2022-encendido-del-arbol-de-navidad-en-el-complejo-cultural-universitario-ccu-de-la-buap-puebla","status":"publish","type":"post","link":"https:\/\/pueblaexpres.com\/portal\/?p=12968","title":{"rendered":"INVIERNO 2022 | Encendido del \u00e1rbol de Navidad en el Complejo Cultural Universitario (CCU) de la BUAP | Puebla"},"content":{"rendered":"<div name=\"googleone_share_1\" style=\"position:relative;z-index:5;float: right; margin-left: 10px;\"><g:plusone size=\"tall\" count=\"1\" href=\"https:\/\/pueblaexpres.com\/portal\/?p=12968\"><\/g:plusone><\/div><p><a href=\"https:\/\/pueblaexpres.com\/portal\/wp-content\/uploads\/2022\/12\/IMG_0094.jpg\"><img loading=\"lazy\" decoding=\"async\" class=\"wp-image-12969 aligncenter\" src=\"https:\/\/pueblaexpres.com\/portal\/wp-content\/uploads\/2022\/12\/IMG_0094.jpg\" alt=\"\" width=\"507\" height=\"338\" srcset=\"https:\/\/pueblaexpres.com\/portal\/wp-content\/uploads\/2022\/12\/IMG_0094.jpg 800w, https:\/\/pueblaexpres.com\/portal\/wp-content\/uploads\/2022\/12\/IMG_0094-300x200.jpg 300w, https:\/\/pueblaexpres.com\/portal\/wp-content\/uploads\/2022\/12\/IMG_0094-768x512.jpg 768w, https:\/\/pueblaexpres.com\/portal\/wp-content\/uploads\/2022\/12\/IMG_0094-640x426.jpg 640w\" sizes=\"(max-width: 507px) 100vw, 507px\" \/><\/a><\/p>\n<p><strong>Redacci\u00f3n | Fotograf\u00edas Mara Gonz\u00e1lez @maragonzalez_13 \/ @SebastianSz19 Sebasti\u00e1n Salado \/ Manuel Vela @Mv_ManuelVela | #PueblaExpres @PueblaExpres<\/strong><\/p>\n<p>La Rectora Mar\u00eda Lilia Cedillo Ram\u00edrez dese\u00f3 que en estas fiestas por comenzar sea un momento de reflexi\u00f3n para valorar a familia y amigos<br \/>\nUn ambiente de fiesta y alegr\u00eda, acompa\u00f1ado por fuegos pirot\u00e9cnicos, presidi\u00f3 el tradicional encendido del \u00e1rbol de Navidad en el Complejo Cultural Universitario (CCU) de la BUAP, donde estudiantes, docentes y familias poblanas se dieron cita para disfrutar de una noche navide\u00f1a.<\/p>\n<p><a title=\"IMG_0002 INVIERNO 2022 | Encendido del \u00e1rbol de Navidad en el Complejo Cultural Universitario (CCU) de la BUAP | Puebla | Foto @maragonzalez_13 \/ @Mv_ManuelVela @SebastianSz19 #PueblaExpres Edici\u00f3n y retoque www.pueblaexpres.com\" href=\"https:\/\/www.flickr.com\/photos\/manitas\/52560755108\/in\/album-72177720304419794\/\" data-flickr-embed=\"true\"><img loading=\"lazy\" decoding=\"async\" class=\"aligncenter\" src=\"https:\/\/live.staticflickr.com\/65535\/52560755108_e220bbaa75.jpg\" alt=\"IMG_0002 INVIERNO 2022 | Encendido del \u00e1rbol de Navidad en el Complejo Cultural Universitario (CCU) de la BUAP | Puebla | Foto @maragonzalez_13 \/ @Mv_ManuelVela @SebastianSz19 #PueblaExpres Edici\u00f3n y retoque www.pueblaexpres.com\" width=\"500\" height=\"333\" \/><\/a><script async src=\"\/\/embedr.flickr.com\/assets\/client-code.js\" charset=\"utf-8\"><\/script><\/p>\n<p>Tras el conteo regresivo para el encendido de las luces del \u00e1rbol navide\u00f1o, la Rectora Mar\u00eda Lilia Cedillo Ram\u00edrez dese\u00f3 que en estas fiestas por comenzar reine la paz en los hogares y sea un momento de reflexi\u00f3n para valorar a la familia, amigos, trabajo y a todos los seres que nos rodean.<\/p>\n<p>Por primera vez, la Rectora de la BUAP encendi\u00f3 el \u00e1rbol navide\u00f1o desde su celular y agradeci\u00f3 a los poblanos por darse cita desde muy temprano en la explanada del CCU y apreciar la iluminaci\u00f3n de esta sede de la universidad.<\/p>\n<p><a title=\"IMG_0085 INVIERNO 2022 | Encendido del \u00e1rbol de Navidad en el Complejo Cultural Universitario (CCU) de la BUAP | Puebla | Foto @maragonzalez_13 \/ @Mv_ManuelVela @SebastianSz19 #PueblaExpres Edici\u00f3n y retoque www.pueblaexpres.com\" href=\"https:\/\/www.flickr.com\/photos\/manitas\/52560683165\/in\/album-72177720304419794\/\" data-flickr-embed=\"true\"><img loading=\"lazy\" decoding=\"async\" class=\"aligncenter\" src=\"https:\/\/live.staticflickr.com\/65535\/52560683165_731823beaa.jpg\" alt=\"IMG_0085 INVIERNO 2022 | Encendido del \u00e1rbol de Navidad en el Complejo Cultural Universitario (CCU) de la BUAP | Puebla | Foto @maragonzalez_13 \/ @Mv_ManuelVela @SebastianSz19 #PueblaExpres Edici\u00f3n y retoque www.pueblaexpres.com\" width=\"500\" height=\"333\" \/><\/a><script async src=\"\/\/embedr.flickr.com\/assets\/client-code.js\" charset=\"utf-8\"><\/script><\/p>\n<p>\u201cGracias a todos ustedes, porque ustedes son quienes hacen grande a la instituci\u00f3n y que esta noche sea m\u00e1gica. La instituci\u00f3n les desea lo mejor en esta \u00e9poca\u201d.<\/p>\n<p>En este acto protocolario acompa\u00f1aron a la doctora Cedillo, Jos\u00e9 Carlos Bernal Su\u00e1rez, vicerrector de Extensi\u00f3n y Difusi\u00f3n de la Cultura, y Betzabeth D\u00edaz S\u00e1nchez, directora del CCU.<!--more--><\/p>\n<p><a title=\"IMG_0179 INVIERNO 2022 | Encendido del \u00e1rbol de Navidad en el Complejo Cultural Universitario (CCU) de la BUAP | Puebla | Foto @maragonzalez_13 \/ @Mv_ManuelVela @SebastianSz19 #PueblaExpres Edici\u00f3n y retoque www.pueblaexpres.com\" href=\"https:\/\/www.flickr.com\/photos\/manitas\/52560754998\/in\/album-72177720304419794\/\" data-flickr-embed=\"true\"><img loading=\"lazy\" decoding=\"async\" class=\"aligncenter\" src=\"https:\/\/live.staticflickr.com\/65535\/52560754998_a2c073de44.jpg\" alt=\"IMG_0179 INVIERNO 2022 | Encendido del \u00e1rbol de Navidad en el Complejo Cultural Universitario (CCU) de la BUAP | Puebla | Foto @maragonzalez_13 \/ @Mv_ManuelVela @SebastianSz19 #PueblaExpres Edici\u00f3n y retoque www.pueblaexpres.com\" width=\"500\" height=\"333\" \/><\/a><script async src=\"\/\/embedr.flickr.com\/assets\/client-code.js\" charset=\"utf-8\"><\/script><\/p>\n<p>El \u00e1rbol de Navidad tiene una altura de 23.45 metros, con una estrella de dos metros en su parte m\u00e1s alta, un di\u00e1metro de 10 metros y un peso de m\u00e1s de siete toneladas. Dispone de 42 mil 800 puntos de luz, 3 mil 600 metros de serie led, 4 mil 147 metros de guirnalda de abeto; as\u00ed como mil esferas rojas, blancas y doradas y 85 piezas de decoraci\u00f3n con efectos especiales en forma de tr\u00e9boles, copos de nieve y cometas. Para el disfrute de chicos y grandes, este a\u00f1o se podr\u00e1 acceder a su interior.<\/p>\n<p>Posterior al encendido tuvo lugar la presentaci\u00f3n art\u00edstica \u00bfQui\u00e9n se rob\u00f3 la navidad?, a cargo de las compa\u00f1\u00edas art\u00edsticas del CCU BUAP: Compa\u00f1\u00eda Titular de Teatro, Orquesta Sinf\u00f3nica, Coro, Compa\u00f1\u00eda de Danza Contempor\u00e1nea y el Ballet Folkl\u00f3rico.<\/p>\n<p><a title=\"IMG_0127 INVIERNO 2022 | Encendido del \u00e1rbol de Navidad en el Complejo Cultural Universitario (CCU) de la BUAP | Puebla | Foto @maragonzalez_13 \/ @Mv_ManuelVela @SebastianSz19 #PueblaExpres Edici\u00f3n y retoque www.pueblaexpres.com\" href=\"https:\/\/www.flickr.com\/photos\/manitas\/52560755003\/in\/album-72177720304419794\/\" data-flickr-embed=\"true\"><img loading=\"lazy\" decoding=\"async\" class=\"aligncenter\" src=\"https:\/\/live.staticflickr.com\/65535\/52560755003_109d031f2b.jpg\" alt=\"IMG_0127 INVIERNO 2022 | Encendido del \u00e1rbol de Navidad en el Complejo Cultural Universitario (CCU) de la BUAP | Puebla | Foto @maragonzalez_13 \/ @Mv_ManuelVela @SebastianSz19 #PueblaExpres Edici\u00f3n y retoque www.pueblaexpres.com\" width=\"500\" height=\"333\" \/><\/a><script async src=\"\/\/embedr.flickr.com\/assets\/client-code.js\" charset=\"utf-8\"><\/script><\/p>\n<p>Terminada esta obra multidisciplinaria, cientos de poblanos se pasearon por las instalaciones del CCU para tomarse la foto del recuerdo.<\/p>\n<p>De manera previa, se efectu\u00f3 un flash mob por estudiantes de la Preparatoria Urbana Enrique Cabrera Barroso y villancicos entonados por el coro infantil Coccuni.<\/p>\n<p><a title=\"IMG_0187 INVIERNO 2022 | Encendido del \u00e1rbol de Navidad en el Complejo Cultural Universitario (CCU) de la BUAP | Puebla | Foto @maragonzalez_13 \/ @Mv_ManuelVela @SebastianSz19 #PueblaExpres Edici\u00f3n y retoque www.pueblaexpres.com\" href=\"https:\/\/www.flickr.com\/photos\/manitas\/52560683080\/in\/album-72177720304419794\/\" data-flickr-embed=\"true\"><img loading=\"lazy\" decoding=\"async\" class=\"aligncenter\" src=\"https:\/\/live.staticflickr.com\/65535\/52560683080_0f9631132f.jpg\" alt=\"IMG_0187 INVIERNO 2022 | Encendido del \u00e1rbol de Navidad en el Complejo Cultural Universitario (CCU) de la BUAP | Puebla | Foto @maragonzalez_13 \/ @Mv_ManuelVela @SebastianSz19 #PueblaExpres Edici\u00f3n y retoque www.pueblaexpres.com\" width=\"500\" height=\"333\" \/><\/a><script async src=\"\/\/embedr.flickr.com\/assets\/client-code.js\" charset=\"utf-8\"><\/script><\/p>\n<p><strong>LA OPINI\u00d3N EXPRESADA EN ESTA COLUMNA ES RESPONSABILIDAD DE QUIEN LA ESCRIBE Y NO BUSCA GENERAR CONFLICTOS ENTRE LOS INVOLUCRADOS, SINO GENERAR CONCIENCIA EN CADA LECTOR.<\/strong><\/p>\n","protected":false},"excerpt":{"rendered":"<p>Redacci\u00f3n | Fotograf\u00edas Mara Gonz\u00e1lez @maragonzalez_13 \/ @SebastianSz19 Sebasti\u00e1n Salado \/ Manuel Vela @Mv_ManuelVela | #PueblaExpres @PueblaExpres La Rectora Mar\u00eda Lilia Cedillo Ram\u00edrez dese\u00f3 que en estas fiestas por comenzar sea un momento de reflexi\u00f3n para valorar a familia y amigos Un ambiente de fiesta y alegr\u00eda, acompa\u00f1ado por fuegos pirot\u00e9cnicos, presidi\u00f3 el tradicional encendido [&hellip;]<\/p>\n","protected":false},"author":2,"featured_media":12970,"comment_status":"open","ping_status":"open","sticky":false,"template":"","format":"standard","meta":{"footnotes":""},"categories":[8,42,166,170,36,171,1,7],"tags":[],"_links":{"self":[{"href":"https:\/\/pueblaexpres.com\/portal\/index.php?rest_route=\/wp\/v2\/posts\/12968"}],"collection":[{"href":"https:\/\/pueblaexpres.com\/portal\/index.php?rest_route=\/wp\/v2\/posts"}],"about":[{"href":"https:\/\/pueblaexpres.com\/portal\/index.php?rest_route=\/wp\/v2\/types\/post"}],"author":[{"embeddable":true,"href":"https:\/\/pueblaexpres.com\/portal\/index.php?rest_route=\/wp\/v2\/users\/2"}],"replies":[{"embeddable":true,"href":"https:\/\/pueblaexpres.com\/portal\/index.php?rest_route=%2Fwp%2Fv2%2Fcomments&post=12968"}],"version-history":[{"count":1,"href":"https:\/\/pueblaexpres.com\/portal\/index.php?rest_route=\/wp\/v2\/posts\/12968\/revisions"}],"predecessor-version":[{"id":12971,"href":"https:\/\/pueblaexpres.com\/portal\/index.php?rest_route=\/wp\/v2\/posts\/12968\/revisions\/12971"}],"wp:featuredmedia":[{"embeddable":true,"href":"https:\/\/pueblaexpres.com\/portal\/index.php?rest_route=\/wp\/v2\/media\/12970"}],"wp:attachment":[{"href":"https:\/\/pueblaexpres.com\/portal\/index.php?rest_route=%2Fwp%2Fv2%2Fmedia&parent=12968"}],"wp:term":[{"taxonomy":"category","embeddable":true,"href":"https:\/\/pueblaexpres.com\/portal\/index.php?rest_route=%2Fwp%2Fv2%2Fcategories&post=12968"},{"taxonomy":"post_tag","embeddable":true,"href":"https:\/\/pueblaexpres.com\/portal\/index.php?rest_route=%2Fwp%2Fv2%2Ftags&post=12968"}],"curies":[{"name":"wp","href":"https:\/\/api.w.org\/{rel}","templated":true}]}}