{"id":12959,"date":"2022-11-20T12:18:13","date_gmt":"2022-11-20T18:18:13","guid":{"rendered":"https:\/\/pueblaexpres.com\/portal\/?p=12959"},"modified":"2022-12-12T12:22:16","modified_gmt":"2022-12-12T18:22:16","slug":"football-intermedia-colegial-2022-ofamo-temporada-2022-semana-6-lobos-buap-vs-halcones-universidad-interamericana-la-guarida-del-lobo-cu-buap-grupo-azul","status":"publish","type":"post","link":"https:\/\/pueblaexpres.com\/portal\/?p=12959","title":{"rendered":"[Football] INTERMEDIA COLEGIAL 2022 \/ OFAMO | Temporada 2022 | Semana 6 | LOBOS BUAP vs HALCONES Universidad Interamericana | La Guarida del Lobo CU BUAP | Grupo Azul"},"content":{"rendered":"<div name=\"googleone_share_1\" style=\"position:relative;z-index:5;float: right; margin-left: 10px;\"><g:plusone size=\"tall\" count=\"1\" href=\"https:\/\/pueblaexpres.com\/portal\/?p=12959\"><\/g:plusone><\/div><p><a href=\"https:\/\/pueblaexpres.com\/portal\/wp-content\/uploads\/2022\/12\/IMG_0535.jpg\"><img loading=\"lazy\" decoding=\"async\" class=\"wp-image-12960 aligncenter\" src=\"https:\/\/pueblaexpres.com\/portal\/wp-content\/uploads\/2022\/12\/IMG_0535.jpg\" alt=\"\" width=\"501\" height=\"334\" srcset=\"https:\/\/pueblaexpres.com\/portal\/wp-content\/uploads\/2022\/12\/IMG_0535.jpg 800w, https:\/\/pueblaexpres.com\/portal\/wp-content\/uploads\/2022\/12\/IMG_0535-300x200.jpg 300w, https:\/\/pueblaexpres.com\/portal\/wp-content\/uploads\/2022\/12\/IMG_0535-768x512.jpg 768w, https:\/\/pueblaexpres.com\/portal\/wp-content\/uploads\/2022\/12\/IMG_0535-640x426.jpg 640w\" sizes=\"(max-width: 501px) 100vw, 501px\" \/><\/a><\/p>\n<p><strong>Redacci\u00f3n | Fotograf\u00edas Mara Gonz\u00e1lez @maragonzalez_13 \/ @SebastianSz19 Sebasti\u00e1n Salado \/ Manuel Vela @Mv_ManuelVela | #PueblaExpres @PueblaExpres<\/strong><\/p>\n<p>[Football] INTERMEDIA COLEGIAL 2022 \/ OFAMO (Organizaci\u00f3n de Futbol Americano M\u00e9xico Oriente) ? Temporada 2022<\/p>\n<p>Semana 6<\/p>\n<p><a title=\"IMG_0836 [Football] INTERMEDIA COLEGIAL 2022 \/ OFAMO | Temporada 2022 | Semana 6 | LOBOS BUAP vs HALCONES Universidad Interamericana | La Guarida del Lobo CU BUAP | Grupo Azul | FOTO @maragonzalez_13 \/ @Mv_ManuelVela @PueblaExpres www.pueblaexpres.com\" href=\"https:\/\/www.flickr.com\/photos\/manitas\/52559761975\/in\/dateposted-public\/\" data-flickr-embed=\"true\"><img loading=\"lazy\" decoding=\"async\" class=\"aligncenter\" src=\"https:\/\/live.staticflickr.com\/65535\/52559761975_ba4dc483ce.jpg\" alt=\"IMG_0836 [Football] INTERMEDIA COLEGIAL 2022 \/ OFAMO | Temporada 2022 | Semana 6 | LOBOS BUAP vs HALCONES Universidad Interamericana | La Guarida del Lobo CU BUAP | Grupo Azul | FOTO @maragonzalez_13 \/ @Mv_ManuelVela @PueblaExpres www.pueblaexpres.com\" width=\"500\" height=\"333\" \/><\/a><script async src=\"\/\/embedr.flickr.com\/assets\/client-code.js\" charset=\"utf-8\"><\/script><\/p>\n<p>LOBOS BUAP vs HALCONES Universidad Interamericana<\/p>\n<p>? Grupo Azul<!--more--><\/p>\n<p><a title=\"IMG_0607 [Football] INTERMEDIA COLEGIAL 2022 \/ OFAMO | Temporada 2022 | Semana 6 | LOBOS BUAP vs HALCONES Universidad Interamericana | La Guarida del Lobo CU BUAP | Grupo Azul | FOTO @maragonzalez_13 \/ @Mv_ManuelVela @PueblaExpres www.pueblaexpres.com\" href=\"https:\/\/www.flickr.com\/photos\/manitas\/52559838888\/in\/dateposted-public\/\" data-flickr-embed=\"true\"><img loading=\"lazy\" decoding=\"async\" class=\"aligncenter\" src=\"https:\/\/live.staticflickr.com\/65535\/52559838888_0f8435fd12.jpg\" alt=\"IMG_0607 [Football] INTERMEDIA COLEGIAL 2022 \/ OFAMO | Temporada 2022 | Semana 6 | LOBOS BUAP vs HALCONES Universidad Interamericana | La Guarida del Lobo CU BUAP | Grupo Azul | FOTO @maragonzalez_13 \/ @Mv_ManuelVela @PueblaExpres www.pueblaexpres.com\" width=\"500\" height=\"333\" \/><\/a><script async src=\"\/\/embedr.flickr.com\/assets\/client-code.js\" charset=\"utf-8\"><\/script><\/p>\n<p>?\u231a 19 Noviembre 2022<\/p>\n<p>#FootballAmericano<\/p>\n<p><a title=\"IMG_0464 [Football] INTERMEDIA COLEGIAL 2022 \/ OFAMO | Temporada 2022 | Semana 6 | LOBOS BUAP vs HALCONES Universidad Interamericana | La Guarida del Lobo CU BUAP | Grupo Azul | FOTO @maragonzalez_13 \/ @Mv_ManuelVela @PueblaExpres www.pueblaexpres.com\" href=\"https:\/\/www.flickr.com\/photos\/manitas\/52559762235\/in\/dateposted-public\/\" data-flickr-embed=\"true\"><img loading=\"lazy\" decoding=\"async\" class=\"aligncenter\" src=\"https:\/\/live.staticflickr.com\/65535\/52559762235_d148f525e5.jpg\" alt=\"IMG_0464 [Football] INTERMEDIA COLEGIAL 2022 \/ OFAMO | Temporada 2022 | Semana 6 | LOBOS BUAP vs HALCONES Universidad Interamericana | La Guarida del Lobo CU BUAP | Grupo Azul | FOTO @maragonzalez_13 \/ @Mv_ManuelVela @PueblaExpres www.pueblaexpres.com\" width=\"500\" height=\"333\" \/><\/a><script async src=\"\/\/embedr.flickr.com\/assets\/client-code.js\" charset=\"utf-8\"><\/script><\/p>\n<p>#BUAP<br \/>\n#OFAMO<br \/>\n#LobosBUAP<br \/>\n#sportsphotographer<br \/>\n#shoot #photography #futbolamericano<\/p>\n<p><a title=\"IMG_0566 [Football] INTERMEDIA COLEGIAL 2022 \/ OFAMO | Temporada 2022 | Semana 6 | LOBOS BUAP vs HALCONES Universidad Interamericana | La Guarida del Lobo CU BUAP | Grupo Azul | FOTO @maragonzalez_13 \/ @Mv_ManuelVela @PueblaExpres www.pueblaexpres.com\" href=\"https:\/\/www.flickr.com\/photos\/manitas\/52559838958\/in\/dateposted-public\/\" data-flickr-embed=\"true\"><img loading=\"lazy\" decoding=\"async\" class=\"aligncenter\" src=\"https:\/\/live.staticflickr.com\/65535\/52559838958_415f99ae0f.jpg\" alt=\"IMG_0566 [Football] INTERMEDIA COLEGIAL 2022 \/ OFAMO | Temporada 2022 | Semana 6 | LOBOS BUAP vs HALCONES Universidad Interamericana | La Guarida del Lobo CU BUAP | Grupo Azul | FOTO @maragonzalez_13 \/ @Mv_ManuelVela @PueblaExpres www.pueblaexpres.com\" width=\"500\" height=\"333\" \/><\/a><script async src=\"\/\/embedr.flickr.com\/assets\/client-code.js\" charset=\"utf-8\"><\/script><\/p>\n<p><strong>LA OPINI\u00d3N EXPRESADA EN ESTA COLUMNA ES RESPONSABILIDAD DE QUIEN LA ESCRIBE Y NO BUSCA GENERAR CONFLICTOS ENTRE LOS INVOLUCRADOS, SINO GENERAR CONCIENCIA EN CADA LECTOR.<\/strong><\/p>\n","protected":false},"excerpt":{"rendered":"<p>Redacci\u00f3n | Fotograf\u00edas Mara Gonz\u00e1lez @maragonzalez_13 \/ @SebastianSz19 Sebasti\u00e1n Salado \/ Manuel Vela @Mv_ManuelVela | #PueblaExpres @PueblaExpres [Football] INTERMEDIA COLEGIAL 2022 \/ OFAMO (Organizaci\u00f3n de Futbol Americano M\u00e9xico Oriente) ? Temporada 2022 Semana 6 LOBOS BUAP vs HALCONES Universidad Interamericana ? Grupo Azul<\/p>\n","protected":false},"author":2,"featured_media":12960,"comment_status":"open","ping_status":"open","sticky":false,"template":"","format":"standard","meta":{"footnotes":""},"categories":[8,42,166,60,171,1,7],"tags":[],"_links":{"self":[{"href":"https:\/\/pueblaexpres.com\/portal\/index.php?rest_route=\/wp\/v2\/posts\/12959"}],"collection":[{"href":"https:\/\/pueblaexpres.com\/portal\/index.php?rest_route=\/wp\/v2\/posts"}],"about":[{"href":"https:\/\/pueblaexpres.com\/portal\/index.php?rest_route=\/wp\/v2\/types\/post"}],"author":[{"embeddable":true,"href":"https:\/\/pueblaexpres.com\/portal\/index.php?rest_route=\/wp\/v2\/users\/2"}],"replies":[{"embeddable":true,"href":"https:\/\/pueblaexpres.com\/portal\/index.php?rest_route=%2Fwp%2Fv2%2Fcomments&post=12959"}],"version-history":[{"count":1,"href":"https:\/\/pueblaexpres.com\/portal\/index.php?rest_route=\/wp\/v2\/posts\/12959\/revisions"}],"predecessor-version":[{"id":12961,"href":"https:\/\/pueblaexpres.com\/portal\/index.php?rest_route=\/wp\/v2\/posts\/12959\/revisions\/12961"}],"wp:featuredmedia":[{"embeddable":true,"href":"https:\/\/pueblaexpres.com\/portal\/index.php?rest_route=\/wp\/v2\/media\/12960"}],"wp:attachment":[{"href":"https:\/\/pueblaexpres.com\/portal\/index.php?rest_route=%2Fwp%2Fv2%2Fmedia&parent=12959"}],"wp:term":[{"taxonomy":"category","embeddable":true,"href":"https:\/\/pueblaexpres.com\/portal\/index.php?rest_route=%2Fwp%2Fv2%2Fcategories&post=12959"},{"taxonomy":"post_tag","embeddable":true,"href":"https:\/\/pueblaexpres.com\/portal\/index.php?rest_route=%2Fwp%2Fv2%2Ftags&post=12959"}],"curies":[{"name":"wp","href":"https:\/\/api.w.org\/{rel}","templated":true}]}}