{"id":12899,"date":"2022-10-14T12:46:00","date_gmt":"2022-10-14T18:46:00","guid":{"rendered":"https:\/\/pueblaexpres.com\/portal\/?p=12899"},"modified":"2022-10-20T12:48:15","modified_gmt":"2022-10-20T18:48:15","slug":"espectaculos-imperdible-jose-madero-giallo-fantastique-tour-23-de-noviembre-auditorio-metropolitano","status":"publish","type":"post","link":"https:\/\/pueblaexpres.com\/portal\/?p=12899","title":{"rendered":"[Espect\u00e1culos] IMPERDIBLE | JOS\u00c9 MADERO \u201cGiallo Fantastique Tour\u201d | 23 de Noviembre | Auditorio Metropolitano"},"content":{"rendered":"<div name=\"googleone_share_1\" style=\"position:relative;z-index:5;float: right; margin-left: 10px;\"><g:plusone size=\"tall\" count=\"1\" href=\"https:\/\/pueblaexpres.com\/portal\/?p=12899\"><\/g:plusone><\/div><p><a href=\"https:\/\/pueblaexpres.com\/portal\/wp-content\/uploads\/2022\/10\/MG_1989.jpg\"><img loading=\"lazy\" decoding=\"async\" class=\"wp-image-12900 aligncenter\" src=\"https:\/\/pueblaexpres.com\/portal\/wp-content\/uploads\/2022\/10\/MG_1989.jpg\" alt=\"\" width=\"503\" height=\"335\" srcset=\"https:\/\/pueblaexpres.com\/portal\/wp-content\/uploads\/2022\/10\/MG_1989.jpg 800w, https:\/\/pueblaexpres.com\/portal\/wp-content\/uploads\/2022\/10\/MG_1989-300x200.jpg 300w, https:\/\/pueblaexpres.com\/portal\/wp-content\/uploads\/2022\/10\/MG_1989-768x512.jpg 768w, https:\/\/pueblaexpres.com\/portal\/wp-content\/uploads\/2022\/10\/MG_1989-640x426.jpg 640w\" sizes=\"(max-width: 503px) 100vw, 503px\" \/><\/a><\/p>\n<p><strong>Redacci\u00f3n | Fotograf\u00edas Mara Gonz\u00e1lez @maragonzalez_13 #PueblaExpres @PueblaExpres<\/strong><\/p>\n<p>JOS\u00c9 MADERO PRESENTA GIALLO FANTASTIQUE TOUR EN PUEBLA<\/p>\n<p>Con la nueva producci\u00f3n discogr\u00e1fica de Jos\u00e9 Madero de nombre Giallo, esta palabra proviene del italiano y significa Amarillo, a la vez que tambi\u00e9n se trata de un g\u00e9nero de literatura y cine que se refieren al suspenso y terror.<\/p>\n<p><a title=\"_MG_2087 [Espect\u00e1culos] IMPERDIBLE | JOS\u00c9 MADERO \u201cGiallo Fantastique Tour\u201d | 23 de Noviembre | Auditorio Metropolitano | Fotograf\u00edas Mara Gonz\u00e1lez @maragonzalez_13 @PueblaExpres para Mv Fotograf\u00eda Profesional \/ Edici\u00f3n y retoque www.pueblaexpres.com\" href=\"https:\/\/www.flickr.com\/photos\/manitas\/52442229554\/in\/album-72177720303041006\/\" data-flickr-embed=\"true\"><img loading=\"lazy\" decoding=\"async\" class=\"aligncenter\" src=\"https:\/\/live.staticflickr.com\/65535\/52442229554_1b34c076cd.jpg\" alt=\"_MG_2087 [Espect\u00e1culos] IMPERDIBLE | JOS\u00c9 MADERO \u201cGiallo Fantastique Tour\u201d | 23 de Noviembre | Auditorio Metropolitano | Fotograf\u00edas Mara Gonz\u00e1lez @maragonzalez_13 @PueblaExpres para Mv Fotograf\u00eda Profesional \/ Edici\u00f3n y retoque www.pueblaexpres.com\" width=\"500\" height=\"333\" \/><\/a><script async src=\"\/\/embedr.flickr.com\/assets\/client-code.js\" charset=\"utf-8\"><\/script><\/p>\n<p>Presentar\u00e1 sus nuevas canciones en su \u201cGiallo Fantastique Tour\u201d el cual cantar\u00e1 en Puebla este pr\u00f3ximo 25 de Noviembre en el Auditorio Metropolitano. Adem\u00e1s de revivir temas cl\u00e1sicos de sus discos anteriores.<\/p>\n<p>El concierto incluye canciones de su sexto disco denominado Giallo, con un repertorio de temas como \u201cSoy el diluvio\u201d, \u201cNadie m\u00e1s vendr\u00e1\u201d, \u201cLa herida\u201d, \u201cCerraron chipinque\u201d y \u201cQuince mil d\u00edas\u201d, entre otras.<!--more--><\/p>\n<p><a title=\"_MG_2123 [Espect\u00e1culos] IMPERDIBLE | JOS\u00c9 MADERO \u201cGiallo Fantastique Tour\u201d | 23 de Noviembre | Auditorio Metropolitano | Fotograf\u00edas Mara Gonz\u00e1lez @maragonzalez_13 @PueblaExpres para Mv Fotograf\u00eda Profesional \/ Edici\u00f3n y retoque www.pueblaexpres.com\" href=\"https:\/\/www.flickr.com\/photos\/manitas\/52441449497\/in\/album-72177720303041006\/\" data-flickr-embed=\"true\"><img loading=\"lazy\" decoding=\"async\" class=\"aligncenter\" src=\"https:\/\/live.staticflickr.com\/65535\/52441449497_8b09fd7257.jpg\" alt=\"_MG_2123 [Espect\u00e1culos] IMPERDIBLE | JOS\u00c9 MADERO \u201cGiallo Fantastique Tour\u201d | 23 de Noviembre | Auditorio Metropolitano | Fotograf\u00edas Mara Gonz\u00e1lez @maragonzalez_13 @PueblaExpres para Mv Fotograf\u00eda Profesional \/ Edici\u00f3n y retoque www.pueblaexpres.com\" width=\"500\" height=\"333\" \/><\/a><script async src=\"\/\/embedr.flickr.com\/assets\/client-code.js\" charset=\"utf-8\"><\/script><\/p>\n<p>Amigo lector le pedimos contin\u00fae al pendiente de nuestras redes sociales y nuestro portal en la secci\u00f3n ESPECT\u00c1CULOS, ya que en el encontrar\u00e1 los mejores eventos\u2026<\/p>\n<p><strong>LA OPINI\u00d3N EXPRESADA EN ESTA COLUMNA ES RESPONSABILIDAD DE QUIEN LA ESCRIBE Y NO BUSCA GENERAR CONFLICTOS ENTRE LOS INVOLUCRADOS, SINO GENERAR CONCIENCIA EN CADA LECTOR.<\/strong><\/p>\n","protected":false},"excerpt":{"rendered":"<p>Redacci\u00f3n | Fotograf\u00edas Mara Gonz\u00e1lez @maragonzalez_13 #PueblaExpres @PueblaExpres JOS\u00c9 MADERO PRESENTA GIALLO FANTASTIQUE TOUR EN PUEBLA Con la nueva producci\u00f3n discogr\u00e1fica de Jos\u00e9 Madero de nombre Giallo, esta palabra proviene del italiano y significa Amarillo, a la vez que tambi\u00e9n se trata de un g\u00e9nero de literatura y cine que se refieren al suspenso y [&hellip;]<\/p>\n","protected":false},"author":2,"featured_media":12900,"comment_status":"open","ping_status":"open","sticky":false,"template":"","format":"standard","meta":{"footnotes":""},"categories":[8,42,166,79,170,36,171,1,7],"tags":[],"_links":{"self":[{"href":"https:\/\/pueblaexpres.com\/portal\/index.php?rest_route=\/wp\/v2\/posts\/12899"}],"collection":[{"href":"https:\/\/pueblaexpres.com\/portal\/index.php?rest_route=\/wp\/v2\/posts"}],"about":[{"href":"https:\/\/pueblaexpres.com\/portal\/index.php?rest_route=\/wp\/v2\/types\/post"}],"author":[{"embeddable":true,"href":"https:\/\/pueblaexpres.com\/portal\/index.php?rest_route=\/wp\/v2\/users\/2"}],"replies":[{"embeddable":true,"href":"https:\/\/pueblaexpres.com\/portal\/index.php?rest_route=%2Fwp%2Fv2%2Fcomments&post=12899"}],"version-history":[{"count":1,"href":"https:\/\/pueblaexpres.com\/portal\/index.php?rest_route=\/wp\/v2\/posts\/12899\/revisions"}],"predecessor-version":[{"id":12901,"href":"https:\/\/pueblaexpres.com\/portal\/index.php?rest_route=\/wp\/v2\/posts\/12899\/revisions\/12901"}],"wp:featuredmedia":[{"embeddable":true,"href":"https:\/\/pueblaexpres.com\/portal\/index.php?rest_route=\/wp\/v2\/media\/12900"}],"wp:attachment":[{"href":"https:\/\/pueblaexpres.com\/portal\/index.php?rest_route=%2Fwp%2Fv2%2Fmedia&parent=12899"}],"wp:term":[{"taxonomy":"category","embeddable":true,"href":"https:\/\/pueblaexpres.com\/portal\/index.php?rest_route=%2Fwp%2Fv2%2Fcategories&post=12899"},{"taxonomy":"post_tag","embeddable":true,"href":"https:\/\/pueblaexpres.com\/portal\/index.php?rest_route=%2Fwp%2Fv2%2Ftags&post=12899"}],"curies":[{"name":"wp","href":"https:\/\/api.w.org\/{rel}","templated":true}]}}