{"id":12861,"date":"2022-09-30T18:04:03","date_gmt":"2022-10-01T00:04:03","guid":{"rendered":"https:\/\/pueblaexpres.com\/portal\/?p=12861"},"modified":"2022-10-19T16:08:12","modified_gmt":"2022-10-19T22:08:12","slug":"ta2022-grupos-2-jornada-1-futbol-varonil-campeonato-universitario-telmex-telcel-cutt-conadeip-universidad-de-las-americas-puebla-vs-universidad-veracruzana-campo-1-udlap","status":"publish","type":"post","link":"https:\/\/pueblaexpres.com\/portal\/?p=12861","title":{"rendered":"[TA2022 Grupos 2 Jornada 1 Futbol Varonil] Campeonato Universitario Telmex Telcel (CUTT) CONADEIP | Universidad de las Am\u00e9ricas Puebla VS Universidad Veracruzana | CAMPO 1 UDLAP"},"content":{"rendered":"<div name=\"googleone_share_1\" style=\"position:relative;z-index:5;float: right; margin-left: 10px;\"><g:plusone size=\"tall\" count=\"1\" href=\"https:\/\/pueblaexpres.com\/portal\/?p=12861\"><\/g:plusone><\/div><p><a href=\"https:\/\/pueblaexpres.com\/portal\/wp-content\/uploads\/2022\/10\/IMG_0721.jpg\"><img loading=\"lazy\" decoding=\"async\" class=\"wp-image-12862 aligncenter\" src=\"https:\/\/pueblaexpres.com\/portal\/wp-content\/uploads\/2022\/10\/IMG_0721.jpg\" alt=\"\" width=\"507\" height=\"338\" srcset=\"https:\/\/pueblaexpres.com\/portal\/wp-content\/uploads\/2022\/10\/IMG_0721.jpg 799w, https:\/\/pueblaexpres.com\/portal\/wp-content\/uploads\/2022\/10\/IMG_0721-300x200.jpg 300w, https:\/\/pueblaexpres.com\/portal\/wp-content\/uploads\/2022\/10\/IMG_0721-768x512.jpg 768w, https:\/\/pueblaexpres.com\/portal\/wp-content\/uploads\/2022\/10\/IMG_0721-640x427.jpg 640w\" sizes=\"(max-width: 507px) 100vw, 507px\" \/><\/a><\/p>\n<p><strong>Redacci\u00f3n | Fotograf\u00edas Mara Gonz\u00e1lez @maragonzalez_13 \/ Manuel Vela @Mv_ManuelVela | #PueblaExpres @PueblaExpres<\/strong><\/p>\n<p>Cr\u00f3nica J01 | Campeonato Universitario Telmex Telcel (CUTT) CONADEIP | Aztecas UDLAP vs Universidad Veracruzana<\/p>\n<p><a title=\"IMG_0159 [TA2022 G2 J1 Futbol Varonil] Campeonato Universitario Telmex Telcel(CUTT) CONADEIP | Universidad de las Am\u00e9ricas Puebla VS Universidad Veracruzana | CAMPO 1 UDLAP | Fotograf\u00edas @maragonzalez_13 \/ @Mv_ManuelVela @PueblaExpres www.pueblaexpres.com\" href=\"https:\/\/www.flickr.com\/photos\/manitas\/52440204731\/in\/album-72177720303036843\/\" data-flickr-embed=\"true\"><img loading=\"lazy\" decoding=\"async\" class=\"aligncenter\" src=\"https:\/\/live.staticflickr.com\/65535\/52440204731_dcb0b0f9ea.jpg\" alt=\"IMG_0159 [TA2022 G2 J1 Futbol Varonil] Campeonato Universitario Telmex Telcel(CUTT) CONADEIP | Universidad de las Am\u00e9ricas Puebla VS Universidad Veracruzana | CAMPO 1 UDLAP | Fotograf\u00edas @maragonzalez_13 \/ @Mv_ManuelVela @PueblaExpres www.pueblaexpres.com\" width=\"500\" height=\"334\" \/><\/a><script async src=\"\/\/embedr.flickr.com\/assets\/client-code.js\" charset=\"utf-8\"><\/script><\/p>\n<p>La Jornada 01 del TORNEO APERTURA 2022 inici\u00f3 en las instalaciones de la UDLAP Campo 1, donde Aztecas UDLAP en calidad derrota 3-1 ante su similar Universidad Veracruzana.<\/p>\n<p>Partido celebrado en la grama del Campo 1 de la UDLAP en la Ciudad de Puebla.<\/p>\n<p><a title=\"IMG_0069 [TA2022 G2 J1 Futbol Varonil] Campeonato Universitario Telmex Telcel(CUTT) CONADEIP | Universidad de las Am\u00e9ricas Puebla VS Universidad Veracruzana | CAMPO 1 UDLAP | Fotograf\u00edas @maragonzalez_13 \/ @Mv_ManuelVela @PueblaExpres www.pueblaexpres.com\" href=\"https:\/\/www.flickr.com\/photos\/manitas\/52439704382\/in\/album-72177720303036843\/\" data-flickr-embed=\"true\"><img loading=\"lazy\" decoding=\"async\" class=\"aligncenter\" src=\"https:\/\/live.staticflickr.com\/65535\/52439704382_b8a9ae51fd.jpg\" alt=\"IMG_0069 [TA2022 G2 J1 Futbol Varonil] Campeonato Universitario Telmex Telcel(CUTT) CONADEIP | Universidad de las Am\u00e9ricas Puebla VS Universidad Veracruzana | CAMPO 1 UDLAP | Fotograf\u00edas @maragonzalez_13 \/ @Mv_ManuelVela @PueblaExpres www.pueblaexpres.com\" width=\"500\" height=\"334\" \/><\/a><script async src=\"\/\/embedr.flickr.com\/assets\/client-code.js\" charset=\"utf-8\"><\/script><\/p>\n<p>PARTIDO<\/p>\n<p>Por la Universidad Veracruzana Min. 92 anotaci\u00f3n Javier G\u00e1ndara Jim\u00e9nez casaca #18 colocaba cifras al marcador.<\/p>\n<p><a title=\"IMG_0433 [TA2022 G2 J1 Futbol Varonil] Campeonato Universitario Telmex Telcel(CUTT) CONADEIP | Universidad de las Am\u00e9ricas Puebla VS Universidad Veracruzana | CAMPO 1 UDLAP | Fotograf\u00edas @maragonzalez_13 \/ @Mv_ManuelVela @PueblaExpres www.pueblaexpres.com\" href=\"https:\/\/www.flickr.com\/photos\/manitas\/52440658030\/in\/album-72177720303036843\/\" data-flickr-embed=\"true\"><img loading=\"lazy\" decoding=\"async\" class=\"aligncenter\" src=\"https:\/\/live.staticflickr.com\/65535\/52440658030_75d8ee9ec8.jpg\" alt=\"IMG_0433 [TA2022 G2 J1 Futbol Varonil] Campeonato Universitario Telmex Telcel(CUTT) CONADEIP | Universidad de las Am\u00e9ricas Puebla VS Universidad Veracruzana | CAMPO 1 UDLAP | Fotograf\u00edas @maragonzalez_13 \/ @Mv_ManuelVela @PueblaExpres www.pueblaexpres.com\" width=\"500\" height=\"333\" \/><\/a><script async src=\"\/\/embedr.flickr.com\/assets\/client-code.js\" charset=\"utf-8\"><\/script><\/p>\n<p>Las anotaciones por la Universidad de las Am\u00e9ricas Puebla corren a cargo de Emilio Jacob Carbajal casaca #8 al minuto 25, ocho minutos m\u00e1s tarde (33) Jos\u00e9 Manuel Chumacero casaca #3 daba cifras al marcador, cerrando el marcador de Luca Breton Carrillo casaca #23 al 94.<!--more--><\/p>\n<p>Muchas y diversas acciones de gol se presentaron en el juego, siendo los arqueros, Alc\u00e1ntara V\u00e1squez Uriel Alonso casaca #1 para los jarochos y Ivan Eliezer Zamarripa Ancona casaca #12 por los aztecas los h\u00e9roes y figuras del encuentro.<\/p>\n<p><a title=\"IMG_0670 [TA2022 G2 J1 Futbol Varonil] Campeonato Universitario Telmex Telcel(CUTT) CONADEIP | Universidad de las Am\u00e9ricas Puebla VS Universidad Veracruzana | CAMPO 1 UDLAP | Fotograf\u00edas @maragonzalez_13 \/ @Mv_ManuelVela @PueblaExpres www.pueblaexpres.com\" href=\"https:\/\/www.flickr.com\/photos\/manitas\/52440657980\/in\/album-72177720303036843\/\" data-flickr-embed=\"true\"><img loading=\"lazy\" decoding=\"async\" class=\"aligncenter\" src=\"https:\/\/live.staticflickr.com\/65535\/52440657980_463ef54fff.jpg\" alt=\"IMG_0670 [TA2022 G2 J1 Futbol Varonil] Campeonato Universitario Telmex Telcel(CUTT) CONADEIP | Universidad de las Am\u00e9ricas Puebla VS Universidad Veracruzana | CAMPO 1 UDLAP | Fotograf\u00edas @maragonzalez_13 \/ @Mv_ManuelVela @PueblaExpres www.pueblaexpres.com\" width=\"500\" height=\"333\" \/><\/a><script async src=\"\/\/embedr.flickr.com\/assets\/client-code.js\" charset=\"utf-8\"><\/script><\/p>\n<p><strong>LA OPINI\u00d3N EXPRESADA EN ESTA COLUMNA ES RESPONSABILIDAD DE QUIEN LA ESCRIBE Y NO BUSCA GENERAR CONFLICTOS ENTRE LOS INVOLUCRADOS, SINO GENERAR CONCIENCIA EN CADA LECTOR.<\/strong><\/p>\n","protected":false},"excerpt":{"rendered":"<p>Redacci\u00f3n | Fotograf\u00edas Mara Gonz\u00e1lez @maragonzalez_13 \/ Manuel Vela @Mv_ManuelVela | #PueblaExpres @PueblaExpres Cr\u00f3nica J01 | Campeonato Universitario Telmex Telcel (CUTT) CONADEIP | Aztecas UDLAP vs Universidad Veracruzana La Jornada 01 del TORNEO APERTURA 2022 inici\u00f3 en las instalaciones de la UDLAP Campo 1, donde Aztecas UDLAP en calidad derrota 3-1 ante su similar Universidad [&hellip;]<\/p>\n","protected":false},"author":2,"featured_media":12862,"comment_status":"open","ping_status":"open","sticky":false,"template":"","format":"standard","meta":{"footnotes":""},"categories":[8,42,166,79,13,174,171,1,7],"tags":[],"_links":{"self":[{"href":"https:\/\/pueblaexpres.com\/portal\/index.php?rest_route=\/wp\/v2\/posts\/12861"}],"collection":[{"href":"https:\/\/pueblaexpres.com\/portal\/index.php?rest_route=\/wp\/v2\/posts"}],"about":[{"href":"https:\/\/pueblaexpres.com\/portal\/index.php?rest_route=\/wp\/v2\/types\/post"}],"author":[{"embeddable":true,"href":"https:\/\/pueblaexpres.com\/portal\/index.php?rest_route=\/wp\/v2\/users\/2"}],"replies":[{"embeddable":true,"href":"https:\/\/pueblaexpres.com\/portal\/index.php?rest_route=%2Fwp%2Fv2%2Fcomments&post=12861"}],"version-history":[{"count":1,"href":"https:\/\/pueblaexpres.com\/portal\/index.php?rest_route=\/wp\/v2\/posts\/12861\/revisions"}],"predecessor-version":[{"id":12863,"href":"https:\/\/pueblaexpres.com\/portal\/index.php?rest_route=\/wp\/v2\/posts\/12861\/revisions\/12863"}],"wp:featuredmedia":[{"embeddable":true,"href":"https:\/\/pueblaexpres.com\/portal\/index.php?rest_route=\/wp\/v2\/media\/12862"}],"wp:attachment":[{"href":"https:\/\/pueblaexpres.com\/portal\/index.php?rest_route=%2Fwp%2Fv2%2Fmedia&parent=12861"}],"wp:term":[{"taxonomy":"category","embeddable":true,"href":"https:\/\/pueblaexpres.com\/portal\/index.php?rest_route=%2Fwp%2Fv2%2Fcategories&post=12861"},{"taxonomy":"post_tag","embeddable":true,"href":"https:\/\/pueblaexpres.com\/portal\/index.php?rest_route=%2Fwp%2Fv2%2Ftags&post=12861"}],"curies":[{"name":"wp","href":"https:\/\/api.w.org\/{rel}","templated":true}]}}