{"id":12602,"date":"2022-04-12T13:48:45","date_gmt":"2022-04-12T19:48:45","guid":{"rendered":"https:\/\/pueblaexpres.com\/portal\/?p=12602"},"modified":"2022-04-12T13:48:45","modified_gmt":"2022-04-12T19:48:45","slug":"liga-tdp-de-mexico-j28-g3-fc-los-angeles-vs-reales-de-puebla-fc-estadio-unidad-deportiva-mario-vazquez-rana-t2021-2022","status":"publish","type":"post","link":"https:\/\/pueblaexpres.com\/portal\/?p=12602","title":{"rendered":"[Liga TDP de M\u00e9xico \/ J28 \/ G3] FC Los \u00c1ngeles VS Reales de Puebla FC | Estadio Unidad Deportiva Mario V\u00e1zquez Ra\u00f1a | T2021-2022"},"content":{"rendered":"<div name=\"googleone_share_1\" style=\"position:relative;z-index:5;float: right; margin-left: 10px;\"><g:plusone size=\"tall\" count=\"1\" href=\"https:\/\/pueblaexpres.com\/portal\/?p=12602\"><\/g:plusone><\/div><p><a href=\"https:\/\/pueblaexpres.com\/portal\/wp-content\/uploads\/2022\/04\/IMG_0411.jpg\"><img loading=\"lazy\" decoding=\"async\" class=\"wp-image-12603 aligncenter\" src=\"https:\/\/pueblaexpres.com\/portal\/wp-content\/uploads\/2022\/04\/IMG_0411.jpg\" alt=\"\" width=\"501\" height=\"334\" srcset=\"https:\/\/pueblaexpres.com\/portal\/wp-content\/uploads\/2022\/04\/IMG_0411.jpg 799w, https:\/\/pueblaexpres.com\/portal\/wp-content\/uploads\/2022\/04\/IMG_0411-300x200.jpg 300w, https:\/\/pueblaexpres.com\/portal\/wp-content\/uploads\/2022\/04\/IMG_0411-768x512.jpg 768w, https:\/\/pueblaexpres.com\/portal\/wp-content\/uploads\/2022\/04\/IMG_0411-640x427.jpg 640w\" sizes=\"(max-width: 501px) 100vw, 501px\" \/><\/a><\/p>\n<p><strong>Redacci\u00f3n | Fotograf\u00edas Mara Gonz\u00e1lez @maragonzalez_13 \/ Manuel Vela @Mv_ManuelVela | #PueblaExpres @PueblaExpres<\/strong><\/p>\n<p><a title=\"IMG_0268 Liga TDP de M\u00e9xico \/ G3 \/ J28] FC Los \u00c1ngeles VS Reales de Puebla FC | Estadio Unidad Deportiva Mario V\u00e1zquez Ra\u00f1a | T2021-2022 | Fotograf\u00edas @Mv_ManuelVela @PueblaExpres | Edici\u00f3n y retoque www.pueblaexpres.com\" href=\"https:\/\/www.flickr.com\/photos\/manitas\/52000651234\/in\/album-72177720298063930\/\" data-flickr-embed=\"true\"><img loading=\"lazy\" decoding=\"async\" class=\"aligncenter\" src=\"https:\/\/live.staticflickr.com\/65535\/52000651234_1ca94c8a76.jpg\" alt=\"IMG_0268 Liga TDP de M\u00e9xico \/ G3 \/ J28] FC Los \u00c1ngeles VS Reales de Puebla FC | Estadio Unidad Deportiva Mario V\u00e1zquez Ra\u00f1a | T2021-2022 | Fotograf\u00edas @Mv_ManuelVela @PueblaExpres | Edici\u00f3n y retoque www.pueblaexpres.com\" width=\"500\" height=\"334\" \/><\/a><script async src=\"\/\/embedr.flickr.com\/assets\/client-code.js\" charset=\"utf-8\"><\/script><\/p>\n<p>Cr\u00f3nica | Zona A \/ Grupo 3 \/ J28 | FC Los \u00c1ngeles VS Reales de Puebla FC<\/p>\n<p>En el comienzo de la jornada veintiocho del Liga TDP de M\u00e9xico en el grupo tres, encuentro disputado en la cancha del Unidad Deportiva Mario V\u00e1zquez Ra\u00f1a.<\/p>\n<p><a title=\"IMG_0491 Liga TDP de M\u00e9xico \/ G3 \/ J28] FC Los \u00c1ngeles VS Reales de Puebla FC | Estadio Unidad Deportiva Mario V\u00e1zquez Ra\u00f1a | T2021-2022 | Fotograf\u00edas @Mv_ManuelVela @PueblaExpres | Edici\u00f3n y retoque www.pueblaexpres.com\" href=\"https:\/\/www.flickr.com\/photos\/manitas\/52000394581\/in\/album-72177720298063930\/\" data-flickr-embed=\"true\"><img loading=\"lazy\" decoding=\"async\" class=\"aligncenter\" src=\"https:\/\/live.staticflickr.com\/65535\/52000394581_92903fdfb9.jpg\" alt=\"IMG_0491 Liga TDP de M\u00e9xico \/ G3 \/ J28] FC Los \u00c1ngeles VS Reales de Puebla FC | Estadio Unidad Deportiva Mario V\u00e1zquez Ra\u00f1a | T2021-2022 | Fotograf\u00edas @Mv_ManuelVela @PueblaExpres | Edici\u00f3n y retoque www.pueblaexpres.com\" width=\"500\" height=\"333\" \/><\/a><script async src=\"\/\/embedr.flickr.com\/assets\/client-code.js\" charset=\"utf-8\"><\/script><\/p>\n<p>El duelo entre los FC Los \u00c1ngeles VS Reales de Puebla FC<\/p>\n<p>En un encuentro lleno de buen futbol FC Los \u00c1ngeles derrota por marcador de 2 goles a 1 a su similar Reales de Puebla FC<!--more--><\/p>\n<p><a title=\"IMG_0307 Liga TDP de M\u00e9xico \/ G3 \/ J28] FC Los \u00c1ngeles VS Reales de Puebla FC | Estadio Unidad Deportiva Mario V\u00e1zquez Ra\u00f1a | T2021-2022 | Fotograf\u00edas @Mv_ManuelVela @PueblaExpres | Edici\u00f3n y retoque www.pueblaexpres.com\" href=\"https:\/\/www.flickr.com\/photos\/manitas\/52000394596\/in\/album-72177720298063930\/\" data-flickr-embed=\"true\"><img loading=\"lazy\" decoding=\"async\" class=\"aligncenter\" src=\"https:\/\/live.staticflickr.com\/65535\/52000394596_64e5aa78fa.jpg\" alt=\"IMG_0307 Liga TDP de M\u00e9xico \/ G3 \/ J28] FC Los \u00c1ngeles VS Reales de Puebla FC | Estadio Unidad Deportiva Mario V\u00e1zquez Ra\u00f1a | T2021-2022 | Fotograf\u00edas @Mv_ManuelVela @PueblaExpres | Edici\u00f3n y retoque www.pueblaexpres.com\" width=\"500\" height=\"333\" \/><\/a><script async src=\"\/\/embedr.flickr.com\/assets\/client-code.js\" charset=\"utf-8\"><\/script><\/p>\n<p>Fueron los locales al minuto 21 por conducto de Andre Espinosa Jim\u00e9nez quien abri\u00f3 el marcador, minutos m\u00e1s tarde Jes\u00fas Emilio Salgado Suarez al 43. Por su parte la visita nunca dejo de pelear e ir al frente, al 89 Cesar Manuel Le\u00f3n de Anda daba n\u00fameros al marcador.<\/p>\n<p>FC Los \u00c1ngeles visitan en su siguiente encuentro a Guerreros de Tlaxcala FC.<\/p>\n<p><a title=\"IMG_0681 Liga TDP de M\u00e9xico \/ G3 \/ J28] FC Los \u00c1ngeles VS Reales de Puebla FC | Estadio Unidad Deportiva Mario V\u00e1zquez Ra\u00f1a | T2021-2022 | Fotograf\u00edas @Mv_ManuelVela @PueblaExpres | Edici\u00f3n y retoque www.pueblaexpres.com\" href=\"https:\/\/www.flickr.com\/photos\/manitas\/52000929605\/in\/album-72177720298063930\/\" data-flickr-embed=\"true\"><img loading=\"lazy\" decoding=\"async\" class=\"aligncenter\" src=\"https:\/\/live.staticflickr.com\/65535\/52000929605_97e4d3c5fb.jpg\" alt=\"IMG_0681 Liga TDP de M\u00e9xico \/ G3 \/ J28] FC Los \u00c1ngeles VS Reales de Puebla FC | Estadio Unidad Deportiva Mario V\u00e1zquez Ra\u00f1a | T2021-2022 | Fotograf\u00edas @Mv_ManuelVela @PueblaExpres | Edici\u00f3n y retoque www.pueblaexpres.com\" width=\"500\" height=\"333\" \/><\/a><script async src=\"\/\/embedr.flickr.com\/assets\/client-code.js\" charset=\"utf-8\"><\/script><\/p>\n<p>Mientras que el Reales de Puebla FC ser\u00e1 anfitri\u00f3n de los Guerreros de Puebla.<\/p>\n<p><strong>LA OPINI\u00d3N EXPRESADA EN ESTA COLUMNA ES RESPONSABILIDAD DE QUIEN LA ESCRIBE Y NO BUSCA GENERAR CONFLICTOS ENTRE LOS INVOLUCRADOS, SINO GENERAR CONCIENCIA EN CADA LECTOR.<\/strong><\/p>\n","protected":false},"excerpt":{"rendered":"<p>Redacci\u00f3n | Fotograf\u00edas Mara Gonz\u00e1lez @maragonzalez_13 \/ Manuel Vela @Mv_ManuelVela | #PueblaExpres @PueblaExpres Cr\u00f3nica | Zona A \/ Grupo 3 \/ J28 | FC Los \u00c1ngeles VS Reales de Puebla FC En el comienzo de la jornada veintiocho del Liga TDP de M\u00e9xico en el grupo tres, encuentro disputado en la cancha del Unidad Deportiva [&hellip;]<\/p>\n","protected":false},"author":2,"featured_media":12603,"comment_status":"open","ping_status":"open","sticky":false,"template":"","format":"standard","meta":{"footnotes":""},"categories":[8,42,166,13,3,171,1,7],"tags":[],"_links":{"self":[{"href":"https:\/\/pueblaexpres.com\/portal\/index.php?rest_route=\/wp\/v2\/posts\/12602"}],"collection":[{"href":"https:\/\/pueblaexpres.com\/portal\/index.php?rest_route=\/wp\/v2\/posts"}],"about":[{"href":"https:\/\/pueblaexpres.com\/portal\/index.php?rest_route=\/wp\/v2\/types\/post"}],"author":[{"embeddable":true,"href":"https:\/\/pueblaexpres.com\/portal\/index.php?rest_route=\/wp\/v2\/users\/2"}],"replies":[{"embeddable":true,"href":"https:\/\/pueblaexpres.com\/portal\/index.php?rest_route=%2Fwp%2Fv2%2Fcomments&post=12602"}],"version-history":[{"count":1,"href":"https:\/\/pueblaexpres.com\/portal\/index.php?rest_route=\/wp\/v2\/posts\/12602\/revisions"}],"predecessor-version":[{"id":12604,"href":"https:\/\/pueblaexpres.com\/portal\/index.php?rest_route=\/wp\/v2\/posts\/12602\/revisions\/12604"}],"wp:featuredmedia":[{"embeddable":true,"href":"https:\/\/pueblaexpres.com\/portal\/index.php?rest_route=\/wp\/v2\/media\/12603"}],"wp:attachment":[{"href":"https:\/\/pueblaexpres.com\/portal\/index.php?rest_route=%2Fwp%2Fv2%2Fmedia&parent=12602"}],"wp:term":[{"taxonomy":"category","embeddable":true,"href":"https:\/\/pueblaexpres.com\/portal\/index.php?rest_route=%2Fwp%2Fv2%2Fcategories&post=12602"},{"taxonomy":"post_tag","embeddable":true,"href":"https:\/\/pueblaexpres.com\/portal\/index.php?rest_route=%2Fwp%2Fv2%2Ftags&post=12602"}],"curies":[{"name":"wp","href":"https:\/\/api.w.org\/{rel}","templated":true}]}}