{"id":12583,"date":"2022-04-04T11:03:32","date_gmt":"2022-04-04T17:03:32","guid":{"rendered":"https:\/\/pueblaexpres.com\/portal\/?p=12583"},"modified":"2022-04-04T11:03:32","modified_gmt":"2022-04-04T17:03:32","slug":"liga-tdp-de-mexico-j26-g3-fc-los-angeles-vs-caballeros-de-cordoba-estadio-unidad-deportiva-mario-vazquez-rana-t2021-2022","status":"publish","type":"post","link":"https:\/\/pueblaexpres.com\/portal\/?p=12583","title":{"rendered":"[Liga TDP de M\u00e9xico \/ J26 \/ G3] FC Los \u00c1ngeles VS Caballeros de C\u00f3rdoba | Estadio Unidad Deportiva Mario V\u00e1zquez Ra\u00f1a | T2021-2022"},"content":{"rendered":"<div name=\"googleone_share_1\" style=\"position:relative;z-index:5;float: right; margin-left: 10px;\"><g:plusone size=\"tall\" count=\"1\" href=\"https:\/\/pueblaexpres.com\/portal\/?p=12583\"><\/g:plusone><\/div><p><a href=\"https:\/\/pueblaexpres.com\/portal\/wp-content\/uploads\/2022\/04\/IMG_1490.jpg\"><img loading=\"lazy\" decoding=\"async\" class=\"wp-image-12584 aligncenter\" src=\"https:\/\/pueblaexpres.com\/portal\/wp-content\/uploads\/2022\/04\/IMG_1490.jpg\" alt=\"\" width=\"495\" height=\"330\" srcset=\"https:\/\/pueblaexpres.com\/portal\/wp-content\/uploads\/2022\/04\/IMG_1490.jpg 800w, https:\/\/pueblaexpres.com\/portal\/wp-content\/uploads\/2022\/04\/IMG_1490-300x200.jpg 300w, https:\/\/pueblaexpres.com\/portal\/wp-content\/uploads\/2022\/04\/IMG_1490-768x512.jpg 768w, https:\/\/pueblaexpres.com\/portal\/wp-content\/uploads\/2022\/04\/IMG_1490-640x426.jpg 640w\" sizes=\"(max-width: 495px) 100vw, 495px\" \/><\/a><\/p>\n<p><strong>Redacci\u00f3n | Fotograf\u00edas Mara Gonz\u00e1lez @maragonzalez_13 \/ Manuel Vela @Mv_ManuelVela | #PueblaExpres @PueblaExpres<\/strong><\/p>\n<p><a title=\"IMG_1145 [Liga TDP de M\u00e9xico \/ G3 \/ J26] FC Los \u00c1ngeles VS Caballeros de C\u00f3rdoba | Estadio Unidad Deportiva Mario V\u00e1zquez Ra\u00f1a | T2021-2022 | Fotograf\u00edas @Mv_ManuelVela @PueblaExpres | Edici\u00f3n y retoque www.pueblaexpres.com\" href=\"https:\/\/www.flickr.com\/photos\/manitas\/51982484109\/in\/album-72177720297852870\/\" data-flickr-embed=\"true\"><img loading=\"lazy\" decoding=\"async\" class=\"aligncenter\" src=\"https:\/\/live.staticflickr.com\/65535\/51982484109_5f26d64020.jpg\" alt=\"IMG_1145 [Liga TDP de M\u00e9xico \/ G3 \/ J26] FC Los \u00c1ngeles VS Caballeros de C\u00f3rdoba | Estadio Unidad Deportiva Mario V\u00e1zquez Ra\u00f1a | T2021-2022 | Fotograf\u00edas @Mv_ManuelVela @PueblaExpres | Edici\u00f3n y retoque www.pueblaexpres.com\" width=\"500\" height=\"333\" \/><\/a><script async src=\"\/\/embedr.flickr.com\/assets\/client-code.js\" charset=\"utf-8\"><\/script><\/p>\n<p>Cr\u00f3nica | Zona A \/ Grupo 3 \/ J26 | FC Los \u00c1ngeles VS Caballeros de C\u00f3rdoba<\/p>\n<p>En el comienzo de la jornada veintis\u00e9is del Liga TDP de M\u00e9xico en el grupo tres, encuentro disputado en la cancha del Unidad Deportiva Mario V\u00e1zquez Ra\u00f1a.<\/p>\n<p><a title=\"IMG_1268 [Liga TDP de M\u00e9xico \/ G3 \/ J26] FC Los \u00c1ngeles VS Caballeros de C\u00f3rdoba | Estadio Unidad Deportiva Mario V\u00e1zquez Ra\u00f1a | T2021-2022 | Fotograf\u00edas @Mv_ManuelVela @PueblaExpres | Edici\u00f3n y retoque www.pueblaexpres.com\" href=\"https:\/\/www.flickr.com\/photos\/manitas\/51981198162\/in\/album-72177720297852870\/\" data-flickr-embed=\"true\"><img loading=\"lazy\" decoding=\"async\" class=\"aligncenter\" src=\"https:\/\/live.staticflickr.com\/65535\/51981198162_8f0f67a2f5.jpg\" alt=\"IMG_1268 [Liga TDP de M\u00e9xico \/ G3 \/ J26] FC Los \u00c1ngeles VS Caballeros de C\u00f3rdoba | Estadio Unidad Deportiva Mario V\u00e1zquez Ra\u00f1a | T2021-2022 | Fotograf\u00edas @Mv_ManuelVela @PueblaExpres | Edici\u00f3n y retoque www.pueblaexpres.com\" width=\"500\" height=\"333\" \/><\/a><script async src=\"\/\/embedr.flickr.com\/assets\/client-code.js\" charset=\"utf-8\"><\/script><\/p>\n<p>El duelo entre los FC Los \u00c1ngeles VS Caballeros de C\u00f3rdoba<\/p>\n<p>En un encuentro lleno de buen futbol FC Los \u00c1ngeles y Caballeros de C\u00f3rdoba repartieron puntos, fueron los locales al minuto 7 por conducto de Jaime Antonio Carbino Rivera quien abri\u00f3 el marcador, minutos m\u00e1s tarde Emmanuel Oliva G\u00f3mez al 42 anotar\u00eda para la visita, decretando el 1-1 marcador final.<!--more--><\/p>\n<p><a title=\"IMG_1445 [Liga TDP de M\u00e9xico \/ G3 \/ J26] FC Los \u00c1ngeles VS Caballeros de C\u00f3rdoba | Estadio Unidad Deportiva Mario V\u00e1zquez Ra\u00f1a | T2021-2022 | Fotograf\u00edas @Mv_ManuelVela @PueblaExpres | Edici\u00f3n y retoque www.pueblaexpres.com\" href=\"https:\/\/www.flickr.com\/photos\/manitas\/51982201796\/in\/album-72177720297852870\/\" data-flickr-embed=\"true\"><img loading=\"lazy\" decoding=\"async\" class=\"aligncenter\" src=\"https:\/\/live.staticflickr.com\/65535\/51982201796_7e7c5a6357.jpg\" alt=\"IMG_1445 [Liga TDP de M\u00e9xico \/ G3 \/ J26] FC Los \u00c1ngeles VS Caballeros de C\u00f3rdoba | Estadio Unidad Deportiva Mario V\u00e1zquez Ra\u00f1a | T2021-2022 | Fotograf\u00edas @Mv_ManuelVela @PueblaExpres | Edici\u00f3n y retoque www.pueblaexpres.com\" width=\"500\" height=\"333\" \/><\/a><script async src=\"\/\/embedr.flickr.com\/assets\/client-code.js\" charset=\"utf-8\"><\/script><\/p>\n<p>FC Los \u00c1ngeles visitan en su siguiente encuentro al Futbol Club Sozca.<\/p>\n<p>Mientras que el Club Caballeros de C\u00f3rdoba ser\u00e1 anfitri\u00f3n de los Guerreros de Puebla.<\/p>\n<p><a title=\"IMG_1608 [Liga TDP de M\u00e9xico \/ G3 \/ J26] FC Los \u00c1ngeles VS Caballeros de C\u00f3rdoba | Estadio Unidad Deportiva Mario V\u00e1zquez Ra\u00f1a | T2021-2022 | Fotograf\u00edas @Mv_ManuelVela @PueblaExpres | Edici\u00f3n y retoque www.pueblaexpres.com\" href=\"https:\/\/www.flickr.com\/photos\/manitas\/51981198062\/in\/album-72177720297852870\/\" data-flickr-embed=\"true\"><img loading=\"lazy\" decoding=\"async\" class=\"aligncenter\" src=\"https:\/\/live.staticflickr.com\/65535\/51981198062_577098ac9b.jpg\" alt=\"IMG_1608 [Liga TDP de M\u00e9xico \/ G3 \/ J26] FC Los \u00c1ngeles VS Caballeros de C\u00f3rdoba | Estadio Unidad Deportiva Mario V\u00e1zquez Ra\u00f1a | T2021-2022 | Fotograf\u00edas @Mv_ManuelVela @PueblaExpres | Edici\u00f3n y retoque www.pueblaexpres.com\" width=\"500\" height=\"333\" \/><\/a><script async src=\"\/\/embedr.flickr.com\/assets\/client-code.js\" charset=\"utf-8\"><\/script><\/p>\n<p><strong>LA OPINI\u00d3N EXPRESADA EN ESTA COLUMNA ES RESPONSABILIDAD DE QUIEN LA ESCRIBE Y NO BUSCA GENERAR CONFLICTOS ENTRE LOS INVOLUCRADOS, SINO GENERAR CONCIENCIA EN CADA LECTOR.<\/strong><\/p>\n","protected":false},"excerpt":{"rendered":"<p>Redacci\u00f3n | Fotograf\u00edas Mara Gonz\u00e1lez @maragonzalez_13 \/ Manuel Vela @Mv_ManuelVela | #PueblaExpres @PueblaExpres Cr\u00f3nica | Zona A \/ Grupo 3 \/ J26 | FC Los \u00c1ngeles VS Caballeros de C\u00f3rdoba En el comienzo de la jornada veintis\u00e9is del Liga TDP de M\u00e9xico en el grupo tres, encuentro disputado en la cancha del Unidad Deportiva Mario [&hellip;]<\/p>\n","protected":false},"author":2,"featured_media":12584,"comment_status":"open","ping_status":"open","sticky":false,"template":"","format":"standard","meta":{"footnotes":""},"categories":[8,42,79,13,3,171,1,7],"tags":[],"_links":{"self":[{"href":"https:\/\/pueblaexpres.com\/portal\/index.php?rest_route=\/wp\/v2\/posts\/12583"}],"collection":[{"href":"https:\/\/pueblaexpres.com\/portal\/index.php?rest_route=\/wp\/v2\/posts"}],"about":[{"href":"https:\/\/pueblaexpres.com\/portal\/index.php?rest_route=\/wp\/v2\/types\/post"}],"author":[{"embeddable":true,"href":"https:\/\/pueblaexpres.com\/portal\/index.php?rest_route=\/wp\/v2\/users\/2"}],"replies":[{"embeddable":true,"href":"https:\/\/pueblaexpres.com\/portal\/index.php?rest_route=%2Fwp%2Fv2%2Fcomments&post=12583"}],"version-history":[{"count":1,"href":"https:\/\/pueblaexpres.com\/portal\/index.php?rest_route=\/wp\/v2\/posts\/12583\/revisions"}],"predecessor-version":[{"id":12585,"href":"https:\/\/pueblaexpres.com\/portal\/index.php?rest_route=\/wp\/v2\/posts\/12583\/revisions\/12585"}],"wp:featuredmedia":[{"embeddable":true,"href":"https:\/\/pueblaexpres.com\/portal\/index.php?rest_route=\/wp\/v2\/media\/12584"}],"wp:attachment":[{"href":"https:\/\/pueblaexpres.com\/portal\/index.php?rest_route=%2Fwp%2Fv2%2Fmedia&parent=12583"}],"wp:term":[{"taxonomy":"category","embeddable":true,"href":"https:\/\/pueblaexpres.com\/portal\/index.php?rest_route=%2Fwp%2Fv2%2Fcategories&post=12583"},{"taxonomy":"post_tag","embeddable":true,"href":"https:\/\/pueblaexpres.com\/portal\/index.php?rest_route=%2Fwp%2Fv2%2Ftags&post=12583"}],"curies":[{"name":"wp","href":"https:\/\/api.w.org\/{rel}","templated":true}]}}