{"id":12528,"date":"2022-02-28T08:05:56","date_gmt":"2022-02-28T14:05:56","guid":{"rendered":"https:\/\/pueblaexpres.com\/portal\/?p=12528"},"modified":"2022-02-28T08:05:56","modified_gmt":"2022-02-28T14:05:56","slug":"liga-tdp-de-mexico-j21-g3-lobos-puebla-vs-guerreros-tlaxcala-fc-estadio-centro-de-formacion-lobos-buap-campo-6-t2021-2022","status":"publish","type":"post","link":"https:\/\/pueblaexpres.com\/portal\/?p=12528","title":{"rendered":"[Liga TDP de M\u00e9xico \/ J21 \/ G3] Lobos Puebla VS Guerreros Tlaxcala FC | Estadio Centro de Formaci\u00f3n Lobos BUAP Campo 6 | T2021-2022"},"content":{"rendered":"<div name=\"googleone_share_1\" style=\"position:relative;z-index:5;float: right; margin-left: 10px;\"><g:plusone size=\"tall\" count=\"1\" href=\"https:\/\/pueblaexpres.com\/portal\/?p=12528\"><\/g:plusone><\/div><p><a href=\"https:\/\/pueblaexpres.com\/portal\/wp-content\/uploads\/2022\/02\/IMG_0525.jpg\"><img loading=\"lazy\" decoding=\"async\" class=\"wp-image-12529 aligncenter\" src=\"https:\/\/pueblaexpres.com\/portal\/wp-content\/uploads\/2022\/02\/IMG_0525.jpg\" alt=\"\" width=\"501\" height=\"334\" srcset=\"https:\/\/pueblaexpres.com\/portal\/wp-content\/uploads\/2022\/02\/IMG_0525.jpg 800w, https:\/\/pueblaexpres.com\/portal\/wp-content\/uploads\/2022\/02\/IMG_0525-300x200.jpg 300w, https:\/\/pueblaexpres.com\/portal\/wp-content\/uploads\/2022\/02\/IMG_0525-768x512.jpg 768w, https:\/\/pueblaexpres.com\/portal\/wp-content\/uploads\/2022\/02\/IMG_0525-640x426.jpg 640w\" sizes=\"(max-width: 501px) 100vw, 501px\" \/><\/a><\/p>\n<p><strong>Redacci\u00f3n | Fotograf\u00edas Mara Gonz\u00e1lez @maragonzalez_13 \/ Manuel Vela @Mv_ManuelVela | #PueblaExpres @PueblaExpres<\/strong><\/p>\n<p>Cr\u00f3nica | Zona A \/ Grupo 3 \/ J21 | Lobos Puebla VS Guerreros Tlaxcala FC<\/p>\n<p><a title=\"IMG_0651 [Liga TDP de M\u00e9xico \/ G3 \/ J21] Lobos Puebla VS Guerreros Tlaxcala FC | Estadio Centro de Formaci\u00f3n Lobos BUAP Campo 6 | T2021-2022 | Fotograf\u00edas @Mv_ManuelVela @PueblaExpres | Edici\u00f3n y retoque www.pueblaexpres.com\" href=\"https:\/\/www.flickr.com\/photos\/manitas\/51909428541\/in\/dateposted-public\/\" data-flickr-embed=\"true\"><img loading=\"lazy\" decoding=\"async\" class=\"aligncenter\" src=\"https:\/\/live.staticflickr.com\/65535\/51909428541_6d059371d2.jpg\" alt=\"IMG_0651 [Liga TDP de M\u00e9xico \/ G3 \/ J21] Lobos Puebla VS Guerreros Tlaxcala FC | Estadio Centro de Formaci\u00f3n Lobos BUAP Campo 6 | T2021-2022 | Fotograf\u00edas @Mv_ManuelVela @PueblaExpres | Edici\u00f3n y retoque www.pueblaexpres.com\" width=\"500\" height=\"333\" \/><\/a><script async src=\"\/\/embedr.flickr.com\/assets\/client-code.js\" charset=\"utf-8\"><\/script><\/p>\n<p>En el comienzo de la vig\u00e9sima primera fecha del certamen de la Liga TDP de M\u00e9xico en el grupo tres, encuentro disputado en la cancha del Centro de Formaci\u00f3n Lobos BUAP Campo 6<\/p>\n<p>Se enfrentaron los Lobos Puebla VS Guerreros Tlaxcala FC.<\/p>\n<p><a title=\"IMG_0180 [Liga TDP de M\u00e9xico \/ G3 \/ J21] Lobos Puebla VS Guerreros Tlaxcala FC | Estadio Centro de Formaci\u00f3n Lobos BUAP Campo 6 | T2021-2022 | Fotograf\u00edas @Mv_ManuelVela @PueblaExpres | Edici\u00f3n y retoque www.pueblaexpres.com\" href=\"https:\/\/www.flickr.com\/photos\/manitas\/51910052370\/in\/dateposted-public\/\" data-flickr-embed=\"true\"><img loading=\"lazy\" decoding=\"async\" class=\"aligncenter\" src=\"https:\/\/live.staticflickr.com\/65535\/51910052370_118d18a19b.jpg\" alt=\"IMG_0180 [Liga TDP de M\u00e9xico \/ G3 \/ J21] Lobos Puebla VS Guerreros Tlaxcala FC | Estadio Centro de Formaci\u00f3n Lobos BUAP Campo 6 | T2021-2022 | Fotograf\u00edas @Mv_ManuelVela @PueblaExpres | Edici\u00f3n y retoque www.pueblaexpres.com\" width=\"500\" height=\"333\" \/><\/a><script async src=\"\/\/embedr.flickr.com\/assets\/client-code.js\" charset=\"utf-8\"><\/script><\/p>\n<p>Fueron los locales quienes se impusieron en el marcador y propusieron las acciones de juego, las anotaciones fueron por conducto de Sandro Reyes Hern\u00e1ndez camiseta #10 al minuto 43 y de Christopher Aar\u00f3n Mart\u00ednez Coyotl camiseta #13 a los 45 minutos del primer tiempo.<!--more--><\/p>\n<p>La escuadra visitante replanteo su esquema de juego, su timonel realizo cambios favorables a su escuadra que dieron profundidad y verticalidad.<\/p>\n<p><a title=\"IMG_0406 [Liga TDP de M\u00e9xico \/ G3 \/ J21] Lobos Puebla VS Guerreros Tlaxcala FC | Estadio Centro de Formaci\u00f3n Lobos BUAP Campo 6 | T2021-2022 | Fotograf\u00edas @Mv_ManuelVela @PueblaExpres | Edici\u00f3n y retoque www.pueblaexpres.com\" href=\"https:\/\/www.flickr.com\/photos\/manitas\/51909521963\/in\/dateposted-public\/\" data-flickr-embed=\"true\"><img loading=\"lazy\" decoding=\"async\" class=\"aligncenter\" src=\"https:\/\/live.staticflickr.com\/65535\/51909521963_b418558d9d.jpg\" alt=\"IMG_0406 [Liga TDP de M\u00e9xico \/ G3 \/ J21] Lobos Puebla VS Guerreros Tlaxcala FC | Estadio Centro de Formaci\u00f3n Lobos BUAP Campo 6 | T2021-2022 | Fotograf\u00edas @Mv_ManuelVela @PueblaExpres | Edici\u00f3n y retoque www.pueblaexpres.com\" width=\"500\" height=\"333\" \/><\/a><script async src=\"\/\/embedr.flickr.com\/assets\/client-code.js\" charset=\"utf-8\"><\/script><\/p>\n<p>Sin embargo, no hubo cambios en el marcador.<\/p>\n<p>El silbante decreto la finalizaci\u00f3n del encuentro.<\/p>\n<p><a title=\"IMG_0923 [Liga TDP de M\u00e9xico \/ G3 \/ J21] Lobos Puebla VS Guerreros Tlaxcala FC | Estadio Centro de Formaci\u00f3n Lobos BUAP Campo 6 | T2021-2022 | Fotograf\u00edas @Mv_ManuelVela @PueblaExpres | Edici\u00f3n y retoque www.pueblaexpres.com\" href=\"https:\/\/www.flickr.com\/photos\/manitas\/51909428461\/in\/dateposted-public\/\" data-flickr-embed=\"true\"><img loading=\"lazy\" decoding=\"async\" class=\"aligncenter\" src=\"https:\/\/live.staticflickr.com\/65535\/51909428461_778ce1c16a.jpg\" alt=\"IMG_0923 [Liga TDP de M\u00e9xico \/ G3 \/ J21] Lobos Puebla VS Guerreros Tlaxcala FC | Estadio Centro de Formaci\u00f3n Lobos BUAP Campo 6 | T2021-2022 | Fotograf\u00edas @Mv_ManuelVela @PueblaExpres | Edici\u00f3n y retoque www.pueblaexpres.com\" width=\"500\" height=\"333\" \/><\/a><script async src=\"\/\/embedr.flickr.com\/assets\/client-code.js\" charset=\"utf-8\"><\/script><\/p>\n<p>Lobos Puebla descansa en la jornada 22, mientras que Guerreros Tlaxcala FC ser\u00e1 anfitri\u00f3n de la Liga de Futbol de Tehuac\u00e1n.<\/p>\n<p><strong>LA OPINI\u00d3N EXPRESADA EN ESTA COLUMNA ES RESPONSABILIDAD DE QUIEN LA ESCRIBE Y NO BUSCA GENERAR CONFLICTOS ENTRE LOS INVOLUCRADOS, SINO GENERAR CONCIENCIA EN CADA LECTOR.<\/strong><\/p>\n","protected":false},"excerpt":{"rendered":"<p>Redacci\u00f3n | Fotograf\u00edas Mara Gonz\u00e1lez @maragonzalez_13 \/ Manuel Vela @Mv_ManuelVela | #PueblaExpres @PueblaExpres Cr\u00f3nica | Zona A \/ Grupo 3 \/ J21 | Lobos Puebla VS Guerreros Tlaxcala FC En el comienzo de la vig\u00e9sima primera fecha del certamen de la Liga TDP de M\u00e9xico en el grupo tres, encuentro disputado en la cancha del [&hellip;]<\/p>\n","protected":false},"author":2,"featured_media":12529,"comment_status":"open","ping_status":"open","sticky":false,"template":"","format":"standard","meta":{"footnotes":""},"categories":[8,42,166,13,3,171,1,7],"tags":[],"_links":{"self":[{"href":"https:\/\/pueblaexpres.com\/portal\/index.php?rest_route=\/wp\/v2\/posts\/12528"}],"collection":[{"href":"https:\/\/pueblaexpres.com\/portal\/index.php?rest_route=\/wp\/v2\/posts"}],"about":[{"href":"https:\/\/pueblaexpres.com\/portal\/index.php?rest_route=\/wp\/v2\/types\/post"}],"author":[{"embeddable":true,"href":"https:\/\/pueblaexpres.com\/portal\/index.php?rest_route=\/wp\/v2\/users\/2"}],"replies":[{"embeddable":true,"href":"https:\/\/pueblaexpres.com\/portal\/index.php?rest_route=%2Fwp%2Fv2%2Fcomments&post=12528"}],"version-history":[{"count":1,"href":"https:\/\/pueblaexpres.com\/portal\/index.php?rest_route=\/wp\/v2\/posts\/12528\/revisions"}],"predecessor-version":[{"id":12530,"href":"https:\/\/pueblaexpres.com\/portal\/index.php?rest_route=\/wp\/v2\/posts\/12528\/revisions\/12530"}],"wp:featuredmedia":[{"embeddable":true,"href":"https:\/\/pueblaexpres.com\/portal\/index.php?rest_route=\/wp\/v2\/media\/12529"}],"wp:attachment":[{"href":"https:\/\/pueblaexpres.com\/portal\/index.php?rest_route=%2Fwp%2Fv2%2Fmedia&parent=12528"}],"wp:term":[{"taxonomy":"category","embeddable":true,"href":"https:\/\/pueblaexpres.com\/portal\/index.php?rest_route=%2Fwp%2Fv2%2Fcategories&post=12528"},{"taxonomy":"post_tag","embeddable":true,"href":"https:\/\/pueblaexpres.com\/portal\/index.php?rest_route=%2Fwp%2Fv2%2Ftags&post=12528"}],"curies":[{"name":"wp","href":"https:\/\/api.w.org\/{rel}","templated":true}]}}