{"id":12408,"date":"2021-11-23T08:39:48","date_gmt":"2021-11-23T14:39:48","guid":{"rendered":"https:\/\/pueblaexpres.com\/portal\/?p=12408"},"modified":"2021-12-02T08:44:13","modified_gmt":"2021-12-02T14:44:13","slug":"espectaculos-el-domo-de-santa-claus-descubre-el-origen-de-la-navidad-del-4-de-dic-al-9-de-ene-explanada-complejo-cultural-universitario","status":"publish","type":"post","link":"https:\/\/pueblaexpres.com\/portal\/?p=12408","title":{"rendered":"Espect\u00e1culos] \u201cEl Domo de Santa Clau\u2019s: Descubre el Origen de la Navidad\u201d | Del 4 de DIC al 9 de ENE | Explanada Complejo Cultural Universitario"},"content":{"rendered":"<div name=\"googleone_share_1\" style=\"position:relative;z-index:5;float: right; margin-left: 10px;\"><g:plusone size=\"tall\" count=\"1\" href=\"https:\/\/pueblaexpres.com\/portal\/?p=12408\"><\/g:plusone><\/div><p><a href=\"https:\/\/pueblaexpres.com\/portal\/wp-content\/uploads\/2021\/12\/MVF_9750.jpg\"><img loading=\"lazy\" decoding=\"async\" class=\"wp-image-12409 aligncenter\" src=\"https:\/\/pueblaexpres.com\/portal\/wp-content\/uploads\/2021\/12\/MVF_9750.jpg\" alt=\"\" width=\"500\" height=\"333\" srcset=\"https:\/\/pueblaexpres.com\/portal\/wp-content\/uploads\/2021\/12\/MVF_9750.jpg 800w, https:\/\/pueblaexpres.com\/portal\/wp-content\/uploads\/2021\/12\/MVF_9750-300x200.jpg 300w, https:\/\/pueblaexpres.com\/portal\/wp-content\/uploads\/2021\/12\/MVF_9750-768x512.jpg 768w, https:\/\/pueblaexpres.com\/portal\/wp-content\/uploads\/2021\/12\/MVF_9750-640x426.jpg 640w\" sizes=\"(max-width: 500px) 100vw, 500px\" \/><\/a><\/p>\n<p><strong>Redacci\u00f3n LCC. Carlos Linares Mendoza | Fotograf\u00edas Mara Gonz\u00e1lez @maragonzalez_13 \/ Axel Petlacalco @petlacalco7 \/ Manuel Vela @Mv_ManuelVela | #PueblaExpres @PueblaExpres<\/strong><\/p>\n<p>En conferencia de prensa se anunci\u00f3 de manera oficial \u201cEl Domo de Santa Clau\u00b4s: Descubre el Origen de la Navidad\u201d, espect\u00e1culo musical que llegar\u00e1 a la Explanada del CCU de Puebla, del 4 de diciembre al 9 de enero, con precios accesibles.<\/p>\n<p>Siguiendo todos los protocolos necesarios, los organizadores: Miguel \u00c1ngel Vald\u00e9s (Producci\u00f3n), Miguel Barroso (Director Art\u00edstico), Gabriela C\u00f3rdoba (Producci\u00f3n) y Fabiola O. Monts (Coordinaci\u00f3n Art\u00edstica), confirmaron que el espect\u00e1culo comenzar\u00e1 del 4 de diciembre y ser\u00e1 un d\u00eda antes, (el viernes 3 de diciembre), cuando se ofrezca una funci\u00f3n para medios de comunicaci\u00f3n, ni\u00f1os de fundaciones, as\u00ed como invitados especiales, como arranque de temporada.<\/p>\n<p><a title=\"MVF_9632 [Espect\u00e1culos] \u201cEl Domo de Santa Clau\u2019s: Descubre el Origen de la Navidad\u201d | Del 4 de DIC al 9 de ENE | Explanada Complejo Cultural Universitario Fotograf\u00edas @Mv_ManuelVela @PueblaExpres | Edici\u00f3n y retoque www.pueblaexpres.com\" href=\"https:\/\/www.flickr.com\/photos\/manitas\/51720152544\/in\/album-72157720198065729\/\" data-flickr-embed=\"true\"><img loading=\"lazy\" decoding=\"async\" class=\"aligncenter\" src=\"https:\/\/live.staticflickr.com\/65535\/51720152544_434100b4b4.jpg\" alt=\"MVF_9632 [Espect\u00e1culos] \u201cEl Domo de Santa Clau\u2019s: Descubre el Origen de la Navidad\u201d | Del 4 de DIC al 9 de ENE | Explanada Complejo Cultural Universitario Fotograf\u00edas @Mv_ManuelVela @PueblaExpres | Edici\u00f3n y retoque www.pueblaexpres.com\" width=\"500\" height=\"333\" \/><\/a><script async src=\"\/\/embedr.flickr.com\/assets\/client-code.js\" charset=\"utf-8\"><\/script><\/p>\n<p>\u201cEl mundo ha cambiado y m\u00e1s que nunca, el amor y la fe, marcar\u00e1n la diferencia en la reconstrucci\u00f3n de los sue\u00f1os y la recuperaci\u00f3n de la esperanza, as\u00ed es como -El Domo de Santa Clau\u00b4s-, ser\u00e1 un espacio navide\u00f1o donde har\u00e1 que se olviden los problemas que hemos estado viviendo a causa de la pandemia del Covid-19\u201d, mencion\u00f3 Carlos Linares Mendoza (Relaciones P\u00fablicas).<!--more--><\/p>\n<p>Por su parte el empresario comparti\u00f3 \u201cCon funciones de lunes a domingo, la Explanada del CCU, se llenar\u00e1 de magia del 4 de diciembre al 9 de enero, con un enorme DOMO de 25 metros de ancho, por 45 metros de fondo y una altura de 7 metros, donde se llevar\u00e1 a cabo el espect\u00e1culo musical navide\u00f1o, que conquistar\u00e1 a chicos y grandes en esta temporada decembrina\u201d, coment\u00f3 Miguel \u00c1ngel Vald\u00e9s (Producci\u00f3n).<\/p>\n<p>\u201cEl Domo de Santa Clau\u00b4s: Descubre el Origen de la Navidad\u201d, buscan la integraci\u00f3n familiar. Es un evento con causa, para la funci\u00f3n de prensa, el show lo podr\u00e1n disfrutar ni\u00f1os y personas de diferentes fundaciones; el 3 de diciembre es el \u201cD\u00eda de la Discapacidad\u201d, y tambi\u00e9n habr\u00e1 ni\u00f1os del CRIT Puebla, presentes para gozar la magia de este show \u00fanico que ning\u00fan poblano se debe perder.<\/p>\n<p><a title=\"MVF_9641 [Espect\u00e1culos] \u201cEl Domo de Santa Clau\u2019s: Descubre el Origen de la Navidad\u201d | Del 4 de DIC al 9 de ENE | Explanada Complejo Cultural Universitario Fotograf\u00edas @Mv_ManuelVela @PueblaExpres | Edici\u00f3n y retoque www.pueblaexpres.com\" href=\"https:\/\/www.flickr.com\/photos\/manitas\/51719491656\/in\/album-72157720198065729\/\" data-flickr-embed=\"true\"><img loading=\"lazy\" decoding=\"async\" class=\"aligncenter\" src=\"https:\/\/live.staticflickr.com\/65535\/51719491656_bf4bf6d57f.jpg\" alt=\"MVF_9641 [Espect\u00e1culos] \u201cEl Domo de Santa Clau\u2019s: Descubre el Origen de la Navidad\u201d | Del 4 de DIC al 9 de ENE | Explanada Complejo Cultural Universitario Fotograf\u00edas @Mv_ManuelVela @PueblaExpres | Edici\u00f3n y retoque www.pueblaexpres.com\" width=\"500\" height=\"333\" \/><\/a><script async src=\"\/\/embedr.flickr.com\/assets\/client-code.js\" charset=\"utf-8\"><\/script><\/p>\n<p>\u201cNosotros estamos abiertos a todas las posibilidades, si ustedes conocen alguna fundaci\u00f3n u organizaci\u00f3n que desee involucrarse en este proyecto, nos lo pueden hacer saber\u201d, Gabriela C\u00f3rdoba (Producci\u00f3n).<\/p>\n<p>Un show con una historia y canciones \u00fanicas, \u201cDentro de -El Domo de Santa Clau\u00b4s-, se vivir\u00e1 un espect\u00e1culo musical navide\u00f1o que conjuga: circo, danza, canto y teatro, llamado -Descubre el Origen de la Navidad- \u201c, agreg\u00f3 Fabiola O. Monts.<\/p>\n<p>M\u00e1s de veinte artistas en escena, m\u00fasica, actos de circo, coreograf\u00edas originales y temas navide\u00f1os in\u00e9ditos, ser\u00e1 un poco del espect\u00e1culo que los poblanos podr\u00e1n disfrutar en \u201cEl Domo de Santa Clau\u00b4s; Descubre el Origen de la Navidad\u201d.<\/p>\n<p><a title=\"MVF_9683 [Espect\u00e1culos] \u201cEl Domo de Santa Clau\u2019s: Descubre el Origen de la Navidad\u201d | Del 4 de DIC al 9 de ENE | Explanada Complejo Cultural Universitario Fotograf\u00edas @Mv_ManuelVela @PueblaExpres | Edici\u00f3n y retoque www.pueblaexpres.com\" href=\"https:\/\/www.flickr.com\/photos\/manitas\/51719748488\/in\/album-72157720198065729\/\" data-flickr-embed=\"true\"><img loading=\"lazy\" decoding=\"async\" class=\"aligncenter\" src=\"https:\/\/live.staticflickr.com\/65535\/51719748488_c7f9180831.jpg\" alt=\"MVF_9683 [Espect\u00e1culos] \u201cEl Domo de Santa Clau\u2019s: Descubre el Origen de la Navidad\u201d | Del 4 de DIC al 9 de ENE | Explanada Complejo Cultural Universitario Fotograf\u00edas @Mv_ManuelVela @PueblaExpres | Edici\u00f3n y retoque www.pueblaexpres.com\" width=\"500\" height=\"334\" \/><\/a><script async src=\"\/\/embedr.flickr.com\/assets\/client-code.js\" charset=\"utf-8\"><\/script><\/p>\n<p>\u201cEs un espect\u00e1culo interdisciplinario, hay artistas de circo, actores, bailarines, cantantes y actos de magia, es un espect\u00e1culo familiar. Adem\u00e1s, las canciones que se cantar\u00e1n son doce temas in\u00e9ditos especiales para este show. No es una pastorela, no es un desfile, es un espect\u00e1culo que los llevar\u00e1 a vivir una experiencia\u201d, concluy\u00f3 Miguel Barroso (Director Art\u00edstico).<\/p>\n<p>Se contar\u00e1 con estacionamiento gratuito, \u00e1rea de comida, personal de seguridad, se tendr\u00e1n todos los protocolos de limpieza y habr\u00e1 sanitizaci\u00f3n entre cada funci\u00f3n, para mayor seguridad de los asistentes.<\/p>\n<p><strong>Funciones: Lunes a Jueves de 18:00hrs y 20:00hrs; Viernes, S\u00e1bado y Domingo: 16:00hrs, 18:00hrs y 20:00hrs. La venta de boletos ya comenz\u00f3, a trav\u00e9s del sistema de boletaje: www.superboletos.com \/ Costos: General $150, Preferente $250 y VIP $450 pesos.<\/strong><\/p>\n<p><a title=\"MVF_9746 [Espect\u00e1culos] \u201cEl Domo de Santa Clau\u2019s: Descubre el Origen de la Navidad\u201d | Del 4 de DIC al 9 de ENE | Explanada Complejo Cultural Universitario Fotograf\u00edas @Mv_ManuelVela @PueblaExpres | Edici\u00f3n y retoque www.pueblaexpres.com\" href=\"https:\/\/www.flickr.com\/photos\/manitas\/51719748393\/in\/album-72157720198065729\/\" data-flickr-embed=\"true\"><img loading=\"lazy\" decoding=\"async\" class=\"aligncenter\" src=\"https:\/\/live.staticflickr.com\/65535\/51719748393_0503d4cc52.jpg\" alt=\"MVF_9746 [Espect\u00e1culos] \u201cEl Domo de Santa Clau\u2019s: Descubre el Origen de la Navidad\u201d | Del 4 de DIC al 9 de ENE | Explanada Complejo Cultural Universitario Fotograf\u00edas @Mv_ManuelVela @PueblaExpres | Edici\u00f3n y retoque www.pueblaexpres.com\" width=\"500\" height=\"334\" \/><\/a><script async src=\"\/\/embedr.flickr.com\/assets\/client-code.js\" charset=\"utf-8\"><\/script><\/p>\n<p>Cabe se\u00f1alar que \u201cEl Domo Santa Clau\u00b4s: Descubre el Origen de la Navidad\u201d, busca la integraci\u00f3n familiar y social, en tiempos dif\u00edciles por pandemia, donde en muchos hogares mexicanos habr\u00e1 una silla vac\u00eda; el \u00fanico prop\u00f3sito de este espect\u00e1culo musical, es regresar el esp\u00edritu de la Navidad a los corazones de todos los poblanos que asistan a disfrutarlo.<\/p>\n<p>Amigo lector le pedimos contin\u00fae al pendiente de nuestras redes sociales y nuestro portal en la secci\u00f3n ESPECT\u00c1CULOS, ya que en el encontrar\u00e1 los mejores eventos\u2026<\/p>\n<p><strong>LA OPINI\u00d3N EXPRESADA EN ESTA COLUMNA ES RESPONSABILIDAD DE QUIEN LA ESCRIBE Y NO BUSCA GENERAR CONFLICTOS ENTRE LOS INVOLUCRADOS, SINO GENERAR CONCIENCIA EN CADA LECTOR.<\/strong><\/p>\n","protected":false},"excerpt":{"rendered":"<p>Redacci\u00f3n LCC. Carlos Linares Mendoza | Fotograf\u00edas Mara Gonz\u00e1lez @maragonzalez_13 \/ Axel Petlacalco @petlacalco7 \/ Manuel Vela @Mv_ManuelVela | #PueblaExpres @PueblaExpres En conferencia de prensa se anunci\u00f3 de manera oficial \u201cEl Domo de Santa Clau\u00b4s: Descubre el Origen de la Navidad\u201d, espect\u00e1culo musical que llegar\u00e1 a la Explanada del CCU de Puebla, del 4 de [&hellip;]<\/p>\n","protected":false},"author":2,"featured_media":0,"comment_status":"open","ping_status":"open","sticky":false,"template":"","format":"standard","meta":{"footnotes":""},"categories":[8,42,166,170,171,1,7],"tags":[],"_links":{"self":[{"href":"https:\/\/pueblaexpres.com\/portal\/index.php?rest_route=\/wp\/v2\/posts\/12408"}],"collection":[{"href":"https:\/\/pueblaexpres.com\/portal\/index.php?rest_route=\/wp\/v2\/posts"}],"about":[{"href":"https:\/\/pueblaexpres.com\/portal\/index.php?rest_route=\/wp\/v2\/types\/post"}],"author":[{"embeddable":true,"href":"https:\/\/pueblaexpres.com\/portal\/index.php?rest_route=\/wp\/v2\/users\/2"}],"replies":[{"embeddable":true,"href":"https:\/\/pueblaexpres.com\/portal\/index.php?rest_route=%2Fwp%2Fv2%2Fcomments&post=12408"}],"version-history":[{"count":1,"href":"https:\/\/pueblaexpres.com\/portal\/index.php?rest_route=\/wp\/v2\/posts\/12408\/revisions"}],"predecessor-version":[{"id":12410,"href":"https:\/\/pueblaexpres.com\/portal\/index.php?rest_route=\/wp\/v2\/posts\/12408\/revisions\/12410"}],"wp:attachment":[{"href":"https:\/\/pueblaexpres.com\/portal\/index.php?rest_route=%2Fwp%2Fv2%2Fmedia&parent=12408"}],"wp:term":[{"taxonomy":"category","embeddable":true,"href":"https:\/\/pueblaexpres.com\/portal\/index.php?rest_route=%2Fwp%2Fv2%2Fcategories&post=12408"},{"taxonomy":"post_tag","embeddable":true,"href":"https:\/\/pueblaexpres.com\/portal\/index.php?rest_route=%2Fwp%2Fv2%2Ftags&post=12408"}],"curies":[{"name":"wp","href":"https:\/\/api.w.org\/{rel}","templated":true}]}}