{"id":12362,"date":"2021-11-04T19:09:21","date_gmt":"2021-11-05T01:09:21","guid":{"rendered":"https:\/\/pueblaexpres.com\/portal\/?p=12362"},"modified":"2021-11-04T19:09:21","modified_gmt":"2021-11-05T01:09:21","slug":"torneo-apertura-temporada-2021-2022-liga-15-coyotes-de-tlaxcala-fc-vs-cancun-fc-estadio-tlahuicole-liga-de-expansion-mx","status":"publish","type":"post","link":"https:\/\/pueblaexpres.com\/portal\/?p=12362","title":{"rendered":"[Torneo Apertura \/ TEMPORADA 2021-2022 \/ LIGA 15] Coyotes de Tlaxcala FC vs Canc\u00fan FC | Estadio Tlahuicole | Liga de Expansi\u00f3n MX"},"content":{"rendered":"<div name=\"googleone_share_1\" style=\"position:relative;z-index:5;float: right; margin-left: 10px;\"><g:plusone size=\"tall\" count=\"1\" href=\"https:\/\/pueblaexpres.com\/portal\/?p=12362\"><\/g:plusone><\/div><p><a href=\"https:\/\/pueblaexpres.com\/portal\/wp-content\/uploads\/2021\/11\/MVF_9904.jpg\"><img loading=\"lazy\" decoding=\"async\" class=\"wp-image-12363 aligncenter\" src=\"https:\/\/pueblaexpres.com\/portal\/wp-content\/uploads\/2021\/11\/MVF_9904.jpg\" alt=\"\" width=\"507\" height=\"338\" srcset=\"https:\/\/pueblaexpres.com\/portal\/wp-content\/uploads\/2021\/11\/MVF_9904.jpg 800w, https:\/\/pueblaexpres.com\/portal\/wp-content\/uploads\/2021\/11\/MVF_9904-300x200.jpg 300w, https:\/\/pueblaexpres.com\/portal\/wp-content\/uploads\/2021\/11\/MVF_9904-768x512.jpg 768w, https:\/\/pueblaexpres.com\/portal\/wp-content\/uploads\/2021\/11\/MVF_9904-640x426.jpg 640w\" sizes=\"(max-width: 507px) 100vw, 507px\" \/><\/a><\/p>\n<p><strong>Redacci\u00f3n | Fotograf\u00edas Mara Gonz\u00e1lez @maragonzalez_13 \/ @petlacalco7 \/ @Mv_ManuelVela | #PueblaExpres @PueblaExpres<\/strong><\/p>\n<p>Cr\u00f3nica | Jornada 15 LIGA | Coyotes de Tlaxcala FC vs Canc\u00fan FC | Liga de Expansi\u00f3n MX<\/p>\n<p><a title=\"_MG_0490 [Torneo Apertura \/ TEMPORADA 2021-2022 \/ LIGA 15] Coyotes de Tlaxcala FC vs Canc\u00fan FC | Estadio Tlahuicole | Liga de Expansi\u00f3n MX | Fotograf\u00edas @maragonzalez_13 \/ @petlacalco7 @PueblaExpres | Edici\u00f3n y retoque www.pueblaexpres.com\" href=\"https:\/\/www.flickr.com\/photos\/manitas\/51654620727\/in\/album-72157720107553249\/\" data-flickr-embed=\"true\"><img loading=\"lazy\" decoding=\"async\" class=\"aligncenter\" src=\"https:\/\/live.staticflickr.com\/65535\/51654620727_695a6f9c2f.jpg\" alt=\"_MG_0490 [Torneo Apertura \/ TEMPORADA 2021-2022 \/ LIGA 15] Coyotes de Tlaxcala FC vs Canc\u00fan FC | Estadio Tlahuicole | Liga de Expansi\u00f3n MX | Fotograf\u00edas @maragonzalez_13 \/ @petlacalco7 @PueblaExpres | Edici\u00f3n y retoque www.pueblaexpres.com\" width=\"500\" height=\"333\" \/><\/a><script async src=\"\/\/embedr.flickr.com\/assets\/client-code.js\" charset=\"utf-8\"><\/script><\/p>\n<p>Partido redondo por parte de Tlaxcala FC para imponerse a Canc\u00fan FC en duelo definitivo en sus aspiraciones de Fase Final.<\/p>\n<p>Un contundente 3-1 de los Coyotes los impuls\u00f3 y de momento pasan del sitio 16 al 11 de la Tabla General.<\/p>\n<p><a title=\"IMG_0370 [Torneo Apertura \/ TEMPORADA 2021-2022 \/ LIGA 15] Coyotes de Tlaxcala FC vs Canc\u00fan FC | Estadio Tlahuicole | Liga de Expansi\u00f3n MX | Fotograf\u00edas @maragonzalez_13 \/ @petlacalco7 @PueblaExpres | Edici\u00f3n y retoque www.pueblaexpres.com\" href=\"https:\/\/www.flickr.com\/photos\/manitas\/51656291505\/in\/album-72157720107553249\/\" data-flickr-embed=\"true\"><img loading=\"lazy\" decoding=\"async\" class=\"aligncenter\" src=\"https:\/\/live.staticflickr.com\/65535\/51656291505_bb54e89ab7.jpg\" alt=\"IMG_0370 [Torneo Apertura \/ TEMPORADA 2021-2022 \/ LIGA 15] Coyotes de Tlaxcala FC vs Canc\u00fan FC | Estadio Tlahuicole | Liga de Expansi\u00f3n MX | Fotograf\u00edas @maragonzalez_13 \/ @petlacalco7 @PueblaExpres | Edici\u00f3n y retoque www.pueblaexpres.com\" width=\"500\" height=\"334\" \/><\/a><script async src=\"\/\/embedr.flickr.com\/assets\/client-code.js\" charset=\"utf-8\"><\/script><\/p>\n<p>Tras un primer tiempo donde la porter\u00eda se neg\u00f3 a recibir el bal\u00f3n, Ignacio Lago sali\u00f3 inspirado al complemento para marcar par de tantos.<\/p>\n<p>Primero con un remate de cabeza colocado a segundo poste.<\/p>\n<p><a title=\"IMG_0521 [Torneo Apertura \/ TEMPORADA 2021-2022 \/ LIGA 15] Coyotes de Tlaxcala FC vs Canc\u00fan FC | Estadio Tlahuicole | Liga de Expansi\u00f3n MX | Fotograf\u00edas @maragonzalez_13 \/ @petlacalco7 @PueblaExpres | Edici\u00f3n y retoque www.pueblaexpres.com\" href=\"https:\/\/www.flickr.com\/photos\/manitas\/51656102069\/in\/album-72157720107553249\/\" data-flickr-embed=\"true\"><img loading=\"lazy\" decoding=\"async\" class=\"aligncenter\" src=\"https:\/\/live.staticflickr.com\/65535\/51656102069_0b5119f537.jpg\" alt=\"IMG_0521 [Torneo Apertura \/ TEMPORADA 2021-2022 \/ LIGA 15] Coyotes de Tlaxcala FC vs Canc\u00fan FC | Estadio Tlahuicole | Liga de Expansi\u00f3n MX | Fotograf\u00edas @maragonzalez_13 \/ @petlacalco7 @PueblaExpres | Edici\u00f3n y retoque www.pueblaexpres.com\" width=\"500\" height=\"333\" \/><\/a><script async src=\"\/\/embedr.flickr.com\/assets\/client-code.js\" charset=\"utf-8\"><\/script><\/p>\n<p>Minutos m\u00e1s tarde, conect\u00f3 en par de ocasiones en el \u00e1rea, luego de una incre\u00edble atajada de Cristian Campestrini.<!--more--><\/p>\n<p>El descuento de los de la \u201cOla\u201d se dio desde los 11 pasos, Igor Neves, cobr\u00f3 la pena m\u00e1xima luego de una mano de Oswaldo Le\u00f3n, infracci\u00f3n que le cost\u00f3 la expulsi\u00f3n.<\/p>\n<p><a title=\"MVF_9843 [Torneo Apertura \/ TEMPORADA 2021-2022 \/ LIGA 15] Coyotes de Tlaxcala FC vs Canc\u00fan FC | Estadio Tlahuicole | Liga de Expansi\u00f3n MX | Fotograf\u00edas @maragonzalez_13 \/ @petlacalco7 @PueblaExpres | Edici\u00f3n y retoque www.pueblaexpres.com\" href=\"https:\/\/www.flickr.com\/photos\/manitas\/51654620392\/in\/album-72157720107553249\/\" data-flickr-embed=\"true\"><img loading=\"lazy\" decoding=\"async\" class=\"aligncenter\" src=\"https:\/\/live.staticflickr.com\/65535\/51654620392_b8a6fe116e.jpg\" alt=\"MVF_9843 [Torneo Apertura \/ TEMPORADA 2021-2022 \/ LIGA 15] Coyotes de Tlaxcala FC vs Canc\u00fan FC | Estadio Tlahuicole | Liga de Expansi\u00f3n MX | Fotograf\u00edas @maragonzalez_13 \/ @petlacalco7 @PueblaExpres | Edici\u00f3n y retoque www.pueblaexpres.com\" width=\"500\" height=\"333\" \/><\/a><script async src=\"\/\/embedr.flickr.com\/assets\/client-code.js\" charset=\"utf-8\"><\/script><\/p>\n<p>Fue en el minuto 88 cuando los dirigidos por Ra\u00fal Torres Serv\u00edn sellaron su gran actuaci\u00f3n con una buena pared entre Juan Jos\u00e9 Miguel y Lago, la cual defini\u00f3 el dorsal 8 de los Coyotes.<\/p>\n<p>Con la victoria, Tlaxcala llega a 16 puntos y es d\u00e9cimo primero de la clasificaci\u00f3n, a espera del resto de la Jornada 15 del #GritaM\u00e9xicoA21 de la LIGA BBVA Expansi\u00f3n MX; mientras, Canc\u00fan FC baja del puesto 12 al 13 con 15 unidades.<\/p>\n<p><a title=\"IMG_0328 [Torneo Apertura \/ TEMPORADA 2021-2022 \/ LIGA 15] Coyotes de Tlaxcala FC vs Canc\u00fan FC | Estadio Tlahuicole | Liga de Expansi\u00f3n MX | Fotograf\u00edas @maragonzalez_13 \/ @petlacalco7 @PueblaExpres | Edici\u00f3n y retoque www.pueblaexpres.com\" href=\"https:\/\/www.flickr.com\/photos\/manitas\/51656102229\/in\/album-72157720107553249\/\" data-flickr-embed=\"true\"><img loading=\"lazy\" decoding=\"async\" class=\"aligncenter\" src=\"https:\/\/live.staticflickr.com\/65535\/51656102229_db56e9c7b8.jpg\" alt=\"IMG_0328 [Torneo Apertura \/ TEMPORADA 2021-2022 \/ LIGA 15] Coyotes de Tlaxcala FC vs Canc\u00fan FC | Estadio Tlahuicole | Liga de Expansi\u00f3n MX | Fotograf\u00edas @maragonzalez_13 \/ @petlacalco7 @PueblaExpres | Edici\u00f3n y retoque www.pueblaexpres.com\" width=\"500\" height=\"333\" \/><\/a><script async src=\"\/\/embedr.flickr.com\/assets\/client-code.js\" charset=\"utf-8\"><\/script><\/p>\n<p>En la fecha 16, los Coyotes visitar\u00e1n al Atl\u00e9tico Morelia y Canc\u00fan ser\u00e1 local frente a Alebrijes de Oaxaca.<\/p>\n<p><strong>LA OPINI\u00d3N EXPRESADA EN ESTA COLUMNA ES RESPONSABILIDAD DE QUIEN LA ESCRIBE Y NO BUSCA GENERAR CONFLICTOS ENTRE LOS INVOLUCRADOS, SINO GENERAR CONCIENCIA EN CADA LECTOR.<\/strong><\/p>\n","protected":false},"excerpt":{"rendered":"<p>Redacci\u00f3n | Fotograf\u00edas Mara Gonz\u00e1lez @maragonzalez_13 \/ @petlacalco7 \/ @Mv_ManuelVela | #PueblaExpres @PueblaExpres Cr\u00f3nica | Jornada 15 LIGA | Coyotes de Tlaxcala FC vs Canc\u00fan FC | Liga de Expansi\u00f3n MX Partido redondo por parte de Tlaxcala FC para imponerse a Canc\u00fan FC en duelo definitivo en sus aspiraciones de Fase Final. Un contundente 3-1 [&hellip;]<\/p>\n","protected":false},"author":2,"featured_media":12363,"comment_status":"open","ping_status":"open","sticky":false,"template":"","format":"standard","meta":{"footnotes":""},"categories":[8,42,166,13,3,171,1,7],"tags":[],"_links":{"self":[{"href":"https:\/\/pueblaexpres.com\/portal\/index.php?rest_route=\/wp\/v2\/posts\/12362"}],"collection":[{"href":"https:\/\/pueblaexpres.com\/portal\/index.php?rest_route=\/wp\/v2\/posts"}],"about":[{"href":"https:\/\/pueblaexpres.com\/portal\/index.php?rest_route=\/wp\/v2\/types\/post"}],"author":[{"embeddable":true,"href":"https:\/\/pueblaexpres.com\/portal\/index.php?rest_route=\/wp\/v2\/users\/2"}],"replies":[{"embeddable":true,"href":"https:\/\/pueblaexpres.com\/portal\/index.php?rest_route=%2Fwp%2Fv2%2Fcomments&post=12362"}],"version-history":[{"count":1,"href":"https:\/\/pueblaexpres.com\/portal\/index.php?rest_route=\/wp\/v2\/posts\/12362\/revisions"}],"predecessor-version":[{"id":12364,"href":"https:\/\/pueblaexpres.com\/portal\/index.php?rest_route=\/wp\/v2\/posts\/12362\/revisions\/12364"}],"wp:featuredmedia":[{"embeddable":true,"href":"https:\/\/pueblaexpres.com\/portal\/index.php?rest_route=\/wp\/v2\/media\/12363"}],"wp:attachment":[{"href":"https:\/\/pueblaexpres.com\/portal\/index.php?rest_route=%2Fwp%2Fv2%2Fmedia&parent=12362"}],"wp:term":[{"taxonomy":"category","embeddable":true,"href":"https:\/\/pueblaexpres.com\/portal\/index.php?rest_route=%2Fwp%2Fv2%2Fcategories&post=12362"},{"taxonomy":"post_tag","embeddable":true,"href":"https:\/\/pueblaexpres.com\/portal\/index.php?rest_route=%2Fwp%2Fv2%2Ftags&post=12362"}],"curies":[{"name":"wp","href":"https:\/\/api.w.org\/{rel}","templated":true}]}}