{"id":12337,"date":"2021-10-25T14:50:55","date_gmt":"2021-10-25T20:50:55","guid":{"rendered":"https:\/\/pueblaexpres.com\/portal\/?p=12337"},"modified":"2021-10-25T14:50:55","modified_gmt":"2021-10-25T20:50:55","slug":"torneo-de-apertura-temporada-2021-2022-liga-j14-categoria-sub-18-club-puebla-vs-mazatlan-fc-estadio-club-alpha-3-xonaca","status":"publish","type":"post","link":"https:\/\/pueblaexpres.com\/portal\/?p=12337","title":{"rendered":"[TORNEO DE APERTURA \/ TEMPORADA 2021-2022 \/ LIGA J14] Categor\u00eda SUB 18 | Club Puebla vs Mazatl\u00e1n FC | Estadio Club Alpha 3 Xonaca"},"content":{"rendered":"<div name=\"googleone_share_1\" style=\"position:relative;z-index:5;float: right; margin-left: 10px;\"><g:plusone size=\"tall\" count=\"1\" href=\"https:\/\/pueblaexpres.com\/portal\/?p=12337\"><\/g:plusone><\/div><p><a href=\"https:\/\/pueblaexpres.com\/portal\/wp-content\/uploads\/2021\/10\/IMG_1433.jpg\"><img loading=\"lazy\" decoding=\"async\" class=\"wp-image-12338 aligncenter\" src=\"https:\/\/pueblaexpres.com\/portal\/wp-content\/uploads\/2021\/10\/IMG_1433.jpg\" alt=\"\" width=\"500\" height=\"333\" srcset=\"https:\/\/pueblaexpres.com\/portal\/wp-content\/uploads\/2021\/10\/IMG_1433.jpg 800w, https:\/\/pueblaexpres.com\/portal\/wp-content\/uploads\/2021\/10\/IMG_1433-300x200.jpg 300w, https:\/\/pueblaexpres.com\/portal\/wp-content\/uploads\/2021\/10\/IMG_1433-768x512.jpg 768w, https:\/\/pueblaexpres.com\/portal\/wp-content\/uploads\/2021\/10\/IMG_1433-640x426.jpg 640w\" sizes=\"(max-width: 500px) 100vw, 500px\" \/><\/a><\/p>\n<p><strong>Redacci\u00f3n | Fotograf\u00edas Mara Gonz\u00e1lez @maragonzalez_13 \/ Axel Petlacalco @petlacalco7 \/ Manuel Vela @Mv_ManuelVela | #PueblaExpres @PueblaExpres<\/strong><\/p>\n<p><a title=\"MVF_3378 [TORNEO DE APERTURA \/ TEMPORADA 2021-2022 \/ LIGA J14] Categor\u00eda SUB 18 | Club Puebla vs Mazatl\u00e1n FC | Estadio Club Alpha 3 Xonaca | Im\u00e1genes @maragonzalez_13 \/ @petlacalco7 \/ @Mv_ManuelVela @PueblaExpres www.pueblaexpres.com\" href=\"https:\/\/www.flickr.com\/photos\/manitas\/51628078067\/in\/album-72157720068050608\/\" data-flickr-embed=\"true\"><img loading=\"lazy\" decoding=\"async\" class=\"aligncenter\" src=\"https:\/\/live.staticflickr.com\/65535\/51628078067_b72ce294de.jpg\" alt=\"MVF_3378 [TORNEO DE APERTURA \/ TEMPORADA 2021-2022 \/ LIGA J14] Categor\u00eda SUB 18 | Club Puebla vs Mazatl\u00e1n FC | Estadio Club Alpha 3 Xonaca | Im\u00e1genes @maragonzalez_13 \/ @petlacalco7 \/ @Mv_ManuelVela @PueblaExpres www.pueblaexpres.com\" width=\"500\" height=\"333\" \/><\/a><script async src=\"\/\/embedr.flickr.com\/assets\/client-code.js\" charset=\"utf-8\"><\/script><\/p>\n<p>Cr\u00f3nica J14 | Categor\u00eda SUB 18 | Club Puebla vs Mazatl\u00e1n FC<\/p>\n<p>Los representativos de la categor\u00eda sub 18 del Club Puebla y Mazatl\u00e1n FC protagonizaron un magnifico encuentro dentro del marco de la jornada 14 del #GritaM\u00e9xicoA21.<\/p>\n<p><a title=\"MVF_4213 [TORNEO DE APERTURA \/ TEMPORADA 2021-2022 \/ LIGA J14] Categor\u00eda SUB 18 | Club Puebla vs Mazatl\u00e1n FC | Estadio Club Alpha 3 Xonaca | Im\u00e1genes @maragonzalez_13 \/ @petlacalco7 \/ @Mv_ManuelVela @PueblaExpres www.pueblaexpres.com\" href=\"https:\/\/www.flickr.com\/photos\/manitas\/51629555429\/in\/album-72157720068050608\/\" data-flickr-embed=\"true\"><img loading=\"lazy\" decoding=\"async\" class=\"aligncenter\" src=\"https:\/\/live.staticflickr.com\/65535\/51629555429_027f0e4480.jpg\" alt=\"MVF_4213 [TORNEO DE APERTURA \/ TEMPORADA 2021-2022 \/ LIGA J14] Categor\u00eda SUB 18 | Club Puebla vs Mazatl\u00e1n FC | Estadio Club Alpha 3 Xonaca | Im\u00e1genes @maragonzalez_13 \/ @petlacalco7 \/ @Mv_ManuelVela @PueblaExpres www.pueblaexpres.com\" width=\"500\" height=\"334\" \/><\/a><script async src=\"\/\/embedr.flickr.com\/assets\/client-code.js\" charset=\"utf-8\"><\/script><\/p>\n<p>La grama del estadio Club Alpha 3 en Xonaca fue sede de la jornada 14 #GritaM\u00e9xicoA21<\/p>\n<p>Una tarde fant\u00e1stica para Hugo Enrique \u00c1vila Jaimes casaca #238, quien marc\u00f3 un doblete para la causa mazatleca.<!--more--><\/p>\n<p><a title=\"MVF_3231 [TORNEO DE APERTURA \/ TEMPORADA 2021-2022 \/ LIGA J14] Categor\u00eda SUB 18 | Club Puebla vs Mazatl\u00e1n FC | Estadio Club Alpha 3 Xonaca | Im\u00e1genes @maragonzalez_13 \/ @petlacalco7 \/ @Mv_ManuelVela @PueblaExpres www.pueblaexpres.com\" href=\"https:\/\/www.flickr.com\/photos\/manitas\/51628903651\/in\/album-72157720068050608\/\" data-flickr-embed=\"true\"><img loading=\"lazy\" decoding=\"async\" class=\"aligncenter\" src=\"https:\/\/live.staticflickr.com\/65535\/51628903651_3b96bfbd92.jpg\" alt=\"MVF_3231 [TORNEO DE APERTURA \/ TEMPORADA 2021-2022 \/ LIGA J14] Categor\u00eda SUB 18 | Club Puebla vs Mazatl\u00e1n FC | Estadio Club Alpha 3 Xonaca | Im\u00e1genes @maragonzalez_13 \/ @petlacalco7 \/ @Mv_ManuelVela @PueblaExpres www.pueblaexpres.com\" width=\"500\" height=\"333\" \/><\/a><script async src=\"\/\/embedr.flickr.com\/assets\/client-code.js\" charset=\"utf-8\"><\/script><\/p>\n<p>Gracias a esta victoria, los sinaloenses llegaron a 33 puntos coloc\u00e1ndose en el tercer puesto. Fant\u00e1stico rendimiento.<\/p>\n<p><a title=\"MVF_4289 [TORNEO DE APERTURA \/ TEMPORADA 2021-2022 \/ LIGA J14] Categor\u00eda SUB 18 | Club Puebla vs Mazatl\u00e1n FC | Estadio Club Alpha 3 Xonaca | Im\u00e1genes @maragonzalez_13 \/ @petlacalco7 \/ @Mv_ManuelVela @PueblaExpres www.pueblaexpres.com\" href=\"https:\/\/www.flickr.com\/photos\/manitas\/51629127883\/in\/album-72157720068050608\/\" data-flickr-embed=\"true\"><img loading=\"lazy\" decoding=\"async\" class=\"aligncenter\" src=\"https:\/\/live.staticflickr.com\/65535\/51629127883_142423ccbb.jpg\" alt=\"MVF_4289 [TORNEO DE APERTURA \/ TEMPORADA 2021-2022 \/ LIGA J14] Categor\u00eda SUB 18 | Club Puebla vs Mazatl\u00e1n FC | Estadio Club Alpha 3 Xonaca | Im\u00e1genes @maragonzalez_13 \/ @petlacalco7 \/ @Mv_ManuelVela @PueblaExpres www.pueblaexpres.com\" width=\"500\" height=\"281\" \/><\/a><script async src=\"\/\/embedr.flickr.com\/assets\/client-code.js\" charset=\"utf-8\"><\/script><\/p>\n<p><strong>LA OPINI\u00d3N EXPRESADA EN ESTA COLUMNA ES RESPONSABILIDAD DE QUIEN LA ESCRIBE Y NO BUSCA GENERAR CONFLICTOS ENTRE LOS INVOLUCRADOS, SINO GENERAR CONCIENCIA EN CADA LECTOR.<\/strong><\/p>\n","protected":false},"excerpt":{"rendered":"<p>Redacci\u00f3n | Fotograf\u00edas Mara Gonz\u00e1lez @maragonzalez_13 \/ Axel Petlacalco @petlacalco7 \/ Manuel Vela @Mv_ManuelVela | #PueblaExpres @PueblaExpres Cr\u00f3nica J14 | Categor\u00eda SUB 18 | Club Puebla vs Mazatl\u00e1n FC Los representativos de la categor\u00eda sub 18 del Club Puebla y Mazatl\u00e1n FC protagonizaron un magnifico encuentro dentro del marco de la jornada 14 del #GritaM\u00e9xicoA21. [&hellip;]<\/p>\n","protected":false},"author":2,"featured_media":12338,"comment_status":"open","ping_status":"open","sticky":false,"template":"","format":"standard","meta":{"footnotes":""},"categories":[8,42,166,13,3,171,1,7],"tags":[],"_links":{"self":[{"href":"https:\/\/pueblaexpres.com\/portal\/index.php?rest_route=\/wp\/v2\/posts\/12337"}],"collection":[{"href":"https:\/\/pueblaexpres.com\/portal\/index.php?rest_route=\/wp\/v2\/posts"}],"about":[{"href":"https:\/\/pueblaexpres.com\/portal\/index.php?rest_route=\/wp\/v2\/types\/post"}],"author":[{"embeddable":true,"href":"https:\/\/pueblaexpres.com\/portal\/index.php?rest_route=\/wp\/v2\/users\/2"}],"replies":[{"embeddable":true,"href":"https:\/\/pueblaexpres.com\/portal\/index.php?rest_route=%2Fwp%2Fv2%2Fcomments&post=12337"}],"version-history":[{"count":1,"href":"https:\/\/pueblaexpres.com\/portal\/index.php?rest_route=\/wp\/v2\/posts\/12337\/revisions"}],"predecessor-version":[{"id":12339,"href":"https:\/\/pueblaexpres.com\/portal\/index.php?rest_route=\/wp\/v2\/posts\/12337\/revisions\/12339"}],"wp:featuredmedia":[{"embeddable":true,"href":"https:\/\/pueblaexpres.com\/portal\/index.php?rest_route=\/wp\/v2\/media\/12338"}],"wp:attachment":[{"href":"https:\/\/pueblaexpres.com\/portal\/index.php?rest_route=%2Fwp%2Fv2%2Fmedia&parent=12337"}],"wp:term":[{"taxonomy":"category","embeddable":true,"href":"https:\/\/pueblaexpres.com\/portal\/index.php?rest_route=%2Fwp%2Fv2%2Fcategories&post=12337"},{"taxonomy":"post_tag","embeddable":true,"href":"https:\/\/pueblaexpres.com\/portal\/index.php?rest_route=%2Fwp%2Fv2%2Ftags&post=12337"}],"curies":[{"name":"wp","href":"https:\/\/api.w.org\/{rel}","templated":true}]}}