{"id":11778,"date":"2021-01-21T10:15:39","date_gmt":"2021-01-21T16:15:39","guid":{"rendered":"https:\/\/pueblaexpres.com\/portal\/?p=11778"},"modified":"2021-01-21T10:16:20","modified_gmt":"2021-01-21T16:16:20","slug":"torneo-clausura-guardianes-2021-conferencia-de-prensa-dt-nicolas-larcamon-club-puebla-liga-bbva-mx","status":"publish","type":"post","link":"https:\/\/pueblaexpres.com\/portal\/?p=11778","title":{"rendered":"[Torneo Clausura \/ Guardianes 2021] Conferencia de Prensa | DT Nicol\u00e1s Larcam\u00f3n | Club Puebla | Liga BBVA Mx"},"content":{"rendered":"<div name=\"googleone_share_1\" style=\"position:relative;z-index:5;float: right; margin-left: 10px;\"><g:plusone size=\"tall\" count=\"1\" href=\"https:\/\/pueblaexpres.com\/portal\/?p=11778\"><\/g:plusone><\/div><p><a href=\"https:\/\/pueblaexpres.com\/portal\/wp-content\/uploads\/2021\/01\/DT-NICOL\u00c1S-LARCAM\u00d3N-2.jpg\"><img loading=\"lazy\" decoding=\"async\" class=\"wp-image-11779 aligncenter\" src=\"https:\/\/pueblaexpres.com\/portal\/wp-content\/uploads\/2021\/01\/DT-NICOL\u00c1S-LARCAM\u00d3N-2.jpg\" alt=\"\" width=\"497\" height=\"331\" srcset=\"https:\/\/pueblaexpres.com\/portal\/wp-content\/uploads\/2021\/01\/DT-NICOL\u00c1S-LARCAM\u00d3N-2.jpg 800w, https:\/\/pueblaexpres.com\/portal\/wp-content\/uploads\/2021\/01\/DT-NICOL\u00c1S-LARCAM\u00d3N-2-300x200.jpg 300w, https:\/\/pueblaexpres.com\/portal\/wp-content\/uploads\/2021\/01\/DT-NICOL\u00c1S-LARCAM\u00d3N-2-768x512.jpg 768w, https:\/\/pueblaexpres.com\/portal\/wp-content\/uploads\/2021\/01\/DT-NICOL\u00c1S-LARCAM\u00d3N-2-640x426.jpg 640w\" sizes=\"(max-width: 497px) 100vw, 497px\" \/><\/a><\/p>\n<p><strong>Redacci\u00f3n Axel Petlacalco @petlacalco7 | Fotograf\u00edas Cortes\u00eda | #PueblaExpres @PueblaExpres<\/strong><\/p>\n<p>Conferencia de Prensa Nicol\u00e1s Larcam\u00f3n DT Club Puebla<\/p>\n<p>Este mi\u00e9rcoles compareci\u00f3 ante los medios el entrenador del Club Puebla, Nicol\u00e1s Larcam\u00f3n. Comenz\u00f3 por advertir que ante el buen inicio no deben bajar la intensidad ni mucho menos, menospreciar al pr\u00f3ximo rival \u201cLejos de pensar que el partido es accesible o f\u00e1cil. Por el contrario, es la peor confusi\u00f3n que podemos tener. Cada partido es un rival que te va a exigir al m\u00e1ximo, te va a demandar altos niveles de tensi\u00f3n, concentraci\u00f3n y eficacia. Nosotros lo tomamos de esa manera.<\/p>\n<p><a title=\"0001 [Torneo Clausura \/ Guardianes 2021] Conferencia de Prensa | DT Nicol\u00e1s Larcam\u00f3n | Club Puebla | Liga BBVA Mx | Redacci\u00f3n @petlacalco7 | Fotograf\u00edas Cortes\u00eda | #PueblaExpres @PueblaExpres | Edici\u00f3n y retoque www.pueblaexpres.com\" href=\"https:\/\/www.flickr.com\/photos\/manitas\/50859185878\/in\/album-72157717980265573\/\" data-flickr-embed=\"true\"><img loading=\"lazy\" decoding=\"async\" class=\"aligncenter\" src=\"https:\/\/live.staticflickr.com\/65535\/50859185878_87045a4e18.jpg\" alt=\"0001 [Torneo Clausura \/ Guardianes 2021] Conferencia de Prensa | DT Nicol\u00e1s Larcam\u00f3n | Club Puebla | Liga BBVA Mx | Redacci\u00f3n @petlacalco7 | Fotograf\u00edas Cortes\u00eda | #PueblaExpres @PueblaExpres | Edici\u00f3n y retoque www.pueblaexpres.com\" width=\"400\" height=\"500\" \/><\/a><script async src=\"\/\/embedr.flickr.com\/assets\/client-code.js\" charset=\"utf-8\"><\/script><\/p>\n<p>En esa misma l\u00ednea, destac\u00f3 algunas de las virtudes de los fronterizos. \u201cReconozco en Xolos un equipo que quiere hacerse due\u00f1o de la pelota. A partir de la tenencia busca generar situaciones de gol. En transiciones es agresivo, reconozco individualidades como Castillo, Manotas, el propio Barbona pueden ser claves si uno no toma bien las referencias. Ojal\u00e1 Tengamos una gran producci\u00f3n el viernes para ratificar el buen momento\u201d.<\/p>\n<p>Cabe destacar que, en esta ma\u00f1ana, los directivos de la Franja recibieron al nuevo Presidente Ejecutivo de la Liga, Mikel Arriola. Sin embargo, el estratega camotero neg\u00f3 que haya podido sostener alg\u00fan di\u00e1logo con \u00e9l. Asimismo, este d\u00eda se confirm\u00f3 la reprogramaci\u00f3n de los partidos correspondientes a la Jornadas 3 y 4 que disputar\u00edan los Rayados debido al reciente brote en el conjunto regio. Es importante precisar, que esta modificaci\u00f3n perjudicar\u00e1 a los poblanos, quienes ten\u00edan pactado enfrentar a Monterrey la pr\u00f3xima semana y ahora, ese duelo habr\u00e1 de celebrarse el 2 de febrero.<!--more--><\/p>\n<p><a title=\"0001 [Torneo Clausura \/ Guardianes 2021] Conferencia de Prensa | DT Nicol\u00e1s Larcam\u00f3n | Club Puebla | Liga BBVA Mx | Redacci\u00f3n @petlacalco7 | Fotograf\u00edas Cortes\u00eda | #PueblaExpres @PueblaExpres | Edici\u00f3n y retoque www.pueblaexpres.com\" href=\"https:\/\/www.flickr.com\/photos\/manitas\/50859185908\/in\/album-72157717980265573\/\" data-flickr-embed=\"true\"><img loading=\"lazy\" decoding=\"async\" class=\"aligncenter\" src=\"https:\/\/live.staticflickr.com\/65535\/50859185908_afa7c5b2a3.jpg\" alt=\"0001 [Torneo Clausura \/ Guardianes 2021] Conferencia de Prensa | DT Nicol\u00e1s Larcam\u00f3n | Club Puebla | Liga BBVA Mx | Redacci\u00f3n @petlacalco7 | Fotograf\u00edas Cortes\u00eda | #PueblaExpres @PueblaExpres | Edici\u00f3n y retoque www.pueblaexpres.com\" width=\"500\" height=\"333\" \/><\/a><script async src=\"\/\/embedr.flickr.com\/assets\/client-code.js\" charset=\"utf-8\"><\/script><\/p>\n<p>Al respecto, Larcam\u00f3n record\u00f3 que en la campa\u00f1a pasada no se tuvo consideraci\u00f3n alguna cuando al Puebla le toc\u00f3 atravesar una situaci\u00f3n similar. \u201cYo soy nuevo, pero en Puebla no hubo reprogramaci\u00f3n cuando le toc\u00f3 (varios positivos dentro del club). Solo pido que esta situaci\u00f3n sea manejada claramente, que tengamos el mismo criterio para todos los casos\u201d.<\/p>\n<p>En lo que respecta a las complicaciones que se han derivado a nivel mundial por el coronavirus y los protocolos destac\u00f3 que tanto en Chile como aqu\u00ed en M\u00e9xico y concretamente en la instituci\u00f3n enfranjada se est\u00e1n llevando a cabo acciones para contrarrestar los efectos, aunque reconoci\u00f3 que el riesgo es latente en todos lados \u201cEl mensaje del Club es claro, del staff m\u00e9dico. En l\u00edneas generales, todos los protocolos se respetan, se les brindan un marco bastante seguro en t\u00e9rminos de un posible contagio. Sabemos que esta situaci\u00f3n nos expone a diario y hay muchos momentos en el d\u00eda en que se pueda dar esta propagaci\u00f3n. Nosotros les recordamos constantemente (a los jugadores) que puertas afuera contin\u00faen ese cuidado\u201d.<\/p>\n<p><a title=\"0001 [Torneo Clausura \/ Guardianes 2021] Conferencia de Prensa | DT Nicol\u00e1s Larcam\u00f3n | Club Puebla | Liga BBVA Mx | Redacci\u00f3n @petlacalco7 | Fotograf\u00edas Cortes\u00eda | #PueblaExpres @PueblaExpres | Edici\u00f3n y retoque www.pueblaexpres.com\" href=\"https:\/\/www.flickr.com\/photos\/manitas\/50859185878\/in\/album-72157717980265573\/\" data-flickr-embed=\"true\"><img loading=\"lazy\" decoding=\"async\" class=\"aligncenter\" src=\"https:\/\/live.staticflickr.com\/65535\/50859185878_87045a4e18.jpg\" alt=\"0001 [Torneo Clausura \/ Guardianes 2021] Conferencia de Prensa | DT Nicol\u00e1s Larcam\u00f3n | Club Puebla | Liga BBVA Mx | Redacci\u00f3n @petlacalco7 | Fotograf\u00edas Cortes\u00eda | #PueblaExpres @PueblaExpres | Edici\u00f3n y retoque www.pueblaexpres.com\" width=\"400\" height=\"500\" \/><\/a><script async src=\"\/\/embedr.flickr.com\/assets\/client-code.js\" charset=\"utf-8\"><\/script><\/p>\n<p>Finalmente, reconoci\u00f3 que es muy probable que la nueva incorporaci\u00f3n, Gustavo Ferraris pueda estar disponible para el juego de este viernes \u201c\u00c9l ya ten\u00eda carga de entrenamiento suficiente. Se ha vinculado muy bien con el resto del equipo. En lo futbol\u00edstico los d\u00edas los ir\u00e1n metiendo al ritmo del grupo. Esperamos tenerlo pronto como una opci\u00f3n m\u00e1s para el equipo\u201d.<\/p>\n<p><strong>LA OPINI\u00d3N EXPRESADA EN ESTA COLUMNA ES RESPONSABILIDAD DE QUIEN LA ESCRIBE Y NO BUSCA GENERAR CONFLICTOS ENTRE LOS INVOLUCRADOS, SINO GENERAR CONCIENCIA EN CADA LECTOR.<\/strong><\/p>\n<p>[miniflickr photoset_id=72157717980265573&amp;sortby=date-posted-asc&amp;per_page=2]<\/p>\n","protected":false},"excerpt":{"rendered":"<p>Redacci\u00f3n Axel Petlacalco @petlacalco7 | Fotograf\u00edas Cortes\u00eda | #PueblaExpres @PueblaExpres Conferencia de Prensa Nicol\u00e1s Larcam\u00f3n DT Club Puebla Este mi\u00e9rcoles compareci\u00f3 ante los medios el entrenador del Club Puebla, Nicol\u00e1s Larcam\u00f3n. Comenz\u00f3 por advertir que ante el buen inicio no deben bajar la intensidad ni mucho menos, menospreciar al pr\u00f3ximo rival \u201cLejos de pensar que [&hellip;]<\/p>\n","protected":false},"author":2,"featured_media":11779,"comment_status":"open","ping_status":"open","sticky":false,"template":"","format":"standard","meta":{"footnotes":""},"categories":[8,42,166,13,3,171,1,7],"tags":[],"_links":{"self":[{"href":"https:\/\/pueblaexpres.com\/portal\/index.php?rest_route=\/wp\/v2\/posts\/11778"}],"collection":[{"href":"https:\/\/pueblaexpres.com\/portal\/index.php?rest_route=\/wp\/v2\/posts"}],"about":[{"href":"https:\/\/pueblaexpres.com\/portal\/index.php?rest_route=\/wp\/v2\/types\/post"}],"author":[{"embeddable":true,"href":"https:\/\/pueblaexpres.com\/portal\/index.php?rest_route=\/wp\/v2\/users\/2"}],"replies":[{"embeddable":true,"href":"https:\/\/pueblaexpres.com\/portal\/index.php?rest_route=%2Fwp%2Fv2%2Fcomments&post=11778"}],"version-history":[{"count":2,"href":"https:\/\/pueblaexpres.com\/portal\/index.php?rest_route=\/wp\/v2\/posts\/11778\/revisions"}],"predecessor-version":[{"id":11781,"href":"https:\/\/pueblaexpres.com\/portal\/index.php?rest_route=\/wp\/v2\/posts\/11778\/revisions\/11781"}],"wp:featuredmedia":[{"embeddable":true,"href":"https:\/\/pueblaexpres.com\/portal\/index.php?rest_route=\/wp\/v2\/media\/11779"}],"wp:attachment":[{"href":"https:\/\/pueblaexpres.com\/portal\/index.php?rest_route=%2Fwp%2Fv2%2Fmedia&parent=11778"}],"wp:term":[{"taxonomy":"category","embeddable":true,"href":"https:\/\/pueblaexpres.com\/portal\/index.php?rest_route=%2Fwp%2Fv2%2Fcategories&post=11778"},{"taxonomy":"post_tag","embeddable":true,"href":"https:\/\/pueblaexpres.com\/portal\/index.php?rest_route=%2Fwp%2Fv2%2Ftags&post=11778"}],"curies":[{"name":"wp","href":"https:\/\/api.w.org\/{rel}","templated":true}]}}