{"id":11775,"date":"2021-01-19T16:37:52","date_gmt":"2021-01-19T22:37:52","guid":{"rendered":"https:\/\/pueblaexpres.com\/portal\/?p=11775"},"modified":"2021-01-19T16:37:52","modified_gmt":"2021-01-19T22:37:52","slug":"torneo-clausura-guardianes-2021-conferencia-de-prensa-maxi-perg-y-emmanuel-gularte-club-puebla-liga-bbva-mx","status":"publish","type":"post","link":"https:\/\/pueblaexpres.com\/portal\/?p=11775","title":{"rendered":"[Torneo Clausura \/ Guardianes 2021] Conferencia de Prensa | Maxi Perg y Emmanuel Gularte | Club Puebla | Liga BBVA Mx"},"content":{"rendered":"<div name=\"googleone_share_1\" style=\"position:relative;z-index:5;float: right; margin-left: 10px;\"><g:plusone size=\"tall\" count=\"1\" href=\"https:\/\/pueblaexpres.com\/portal\/?p=11775\"><\/g:plusone><\/div><p><a href=\"https:\/\/pueblaexpres.com\/portal\/wp-content\/uploads\/2021\/01\/page.jpg\"><img loading=\"lazy\" decoding=\"async\" class=\"size-large wp-image-11776 aligncenter\" src=\"https:\/\/pueblaexpres.com\/portal\/wp-content\/uploads\/2021\/01\/page-1024x680.jpg\" alt=\"\" width=\"500\" height=\"332\" srcset=\"https:\/\/pueblaexpres.com\/portal\/wp-content\/uploads\/2021\/01\/page-1024x680.jpg 1024w, https:\/\/pueblaexpres.com\/portal\/wp-content\/uploads\/2021\/01\/page-300x199.jpg 300w, https:\/\/pueblaexpres.com\/portal\/wp-content\/uploads\/2021\/01\/page-768x510.jpg 768w, https:\/\/pueblaexpres.com\/portal\/wp-content\/uploads\/2021\/01\/page-640x425.jpg 640w, https:\/\/pueblaexpres.com\/portal\/wp-content\/uploads\/2021\/01\/page.jpg 1061w\" sizes=\"(max-width: 500px) 100vw, 500px\" \/><\/a><\/p>\n<p><strong>Redacci\u00f3n Axel Petlacalco @petlacalco7 | Fotograf\u00edas Cortes\u00eda | #PueblaExpres @PueblaExpres<\/strong><\/p>\n<p>Conferencia de Prensa Maxi Perg y Emmanuel Gularte<\/p>\n<p>Esta tarde comparecieron ante los medios los defensores del Puebla Maximiliano Perg y Emanuel Gularte.<\/p>\n<p><a title=\"0001 [Torneo Clausura \/ Guardianes 2021] Conferencia de Prensa | Maxi Perg y Emmanuel Gularte | Club Puebla | Liga BBVA Mx | Redacci\u00f3n @petlacalco7 | Fotograf\u00edas Cortes\u00eda | #PueblaExpres @PueblaExpres | Edici\u00f3n y retoque www.pueblaexpres.com\" href=\"https:\/\/www.flickr.com\/photos\/manitas\/50854295817\/in\/album-72157717959786498\/\" data-flickr-embed=\"true\"><img loading=\"lazy\" decoding=\"async\" class=\"aligncenter\" src=\"https:\/\/live.staticflickr.com\/65535\/50854295817_c3d60bd548.jpg\" alt=\"0001 [Torneo Clausura \/ Guardianes 2021] Conferencia de Prensa | Maxi Perg y Emmanuel Gularte | Club Puebla | Liga BBVA Mx | Redacci\u00f3n @petlacalco7 | Fotograf\u00edas Cortes\u00eda | #PueblaExpres @PueblaExpres | Edici\u00f3n y retoque www.pueblaexpres.com\" width=\"500\" height=\"333\" \/><\/a><script async src=\"\/\/embedr.flickr.com\/assets\/client-code.js\" charset=\"utf-8\"><\/script><\/p>\n<p>En primera instancia, habl\u00f3 Maxi Perg y comenz\u00f3 reconociendo el comienzo positivo del equipo al tiempo que asegur\u00f3 saldr\u00e1n por la victoria ante Xolos \u201ctuvimos un muy buen arranque, donde enfrentamos rivales muy dif\u00edciles. Es un partido (ante Tijuana) como son todos, lo tenemos que ganar. Ojal\u00e1 que hagamos un excelente partido y dejar los tres puntos en casa\u201d.<\/p>\n<p>Uno de los principales problemas de la Franja en la campa\u00f1a pasada fue el sacar puntos jugando como locales, al respecto coment\u00f3 \u201cEs momento de revertir esos resultados. Este fin de semana puede ser el momento de que esa rachita en el Cuauht\u00e9moc se revierta. Estamos muy concretados, trabajando muy duro para enfrentar a Tijuana\u201d.<!--more--><\/p>\n<p><a title=\"0001 [Torneo Clausura \/ Guardianes 2021] Conferencia de Prensa | Maxi Perg y Emmanuel Gularte | Club Puebla | Liga BBVA Mx | Redacci\u00f3n @petlacalco7 | Fotograf\u00edas Cortes\u00eda | #PueblaExpres @PueblaExpres | Edici\u00f3n y retoque www.pueblaexpres.com\" href=\"https:\/\/www.flickr.com\/photos\/manitas\/50854205041\/in\/album-72157717959786498\/\" data-flickr-embed=\"true\"><img loading=\"lazy\" decoding=\"async\" class=\"aligncenter\" src=\"https:\/\/live.staticflickr.com\/65535\/50854205041_3613967091.jpg\" alt=\"0001 [Torneo Clausura \/ Guardianes 2021] Conferencia de Prensa | Maxi Perg y Emmanuel Gularte | Club Puebla | Liga BBVA Mx | Redacci\u00f3n @petlacalco7 | Fotograf\u00edas Cortes\u00eda | #PueblaExpres @PueblaExpres | Edici\u00f3n y retoque www.pueblaexpres.com\" width=\"333\" height=\"500\" \/><\/a><script async src=\"\/\/embedr.flickr.com\/assets\/client-code.js\" charset=\"utf-8\"><\/script><\/p>\n<p>Su rival en turno, por otro lado, arrastra una racha de casi un a\u00f1o sin poder ganar en patio ajeno, adem\u00e1s de que las \u00faltimas campa\u00f1as han tenido muy malos resultados, situaci\u00f3n que ya los ha comenzado a rezagar en la tabla porcentual. No obstante, Maxi advirti\u00f3 de la peligrosidad de los fronterizos \u201cSiempre hay que estar atentos, tienen muy buenos jugadores. Hemos estado trabajando en los detallitos de los partidos Vs Cruz Azul. Tijuana viene con necesidad de puntos en cuesti\u00f3n de descenso, nosotros tambi\u00e9n necesitamos sumar, ojal\u00e1 sea un juego lindo\u201d.<\/p>\n<p>Perg acept\u00f3 que la competencia interna es muy buena y se siente muy c\u00f3modo de compartir la zaga con sus compa\u00f1eros. \u201cEs una competencia sana como la hay en todos los equipos. Uno no deja de trabajar, tratamos de entendernos, seguir trabajando. Me siento c\u00f3modo, son muy buenos compa\u00f1eros<\/p>\n<p><a title=\"0001 [Torneo Clausura \/ Guardianes 2021] Conferencia de Prensa | Maxi Perg y Emmanuel Gularte | Club Puebla | Liga BBVA Mx | Redacci\u00f3n @petlacalco7 | Fotograf\u00edas Cortes\u00eda | #PueblaExpres @PueblaExpres | Edici\u00f3n y retoque www.pueblaexpres.com\" href=\"https:\/\/www.flickr.com\/photos\/manitas\/50854295777\/in\/album-72157717959786498\/\" data-flickr-embed=\"true\"><img loading=\"lazy\" decoding=\"async\" class=\"aligncenter\" src=\"https:\/\/live.staticflickr.com\/65535\/50854295777_7ccfe6828a.jpg\" alt=\"0001 [Torneo Clausura \/ Guardianes 2021] Conferencia de Prensa | Maxi Perg y Emmanuel Gularte | Club Puebla | Liga BBVA Mx | Redacci\u00f3n @petlacalco7 | Fotograf\u00edas Cortes\u00eda | #PueblaExpres @PueblaExpres | Edici\u00f3n y retoque www.pueblaexpres.com\" width=\"500\" height=\"333\" \/><\/a><script async src=\"\/\/embedr.flickr.com\/assets\/client-code.js\" charset=\"utf-8\"><\/script><\/p>\n<p>Por \u00faltimo, el uruguayo extern\u00f3 que su ex compa\u00f1ero Brayan Angulo es un colega, pero que estar\u00e1n alertas para evitar que les haga da\u00f1o, vistiendo la playera del rival \u201c\u00c1ngulo es un gran amigo, me da gusto enfrentarlo, hay que cuidarnos, \u00e9l puede sacar cosas buenas. Estar atentos en el tema de las subidas, nos enfocaremos en contrarrestar eso\u201d<\/p>\n<p>Poco despu\u00e9s toc\u00f3 turno a su compatriota quien comenz\u00f3 por destacar la buena comuni\u00f3n que existe entre jugadores y el nuevo cuerpo t\u00e9cnico \u201cSiento que se ha notado la mano (De Larcam\u00f3n) Creo que Nico y su cuerpo t\u00e9cnico Utilizan a favor el tema de la edad. Son muy cercanos al jugador. Nos hacen sentir confianza absoluta y tenemos libertad en la cancha. Eso nos vino bien. De a poquito hemos podido desplegar un mejor futbol. Trabajamos con mucha confianza y humildad de que esto apenas empieza y hay mucho que corregir\u201d<\/p>\n<p><a title=\"0001 [Torneo Clausura \/ Guardianes 2021] Conferencia de Prensa | Maxi Perg y Emmanuel Gularte | Club Puebla | Liga BBVA Mx | Redacci\u00f3n @petlacalco7 | Fotograf\u00edas Cortes\u00eda | #PueblaExpres @PueblaExpres | Edici\u00f3n y retoque www.pueblaexpres.com\" href=\"https:\/\/www.flickr.com\/photos\/manitas\/50854205126\/in\/album-72157717959786498\/\" data-flickr-embed=\"true\"><img loading=\"lazy\" decoding=\"async\" class=\"aligncenter\" src=\"https:\/\/live.staticflickr.com\/65535\/50854205126_c7cde0d8bb.jpg\" alt=\"0001 [Torneo Clausura \/ Guardianes 2021] Conferencia de Prensa | Maxi Perg y Emmanuel Gularte | Club Puebla | Liga BBVA Mx | Redacci\u00f3n @petlacalco7 | Fotograf\u00edas Cortes\u00eda | #PueblaExpres @PueblaExpres | Edici\u00f3n y retoque www.pueblaexpres.com\" width=\"500\" height=\"333\" \/><\/a><script async src=\"\/\/embedr.flickr.com\/assets\/client-code.js\" charset=\"utf-8\"><\/script><\/p>\n<p>Acept\u00f3 que siempre ser\u00e1 de mucha ayuda que los resultados lleguen pronto cuando se incorpora un nuevo entrenador. En otros temas, admiti\u00f3 que le ha motivado ser incluido en el once ideal de la jornada pasada, pues se ha fijado objetivos individuales. Para mi es una motivaci\u00f3n, para encarar no solo el siguiente juego sino todo el a\u00f1o. Al comenzar la temporada me plante\u00e9 objetivos individuales. Tengo intenciones de hacer las cosas bien para sumar en lo colectivo y en marzo poder competir por un lugar en Uruguay.<\/p>\n<p>Admiti\u00f3 que le ha costado su proceso de adaptaci\u00f3n, pero ha trabajado en varios aspectos, y espera poder seguir por esa l\u00ednea \u201cAl principio no estuve muy maduro, me precipitaba a jugar. Cuando empec\u00e9 a jugar y competir, me di cuenta que ten\u00eda que aprender muchas\u201d<\/p>\n<p><a title=\"0001 [Torneo Clausura \/ Guardianes 2021] Conferencia de Prensa | Maxi Perg y Emmanuel Gularte | Club Puebla | Liga BBVA Mx | Redacci\u00f3n @petlacalco7 | Fotograf\u00edas Cortes\u00eda | #PueblaExpres @PueblaExpres | Edici\u00f3n y retoque www.pueblaexpres.com\" href=\"https:\/\/www.flickr.com\/photos\/manitas\/50853484708\/in\/album-72157717959786498\/\" data-flickr-embed=\"true\"><img loading=\"lazy\" decoding=\"async\" class=\"aligncenter\" src=\"https:\/\/live.staticflickr.com\/65535\/50853484708_d7017ab4d3.jpg\" alt=\"0001 [Torneo Clausura \/ Guardianes 2021] Conferencia de Prensa | Maxi Perg y Emmanuel Gularte | Club Puebla | Liga BBVA Mx | Redacci\u00f3n @petlacalco7 | Fotograf\u00edas Cortes\u00eda | #PueblaExpres @PueblaExpres | Edici\u00f3n y retoque www.pueblaexpres.com\" width=\"333\" height=\"500\" \/><\/a><script async src=\"\/\/embedr.flickr.com\/assets\/client-code.js\" charset=\"utf-8\"><\/script><\/p>\n<p>Finalmente, dej\u00f3 de manifiesto que este nuevo esquema les ha presentado retos, a lo que intentan sacarle el m\u00e1ximo provecho \u201cHay que saber adaptarse. Eso nos hace m\u00e1s completos. Tenemos que asumir otros riesgos, hay que tomarlos para crecer y madurar\u201d.<\/p>\n<p><strong>LA OPINI\u00d3N EXPRESADA EN ESTA COLUMNA ES RESPONSABILIDAD DE QUIEN LA ESCRIBE Y NO BUSCA GENERAR CONFLICTOS ENTRE LOS INVOLUCRADOS, SINO GENERAR CONCIENCIA EN CADA LECTOR.<\/strong><\/p>\n<p>[miniflickr photoset_id=72157717959786498&amp;sortby=date-posted-asc&amp;per_page=10]<\/p>\n","protected":false},"excerpt":{"rendered":"<p>Redacci\u00f3n Axel Petlacalco @petlacalco7 | Fotograf\u00edas Cortes\u00eda | #PueblaExpres @PueblaExpres Conferencia de Prensa Maxi Perg y Emmanuel Gularte Esta tarde comparecieron ante los medios los defensores del Puebla Maximiliano Perg y Emanuel Gularte. En primera instancia, habl\u00f3 Maxi Perg y comenz\u00f3 reconociendo el comienzo positivo del equipo al tiempo que asegur\u00f3 saldr\u00e1n por la victoria [&hellip;]<\/p>\n","protected":false},"author":2,"featured_media":11776,"comment_status":"open","ping_status":"open","sticky":false,"template":"","format":"standard","meta":{"footnotes":""},"categories":[8,42,166,13,3,171,1,7],"tags":[],"_links":{"self":[{"href":"https:\/\/pueblaexpres.com\/portal\/index.php?rest_route=\/wp\/v2\/posts\/11775"}],"collection":[{"href":"https:\/\/pueblaexpres.com\/portal\/index.php?rest_route=\/wp\/v2\/posts"}],"about":[{"href":"https:\/\/pueblaexpres.com\/portal\/index.php?rest_route=\/wp\/v2\/types\/post"}],"author":[{"embeddable":true,"href":"https:\/\/pueblaexpres.com\/portal\/index.php?rest_route=\/wp\/v2\/users\/2"}],"replies":[{"embeddable":true,"href":"https:\/\/pueblaexpres.com\/portal\/index.php?rest_route=%2Fwp%2Fv2%2Fcomments&post=11775"}],"version-history":[{"count":1,"href":"https:\/\/pueblaexpres.com\/portal\/index.php?rest_route=\/wp\/v2\/posts\/11775\/revisions"}],"predecessor-version":[{"id":11777,"href":"https:\/\/pueblaexpres.com\/portal\/index.php?rest_route=\/wp\/v2\/posts\/11775\/revisions\/11777"}],"wp:featuredmedia":[{"embeddable":true,"href":"https:\/\/pueblaexpres.com\/portal\/index.php?rest_route=\/wp\/v2\/media\/11776"}],"wp:attachment":[{"href":"https:\/\/pueblaexpres.com\/portal\/index.php?rest_route=%2Fwp%2Fv2%2Fmedia&parent=11775"}],"wp:term":[{"taxonomy":"category","embeddable":true,"href":"https:\/\/pueblaexpres.com\/portal\/index.php?rest_route=%2Fwp%2Fv2%2Fcategories&post=11775"},{"taxonomy":"post_tag","embeddable":true,"href":"https:\/\/pueblaexpres.com\/portal\/index.php?rest_route=%2Fwp%2Fv2%2Ftags&post=11775"}],"curies":[{"name":"wp","href":"https:\/\/api.w.org\/{rel}","templated":true}]}}