{"id":11702,"date":"2020-11-12T15:50:58","date_gmt":"2020-11-12T21:50:58","guid":{"rendered":"https:\/\/pueblaexpres.com\/portal\/?p=11702"},"modified":"2020-11-12T15:50:58","modified_gmt":"2020-11-12T21:50:58","slug":"de-interes-primer-taller-tecnicas-de-corte-nuevas-tecnologias-de-rescate-vehicular-en-la-ciudad-de-puebla","status":"publish","type":"post","link":"https:\/\/pueblaexpres.com\/portal\/?p=11702","title":{"rendered":"[De Interes] Primer Taller T\u00e9cnicas de Corte Nuevas Tecnolog\u00edas de Rescate Vehicular en la ciudad de Puebla"},"content":{"rendered":"<div name=\"googleone_share_1\" style=\"position:relative;z-index:5;float: right; margin-left: 10px;\"><g:plusone size=\"tall\" count=\"1\" href=\"https:\/\/pueblaexpres.com\/portal\/?p=11702\"><\/g:plusone><\/div><p><a href=\"https:\/\/pueblaexpres.com\/portal\/wp-content\/uploads\/2020\/11\/WhatsApp-Image-2020-11-12-at-1.54.34-PM-1.jpeg\"><img loading=\"lazy\" decoding=\"async\" class=\"wp-image-11703 aligncenter\" src=\"https:\/\/pueblaexpres.com\/portal\/wp-content\/uploads\/2020\/11\/WhatsApp-Image-2020-11-12-at-1.54.34-PM-1.jpeg\" alt=\"\" width=\"500\" height=\"333\" srcset=\"https:\/\/pueblaexpres.com\/portal\/wp-content\/uploads\/2020\/11\/WhatsApp-Image-2020-11-12-at-1.54.34-PM-1.jpeg 800w, https:\/\/pueblaexpres.com\/portal\/wp-content\/uploads\/2020\/11\/WhatsApp-Image-2020-11-12-at-1.54.34-PM-1-300x200.jpeg 300w, https:\/\/pueblaexpres.com\/portal\/wp-content\/uploads\/2020\/11\/WhatsApp-Image-2020-11-12-at-1.54.34-PM-1-768x512.jpeg 768w, https:\/\/pueblaexpres.com\/portal\/wp-content\/uploads\/2020\/11\/WhatsApp-Image-2020-11-12-at-1.54.34-PM-1-640x426.jpeg 640w\" sizes=\"(max-width: 500px) 100vw, 500px\" \/><\/a><\/p>\n<p>Redacci\u00f3n | Fotograf\u00edas Cortesia | #PueblaExpres @PueblaExpres<\/p>\n<p><strong>INAUGURAN TALLER T\u00c9CNICAS DE CORTE NUEVAS TECNOLOG\u00cdAS DE RESCATE VEHICULAR EN PUEBLA<\/strong><\/p>\n<p>Este d\u00eda, el Presidente Nacional de la Asociaci\u00f3n Mexicana de Jefes de Bomberos, Sergio Ram\u00edrez L\u00f3pez y el Delegado Estatal en Puebla, Gustavo Ariza Salvatori inauguraron los trabajos del Primer Taller T\u00e9cnicas de Corte Nuevas Tecnolog\u00edas de Rescate Vehicular en la ciudad de Puebla.<\/p>\n<p><a title=\"_0001 [De Interes] Primer Taller T\u00e9cnicas de Corte Nuevas Tecnolog\u00edas de Rescate Vehicular en la ciudad de Puebla | Fotograf\u00edas Cortesia | #PueblaExpres @PueblaExpres | Edici\u00f3n y retoque www.pueblaexpres.com\" href=\"https:\/\/www.flickr.com\/photos\/manitas\/50594991626\/in\/album-72157716858459491\/\" data-flickr-embed=\"true\"><img loading=\"lazy\" decoding=\"async\" class=\"aligncenter\" src=\"https:\/\/live.staticflickr.com\/65535\/50594991626_5277704b02.jpg\" alt=\"_0001 [De Interes] Primer Taller T\u00e9cnicas de Corte Nuevas Tecnolog\u00edas de Rescate Vehicular en la ciudad de Puebla | Fotograf\u00edas Cortesia | #PueblaExpres @PueblaExpres | Edici\u00f3n y retoque www.pueblaexpres.com\" width=\"500\" height=\"281\" \/><\/a><script async src=\"\/\/embedr.flickr.com\/assets\/client-code.js\" charset=\"utf-8\"><\/script><\/p>\n<p>La capacitaci\u00f3n aborda temas como atenci\u00f3n m\u00e9dica, seguridad en la escena, anatom\u00eda veh\u00edcular y t\u00e9cnicas de corte mediante instrucciones te\u00f3ricas y pr\u00e1cticas.<\/p>\n<p>En su mensaje, el Presidente Nacional de la Asociaci\u00f3n de Jefes de Bomberos, puntualiz\u00f3 que la inclusi\u00f3n es un tema que fundamental para hacer crecer a las corporaciones del pa\u00eds.<\/p>\n<p>&#8220;Queremos que Puebla se vuelva un referente nacional, que generemos mujeres instructoras y que ellas capaciten y orienten a otros hombres y mujeres de todos los rincones del pa\u00eds&#8221;.<!--more--><\/p>\n<p><a title=\"_0001 [De Interes] Primer Taller T\u00e9cnicas de Corte Nuevas Tecnolog\u00edas de Rescate Vehicular en la ciudad de Puebla | Fotograf\u00edas Cortesia | #PueblaExpres @PueblaExpres | Edici\u00f3n y retoque www.pueblaexpres.com\" href=\"https:\/\/www.flickr.com\/photos\/manitas\/50595117187\/in\/album-72157716858459491\/\" data-flickr-embed=\"true\"><img loading=\"lazy\" decoding=\"async\" class=\"aligncenter\" src=\"https:\/\/live.staticflickr.com\/65535\/50595117187_d9825ba002.jpg\" alt=\"_0001 [De Interes] Primer Taller T\u00e9cnicas de Corte Nuevas Tecnolog\u00edas de Rescate Vehicular en la ciudad de Puebla | Fotograf\u00edas Cortesia | #PueblaExpres @PueblaExpres | Edici\u00f3n y retoque www.pueblaexpres.com\" width=\"400\" height=\"500\" \/><\/a><script async src=\"\/\/embedr.flickr.com\/assets\/client-code.js\" charset=\"utf-8\"><\/script><\/p>\n<p>Asimismo, Ram\u00edrez L\u00f3pez asegur\u00f3 que las capacidades de las mujeres tienen especial importancia ya que motivan a las dem\u00e1s integrantes a recibir entrenamiento de primer nivel.<\/p>\n<p>Por su parte, el Delegado Estatal, Gustavo Ariza Salvatori, agradeci\u00f3 el respaldo que brind\u00f3 la Asociaci\u00f3n para la realizaci\u00f3n de este Taller, el cual tiene por finalidad fortalecer los conocimientos de las y los bomberos mediante la profesionalizaci\u00f3n en materia de Rescate Vehicular.<\/p>\n<p>&#8220;A todas las mujeres les decimos que no tengan miedo, nosotros las apoyamos porque su capacidad fortalece a las instituciones, a trav\u00e9s de su manera de hacer equipo y de privilegiar la salvaguarda de la vida&#8221;.<\/p>\n<p><a title=\"_0001 [De Interes] Primer Taller T\u00e9cnicas de Corte Nuevas Tecnolog\u00edas de Rescate Vehicular en la ciudad de Puebla | Fotograf\u00edas Cortesia | #PueblaExpres @PueblaExpres | Edici\u00f3n y retoque www.pueblaexpres.com\" href=\"https:\/\/www.flickr.com\/photos\/manitas\/50594991641\/in\/album-72157716858459491\/\" data-flickr-embed=\"true\"><img loading=\"lazy\" decoding=\"async\" class=\"aligncenter\" src=\"https:\/\/live.staticflickr.com\/65535\/50594991641_68021e1e9b.jpg\" alt=\"_0001 [De Interes] Primer Taller T\u00e9cnicas de Corte Nuevas Tecnolog\u00edas de Rescate Vehicular en la ciudad de Puebla | Fotograf\u00edas Cortesia | #PueblaExpres @PueblaExpres | Edici\u00f3n y retoque www.pueblaexpres.com\" width=\"500\" height=\"333\" \/><\/a><script async src=\"\/\/embedr.flickr.com\/assets\/client-code.js\" charset=\"utf-8\"><\/script><\/p>\n<p>Ariza Salvatori se comprometi\u00f3 a fortalecer el esquema de capacitaci\u00f3n para las bomberas mujeres poblanas, ya que la ciudad de Puebla se ha convertido en un referente nacional por apostar a la inclusi\u00f3n en temas sensibles y para el beneficio de la ciudadan\u00eda.<\/p>\n<p><strong>LA OPINI\u00d3N EXPRESADA EN ESTA COLUMNA ES RESPONSABILIDAD DE QUIEN LA ESCRIBE Y NO BUSCA GENERAR CONFLICTOS ENTRE LOS INVOLUCRADOS, SINO GENERAR CONCIENCIA EN CADA LECTOR.<\/strong><\/p>\n<p>[miniflickr photoset_id=72157716858459491&amp;sortby=date-posted-asc&amp;per_page=3]<\/p>\n","protected":false},"excerpt":{"rendered":"<p>Redacci\u00f3n | Fotograf\u00edas Cortesia | #PueblaExpres @PueblaExpres INAUGURAN TALLER T\u00c9CNICAS DE CORTE NUEVAS TECNOLOG\u00cdAS DE RESCATE VEHICULAR EN PUEBLA Este d\u00eda, el Presidente Nacional de la Asociaci\u00f3n Mexicana de Jefes de Bomberos, Sergio Ram\u00edrez L\u00f3pez y el Delegado Estatal en Puebla, Gustavo Ariza Salvatori inauguraron los trabajos del Primer Taller T\u00e9cnicas de Corte Nuevas Tecnolog\u00edas [&hellip;]<\/p>\n","protected":false},"author":2,"featured_media":11703,"comment_status":"open","ping_status":"open","sticky":false,"template":"","format":"standard","meta":{"footnotes":""},"categories":[42,166,36,171,1,7],"tags":[],"_links":{"self":[{"href":"https:\/\/pueblaexpres.com\/portal\/index.php?rest_route=\/wp\/v2\/posts\/11702"}],"collection":[{"href":"https:\/\/pueblaexpres.com\/portal\/index.php?rest_route=\/wp\/v2\/posts"}],"about":[{"href":"https:\/\/pueblaexpres.com\/portal\/index.php?rest_route=\/wp\/v2\/types\/post"}],"author":[{"embeddable":true,"href":"https:\/\/pueblaexpres.com\/portal\/index.php?rest_route=\/wp\/v2\/users\/2"}],"replies":[{"embeddable":true,"href":"https:\/\/pueblaexpres.com\/portal\/index.php?rest_route=%2Fwp%2Fv2%2Fcomments&post=11702"}],"version-history":[{"count":1,"href":"https:\/\/pueblaexpres.com\/portal\/index.php?rest_route=\/wp\/v2\/posts\/11702\/revisions"}],"predecessor-version":[{"id":11704,"href":"https:\/\/pueblaexpres.com\/portal\/index.php?rest_route=\/wp\/v2\/posts\/11702\/revisions\/11704"}],"wp:featuredmedia":[{"embeddable":true,"href":"https:\/\/pueblaexpres.com\/portal\/index.php?rest_route=\/wp\/v2\/media\/11703"}],"wp:attachment":[{"href":"https:\/\/pueblaexpres.com\/portal\/index.php?rest_route=%2Fwp%2Fv2%2Fmedia&parent=11702"}],"wp:term":[{"taxonomy":"category","embeddable":true,"href":"https:\/\/pueblaexpres.com\/portal\/index.php?rest_route=%2Fwp%2Fv2%2Fcategories&post=11702"},{"taxonomy":"post_tag","embeddable":true,"href":"https:\/\/pueblaexpres.com\/portal\/index.php?rest_route=%2Fwp%2Fv2%2Ftags&post=11702"}],"curies":[{"name":"wp","href":"https:\/\/api.w.org\/{rel}","templated":true}]}}