{"id":11638,"date":"2020-10-15T13:57:55","date_gmt":"2020-10-15T19:57:55","guid":{"rendered":"https:\/\/pueblaexpres.com\/portal\/?p=11638"},"modified":"2020-10-15T13:57:55","modified_gmt":"2020-10-15T19:57:55","slug":"convenio-de-colaboracion-conferencia-de-prensa-organizacion-pericos-de-puebla-y-municipio-de-atlixco-estadio-hermanos-serdan","status":"publish","type":"post","link":"https:\/\/pueblaexpres.com\/portal\/?p=11638","title":{"rendered":"[CONVENIO DE COLABORACI\u00d3N] Conferencia de Prensa | Organizaci\u00f3n Pericos de Puebla Y Municipio de Atlixco | Estadio Hermanos Serd\u00e1n"},"content":{"rendered":"<div name=\"googleone_share_1\" style=\"position:relative;z-index:5;float: right; margin-left: 10px;\"><g:plusone size=\"tall\" count=\"1\" href=\"https:\/\/pueblaexpres.com\/portal\/?p=11638\"><\/g:plusone><\/div><p><a href=\"https:\/\/pueblaexpres.com\/portal\/wp-content\/uploads\/2020\/10\/Conferencia.jpeg\"><img loading=\"lazy\" decoding=\"async\" class=\"wp-image-11639 aligncenter\" src=\"https:\/\/pueblaexpres.com\/portal\/wp-content\/uploads\/2020\/10\/Conferencia.jpeg\" alt=\"\" width=\"500\" height=\"281\" srcset=\"https:\/\/pueblaexpres.com\/portal\/wp-content\/uploads\/2020\/10\/Conferencia.jpeg 948w, https:\/\/pueblaexpres.com\/portal\/wp-content\/uploads\/2020\/10\/Conferencia-300x169.jpeg 300w, https:\/\/pueblaexpres.com\/portal\/wp-content\/uploads\/2020\/10\/Conferencia-768x432.jpeg 768w, https:\/\/pueblaexpres.com\/portal\/wp-content\/uploads\/2020\/10\/Conferencia-640x360.jpeg 640w\" sizes=\"(max-width: 500px) 100vw, 500px\" \/><\/a><\/p>\n<p><strong>Redacci\u00f3n @petlacalco7 | Fotograf\u00edas Cortes\u00eda | #PueblaExpres @PueblaExpres<\/strong><\/p>\n<p>PERICOS DE PUEBLA CONCRETA CONVENIO DE COLABORACI\u00d3N CON EL MUNICIPIO DE ATLIXCO, PUEBLA PARA IMPULSAR EL TALENTO NACIONAL<\/p>\n<p>La ma\u00f1ana de este jueves se celebr\u00f3 una conferencia de prensa para anunciar un convenio de colaboraci\u00f3n entre la Organizaci\u00f3n Pericos de Puebla y el municipio de Atlixco. Teniendo como marco el Estadio Hermanos Serd\u00e1n, se ha hecho oficial este acuerdo que tendr\u00e1 como principal objetivo impulsar el deporte juvenil de la entidad.<\/p>\n<p><a title=\"_0001 [CONVENIO DE COLABORACI\u00d3N] Conferencia de Prensa | Organizaci\u00f3n Pericos de Puebla Y Municipio de Atlixco | Estadio Hermanos Serd\u00e1n | Redacci\u00f3n Axel Petlacalco | Fotograf\u00edas Cortes\u00eda | @PueblaExpres | Edici\u00f3n y retoque www.pueblaexpres.com\" href=\"https:\/\/www.flickr.com\/photos\/manitas\/50491242466\/in\/album-72157716455941416\/\" data-flickr-embed=\"true\"><img loading=\"lazy\" decoding=\"async\" class=\"aligncenter\" src=\"https:\/\/live.staticflickr.com\/65535\/50491242466_a4d2a589a9.jpg\" alt=\"_0001 [CONVENIO DE COLABORACI\u00d3N] Conferencia de Prensa | Organizaci\u00f3n Pericos de Puebla Y Municipio de Atlixco | Estadio Hermanos Serd\u00e1n | Redacci\u00f3n Axel Petlacalco | Fotograf\u00edas Cortes\u00eda | @PueblaExpres | Edici\u00f3n y retoque www.pueblaexpres.com\" width=\"500\" height=\"333\" \/><\/a><script async src=\"\/\/embedr.flickr.com\/assets\/client-code.js\" charset=\"utf-8\"><\/script><\/p>\n<p>En dicho evento, estuvieron presentes el Mtro Jos\u00e9 Guillermo Vel\u00e1zquez, Presidente Municipal de Atlixco, Alfonso L\u00f3pez, Vicepresidente deportivo del equipo y Ram\u00f3n Ram\u00edrez, vocero de Pericos.<\/p>\n<p>Al comienzo se destac\u00f3 las bondades que ofrece Atlixco a la log\u00edstica que se tiene contemplada. Desde la ubicaci\u00f3n, el clima, la oferta gastron\u00f3mica, el inter\u00e9s que hay en la regi\u00f3n por el deporte, entre otros, son elementos que facilitar\u00e1n el desarrollo de los planes.<\/p>\n<p><a title=\"_0001 [CONVENIO DE COLABORACI\u00d3N] Conferencia de Prensa | Organizaci\u00f3n Pericos de Puebla Y Municipio de Atlixco | Estadio Hermanos Serd\u00e1n | Redacci\u00f3n Axel Petlacalco | Fotograf\u00edas Cortes\u00eda | @PueblaExpres | Edici\u00f3n y retoque www.pueblaexpres.com\" href=\"https:\/\/www.flickr.com\/photos\/manitas\/50490539378\/in\/album-72157716455941416\/\" data-flickr-embed=\"true\"><img loading=\"lazy\" decoding=\"async\" class=\"aligncenter\" src=\"https:\/\/live.staticflickr.com\/65535\/50490539378_6f528b9ac4.jpg\" alt=\"_0001 [CONVENIO DE COLABORACI\u00d3N] Conferencia de Prensa | Organizaci\u00f3n Pericos de Puebla Y Municipio de Atlixco | Estadio Hermanos Serd\u00e1n | Redacci\u00f3n Axel Petlacalco | Fotograf\u00edas Cortes\u00eda | @PueblaExpres | Edici\u00f3n y retoque www.pueblaexpres.com\" width=\"500\" height=\"281\" \/><\/a><script async src=\"\/\/embedr.flickr.com\/assets\/client-code.js\" charset=\"utf-8\"><\/script><\/p>\n<p>Se hizo del conocimiento p\u00fablico que el convenio est\u00e1 pactado para 10 a\u00f1os y este entrar\u00e1 en vigor a comienzos del 2021. Del mismo modo, mencionaron que esto es resultado del trabajo conjunto entre la organizaci\u00f3n Pericos de Puebla y las autoridades del municipio de Atlixco, siempre con la misi\u00f3n de fomentar la pr\u00e1ctica del deporte a ni\u00f1os y j\u00f3venes para as\u00ed evitar que caigan en malos pasos. \u201cEl esfuerzo conjunto que realizaremos por el deporte tendr\u00e1 como beneficiarios a la juventud de Atlixco y poblanos en general. Estamos en una lucha constante contra el crimen organizado y buscamos que desde la ni\u00f1ez se tenga acercamiento al deporte, dar mayor impulso y desarrollar el talento. Queremos garantizar que los j\u00f3venes crezcan en un ambiente sano\u201d. Apunt\u00f3 el cabildo.<!--more--><\/p>\n<p><a title=\"_0001 [CONVENIO DE COLABORACI\u00d3N] Conferencia de Prensa | Organizaci\u00f3n Pericos de Puebla Y Municipio de Atlixco | Estadio Hermanos Serd\u00e1n | Redacci\u00f3n Axel Petlacalco | Fotograf\u00edas Cortes\u00eda | @PueblaExpres | Edici\u00f3n y retoque www.pueblaexpres.com\" href=\"https:\/\/www.flickr.com\/photos\/manitas\/50491394297\/in\/album-72157716455941416\/\" data-flickr-embed=\"true\"><img loading=\"lazy\" decoding=\"async\" class=\"aligncenter\" src=\"https:\/\/live.staticflickr.com\/65535\/50491394297_94c25bb810.jpg\" alt=\"_0001 [CONVENIO DE COLABORACI\u00d3N] Conferencia de Prensa | Organizaci\u00f3n Pericos de Puebla Y Municipio de Atlixco | Estadio Hermanos Serd\u00e1n | Redacci\u00f3n Axel Petlacalco | Fotograf\u00edas Cortes\u00eda | @PueblaExpres | Edici\u00f3n y retoque www.pueblaexpres.com\" width=\"500\" height=\"333\" \/><\/a><script async src=\"\/\/embedr.flickr.com\/assets\/client-code.js\" charset=\"utf-8\"><\/script><\/p>\n<p>Alfonso L\u00f3pez tambi\u00e9n denot\u00f3 su entusiasmo por este importante paso y se mostr\u00f3 ansioso por comenzar el proyecto. Asimismo, apunt\u00f3 que se busca con este proyecto que el municipio sea \u201cterritorio William Sport\u201d para lo que reiter\u00f3 el compromiso con la juventud del Estado para darles las herramientas necesarias para impulsar las ligas peque\u00f1as, tales como la infraestructura necesaria, paciencia en el proceso e instructores altamente capacitados.<\/p>\n<p>Acto seguido, se realiz\u00f3 el protocolo de la firma oficial del convenio y se cerr\u00f3 con una peque\u00f1a sesi\u00f3n de preguntas y respuestas. En la misma se coment\u00f3 que a la par del desarrollo deportivo, se procurar\u00e1 la parte educativa, de modo que los peloteros tambi\u00e9n cursar\u00e1n el bachillerato dictado por la SEP, as\u00ed como cursos de ingl\u00e9s.<\/p>\n<p><a title=\"_0001 [CONVENIO DE COLABORACI\u00d3N] Conferencia de Prensa | Organizaci\u00f3n Pericos de Puebla Y Municipio de Atlixco | Estadio Hermanos Serd\u00e1n | Redacci\u00f3n Axel Petlacalco | Fotograf\u00edas Cortes\u00eda | @PueblaExpres | Edici\u00f3n y retoque www.pueblaexpres.com\" href=\"https:\/\/www.flickr.com\/photos\/manitas\/50490539073\/in\/album-72157716455941416\/\" data-flickr-embed=\"true\"><img loading=\"lazy\" decoding=\"async\" class=\"aligncenter\" src=\"https:\/\/live.staticflickr.com\/65535\/50490539073_a54db61fb9.jpg\" alt=\"_0001 [CONVENIO DE COLABORACI\u00d3N] Conferencia de Prensa | Organizaci\u00f3n Pericos de Puebla Y Municipio de Atlixco | Estadio Hermanos Serd\u00e1n | Redacci\u00f3n Axel Petlacalco | Fotograf\u00edas Cortes\u00eda | @PueblaExpres | Edici\u00f3n y retoque www.pueblaexpres.com\" width=\"500\" height=\"333\" \/><\/a><script async src=\"\/\/embedr.flickr.com\/assets\/client-code.js\" charset=\"utf-8\"><\/script><\/p>\n<p>Se aclar\u00f3 que la edad m\u00ednima para ingresar a la academia ser\u00e1n 14 a\u00f1os y se hizo hincapi\u00e9 en que \u201clas puertas estar\u00e1n siempre abiertas para los poblanos que deseen probarse y a nivel nacional se realizar\u00e1n constantes visorias para reclutar talento\u201d.<\/p>\n<p>Finalmente, el vicepresidente coment\u00f3 que todo proceso necesita tiempo y es por ello que todos los j\u00f3venes deber\u00e1n cumplir al menos 4 a\u00f1os en la academia, y de esta manera, garantizar que se culmine la etapa de formaci\u00f3n mental y deportiva para dar el salto al b\u00e9isbol profesional.<\/p>\n<p><a title=\"_0001 [CONVENIO DE COLABORACI\u00d3N] Conferencia de Prensa | Organizaci\u00f3n Pericos de Puebla Y Municipio de Atlixco | Estadio Hermanos Serd\u00e1n | Redacci\u00f3n Axel Petlacalco | Fotograf\u00edas Cortes\u00eda | @PueblaExpres | Edici\u00f3n y retoque www.pueblaexpres.com\" href=\"https:\/\/www.flickr.com\/photos\/manitas\/50490540088\/in\/album-72157716455941416\/\" data-flickr-embed=\"true\"><img loading=\"lazy\" decoding=\"async\" class=\"aligncenter\" src=\"https:\/\/live.staticflickr.com\/65535\/50490540088_fc100fe07e.jpg\" alt=\"_0001 [CONVENIO DE COLABORACI\u00d3N] Conferencia de Prensa | Organizaci\u00f3n Pericos de Puebla Y Municipio de Atlixco | Estadio Hermanos Serd\u00e1n | Redacci\u00f3n Axel Petlacalco | Fotograf\u00edas Cortes\u00eda | @PueblaExpres | Edici\u00f3n y retoque www.pueblaexpres.com\" width=\"500\" height=\"333\" \/><\/a><script async src=\"\/\/embedr.flickr.com\/assets\/client-code.js\" charset=\"utf-8\"><\/script><\/p>\n<p><strong>LA OPINI\u00d3N EXPRESADA EN ESTA COLUMNA ES RESPONSABILIDAD DE QUIEN LA ESCRIBE Y NO BUSCA GENERAR CONFLICTOS ENTRE LOS INVOLUCRADOS, SINO GENERAR CONCIENCIA EN CADA LECTOR.<\/strong><\/p>\n<p>[miniflickr photoset_id=72157716455941416&amp;sortby=date-posted-asc&amp;per_page=6]<\/p>\n","protected":false},"excerpt":{"rendered":"<p>Redacci\u00f3n @petlacalco7 | Fotograf\u00edas Cortes\u00eda | #PueblaExpres @PueblaExpres PERICOS DE PUEBLA CONCRETA CONVENIO DE COLABORACI\u00d3N CON EL MUNICIPIO DE ATLIXCO, PUEBLA PARA IMPULSAR EL TALENTO NACIONAL La ma\u00f1ana de este jueves se celebr\u00f3 una conferencia de prensa para anunciar un convenio de colaboraci\u00f3n entre la Organizaci\u00f3n Pericos de Puebla y el municipio de Atlixco. Teniendo [&hellip;]<\/p>\n","protected":false},"author":2,"featured_media":11639,"comment_status":"open","ping_status":"open","sticky":false,"template":"","format":"standard","meta":{"footnotes":""},"categories":[8,9,42,166,36,171,1,7],"tags":[],"_links":{"self":[{"href":"https:\/\/pueblaexpres.com\/portal\/index.php?rest_route=\/wp\/v2\/posts\/11638"}],"collection":[{"href":"https:\/\/pueblaexpres.com\/portal\/index.php?rest_route=\/wp\/v2\/posts"}],"about":[{"href":"https:\/\/pueblaexpres.com\/portal\/index.php?rest_route=\/wp\/v2\/types\/post"}],"author":[{"embeddable":true,"href":"https:\/\/pueblaexpres.com\/portal\/index.php?rest_route=\/wp\/v2\/users\/2"}],"replies":[{"embeddable":true,"href":"https:\/\/pueblaexpres.com\/portal\/index.php?rest_route=%2Fwp%2Fv2%2Fcomments&post=11638"}],"version-history":[{"count":1,"href":"https:\/\/pueblaexpres.com\/portal\/index.php?rest_route=\/wp\/v2\/posts\/11638\/revisions"}],"predecessor-version":[{"id":11640,"href":"https:\/\/pueblaexpres.com\/portal\/index.php?rest_route=\/wp\/v2\/posts\/11638\/revisions\/11640"}],"wp:featuredmedia":[{"embeddable":true,"href":"https:\/\/pueblaexpres.com\/portal\/index.php?rest_route=\/wp\/v2\/media\/11639"}],"wp:attachment":[{"href":"https:\/\/pueblaexpres.com\/portal\/index.php?rest_route=%2Fwp%2Fv2%2Fmedia&parent=11638"}],"wp:term":[{"taxonomy":"category","embeddable":true,"href":"https:\/\/pueblaexpres.com\/portal\/index.php?rest_route=%2Fwp%2Fv2%2Fcategories&post=11638"},{"taxonomy":"post_tag","embeddable":true,"href":"https:\/\/pueblaexpres.com\/portal\/index.php?rest_route=%2Fwp%2Fv2%2Ftags&post=11638"}],"curies":[{"name":"wp","href":"https:\/\/api.w.org\/{rel}","templated":true}]}}