{"id":11616,"date":"2020-10-01T13:57:59","date_gmt":"2020-10-01T19:57:59","guid":{"rendered":"https:\/\/pueblaexpres.com\/portal\/?p=11616"},"modified":"2020-10-04T14:00:49","modified_gmt":"2020-10-04T20:00:49","slug":"presentacion-oficial-fc-los-angeles-cuautlancingo-liga-tdp-2020-2021-complejo-deportivo-el-centenario-san-juan-cuautlancingo-pue","status":"publish","type":"post","link":"https:\/\/pueblaexpres.com\/portal\/?p=11616","title":{"rendered":"[Presentaci\u00f3n Oficial] FC Los \u00c1ngeles Cuautlancingo | Liga TDP 2020-2021 | Complejo Deportivo EL CENTENARIO | San Juan Cuautlancingo, Pue."},"content":{"rendered":"<div name=\"googleone_share_1\" style=\"position:relative;z-index:5;float: right; margin-left: 10px;\"><g:plusone size=\"tall\" count=\"1\" href=\"https:\/\/pueblaexpres.com\/portal\/?p=11616\"><\/g:plusone><\/div><p><a href=\"https:\/\/pueblaexpres.com\/portal\/wp-content\/uploads\/2020\/10\/IMG_8485.jpg\"><img loading=\"lazy\" decoding=\"async\" class=\"wp-image-11617 aligncenter\" src=\"https:\/\/pueblaexpres.com\/portal\/wp-content\/uploads\/2020\/10\/IMG_8485.jpg\" alt=\"\" width=\"500\" height=\"333\" srcset=\"https:\/\/pueblaexpres.com\/portal\/wp-content\/uploads\/2020\/10\/IMG_8485.jpg 800w, https:\/\/pueblaexpres.com\/portal\/wp-content\/uploads\/2020\/10\/IMG_8485-300x200.jpg 300w, https:\/\/pueblaexpres.com\/portal\/wp-content\/uploads\/2020\/10\/IMG_8485-768x512.jpg 768w, https:\/\/pueblaexpres.com\/portal\/wp-content\/uploads\/2020\/10\/IMG_8485-640x426.jpg 640w\" sizes=\"(max-width: 500px) 100vw, 500px\" \/><\/a><\/p>\n<p><strong>Redacci\u00f3n | Fotograf\u00edas Mara Gonz\u00e1lez @maragonzalez_13 \/ Axel Petlacalco \/ Manuel Vela @Mv_ManuelVela | #PueblaExpres @PueblaExpres<\/strong><\/p>\n<p>FC. Los \u00c1ngeles Cuatlancingo Liga TDP<\/p>\n<p>El pasado 01 de octubre se realiz\u00f3 la presentaci\u00f3n oficial de la colaboraci\u00f3n con el gobierno de Cuatlancingo que FC Los \u00c1ngeles logr\u00f3 a trav\u00e9s de su equipo de 3ra Divisi\u00f3n Profesional, esto con la finalidad de llevar el futbol profesional a este municipio y que los j\u00f3venes pertenecientes a este mismo, con cualidades para participar en este equipo tengan una oportunidad de mostrarse y lograr el sue\u00f1o del profesionalismo.<\/p>\n<p><a title=\"IMG_7981 [Presentaci\u00f3n Oficial] FC Los \u00c1ngeles Cuautlancingo | Liga TDP 2020-2021 | Deportivo EL CENTENARIO | San Juan Cuautlancingo | Fotograf\u00edas @maragonzalez_13 \/ @petlacalco7 \/ @Mv_ManuelVela @PueblaExpres | Edici\u00f3n y retoque www.pueblaexpres.com\" href=\"https:\/\/www.flickr.com\/photos\/manitas\/50418426808\/in\/album-72157716256702697\/\" data-flickr-embed=\"true\"><img loading=\"lazy\" decoding=\"async\" class=\"aligncenter\" src=\"https:\/\/live.staticflickr.com\/65535\/50418426808_aeae953dbb.jpg\" alt=\"IMG_7981 [Presentaci\u00f3n Oficial] FC Los \u00c1ngeles Cuautlancingo | Liga TDP 2020-2021 | Deportivo EL CENTENARIO | San Juan Cuautlancingo | Fotograf\u00edas @maragonzalez_13 \/ @petlacalco7 \/ @Mv_ManuelVela @PueblaExpres | Edici\u00f3n y retoque www.pueblaexpres.com\" width=\"500\" height=\"333\" \/><\/a><script async src=\"\/\/embedr.flickr.com\/assets\/client-code.js\" charset=\"utf-8\"><\/script><\/p>\n<p>La Presidenta, Guadalupe Daniel Hern\u00e1ndez, y el Ingeniero Juan Carlos Cuahtepitzi, Presidente del Club, acompa\u00f1ados de regidores y funcionarios mostraron la \u201cpiel\u201d que portar\u00e1n los jugadores de la escuadra angelina.<\/p>\n<p>Con estas acciones, la alcaldesa reiter\u00f3 su compromiso con el deporte, \u201cSe est\u00e1n retomando las actividades deportivas, todo bajo los lineamientos marcados por las autoridades en esta nueva normalidad, estamos con el futbol\u00bb.<\/p>\n<p><a title=\"IMG_7994 [Presentaci\u00f3n Oficial] FC Los \u00c1ngeles Cuautlancingo | Liga TDP 2020-2021 | Deportivo EL CENTENARIO | San Juan Cuautlancingo | Fotograf\u00edas @maragonzalez_13 \/ @petlacalco7 \/ @Mv_ManuelVela @PueblaExpres | Edici\u00f3n y retoque www.pueblaexpres.com\" href=\"https:\/\/www.flickr.com\/photos\/manitas\/50419287572\/in\/album-72157716256702697\/\" data-flickr-embed=\"true\"><img loading=\"lazy\" decoding=\"async\" class=\"aligncenter\" src=\"https:\/\/live.staticflickr.com\/65535\/50419287572_8ef6675ffb.jpg\" alt=\"IMG_7994 [Presentaci\u00f3n Oficial] FC Los \u00c1ngeles Cuautlancingo | Liga TDP 2020-2021 | Deportivo EL CENTENARIO | San Juan Cuautlancingo | Fotograf\u00edas @maragonzalez_13 \/ @petlacalco7 \/ @Mv_ManuelVela @PueblaExpres | Edici\u00f3n y retoque www.pueblaexpres.com\" width=\"500\" height=\"333\" \/><\/a><script async src=\"\/\/embedr.flickr.com\/assets\/client-code.js\" charset=\"utf-8\"><\/script><\/p>\n<p>Resalt\u00f3 que el objetivo es que j\u00f3venes se sumen a las actividades deportivas y acercarlos no s\u00f3lo por el tema de salud sino brindarles herramientas de oportunidad para que sigan creciendo en algo que desean.<!--more--><\/p>\n<p>Daniel Mart\u00ednez Coyotl, capit\u00e1n del equipo FC. Los \u00c1ngeles Cuautlancingo a nombre de todo el equipo externo su compromiso para dar buenos resultados haciendo saber que los partidos en casa se disputar\u00e1n dejando toda su entrega en la cancha.<\/p>\n<p><a title=\"MVF_5333 [Presentaci\u00f3n Oficial] FC Los \u00c1ngeles Cuautlancingo | Liga TDP 2020-2021 | Deportivo EL CENTENARIO | San Juan Cuautlancingo | Fotograf\u00edas @maragonzalez_13 \/ @petlacalco7 \/ @Mv_ManuelVela @PueblaExpres | Edici\u00f3n y retoque www.pueblaexpres.com\" href=\"https:\/\/www.flickr.com\/photos\/manitas\/50418426353\/in\/album-72157716256702697\/\" data-flickr-embed=\"true\"><img loading=\"lazy\" decoding=\"async\" class=\"aligncenter\" src=\"https:\/\/live.staticflickr.com\/65535\/50418426353_d8d0560ae2.jpg\" alt=\"MVF_5333 [Presentaci\u00f3n Oficial] FC Los \u00c1ngeles Cuautlancingo | Liga TDP 2020-2021 | Deportivo EL CENTENARIO | San Juan Cuautlancingo | Fotograf\u00edas @maragonzalez_13 \/ @petlacalco7 \/ @Mv_ManuelVela @PueblaExpres | Edici\u00f3n y retoque www.pueblaexpres.com\" width=\"500\" height=\"281\" \/><\/a><script async src=\"\/\/embedr.flickr.com\/assets\/client-code.js\" charset=\"utf-8\"><\/script><\/p>\n<p>En dicho evento se cont\u00f3 con la presencia de H\u00e9ctor Garc\u00eda Bay\u00f3n, Director de Deportes de Cuautlancingo quien es pieza importante para el desarrollo de este proyecto deportivo, Juan Carlos Cuahtepitzi, Presidente del Club, FC los \u00c1ngeles Cuautlancingo, Manuel Garc\u00eda, Director T\u00e9cnico y Alfredo Centuri\u00f3n, Secretario T\u00e9cnico.<\/p>\n<p><strong>LA OPINI\u00d3N EXPRESADA EN ESTA COLUMNA ES RESPONSABILIDAD DE QUIEN LA ESCRIBE Y NO BUSCA GENERAR CONFLICTOS ENTRE LOS INVOLUCRADOS, SINO GENERAR CONCIENCIA EN CADA LECTOR.<\/strong><\/p>\n<p>[miniflickr photoset_id=72157716256702697&amp;sortby=date-posted-asc&amp;per_page=14]<\/p>\n","protected":false},"excerpt":{"rendered":"<p>Redacci\u00f3n | Fotograf\u00edas Mara Gonz\u00e1lez @maragonzalez_13 \/ Axel Petlacalco \/ Manuel Vela @Mv_ManuelVela | #PueblaExpres @PueblaExpres FC. Los \u00c1ngeles Cuatlancingo Liga TDP El pasado 01 de octubre se realiz\u00f3 la presentaci\u00f3n oficial de la colaboraci\u00f3n con el gobierno de Cuatlancingo que FC Los \u00c1ngeles logr\u00f3 a trav\u00e9s de su equipo de 3ra Divisi\u00f3n Profesional, esto [&hellip;]<\/p>\n","protected":false},"author":2,"featured_media":11617,"comment_status":"open","ping_status":"open","sticky":false,"template":"","format":"standard","meta":{"footnotes":""},"categories":[8,42,166,79,13,3,171,1,7],"tags":[],"_links":{"self":[{"href":"https:\/\/pueblaexpres.com\/portal\/index.php?rest_route=\/wp\/v2\/posts\/11616"}],"collection":[{"href":"https:\/\/pueblaexpres.com\/portal\/index.php?rest_route=\/wp\/v2\/posts"}],"about":[{"href":"https:\/\/pueblaexpres.com\/portal\/index.php?rest_route=\/wp\/v2\/types\/post"}],"author":[{"embeddable":true,"href":"https:\/\/pueblaexpres.com\/portal\/index.php?rest_route=\/wp\/v2\/users\/2"}],"replies":[{"embeddable":true,"href":"https:\/\/pueblaexpres.com\/portal\/index.php?rest_route=%2Fwp%2Fv2%2Fcomments&post=11616"}],"version-history":[{"count":1,"href":"https:\/\/pueblaexpres.com\/portal\/index.php?rest_route=\/wp\/v2\/posts\/11616\/revisions"}],"predecessor-version":[{"id":11618,"href":"https:\/\/pueblaexpres.com\/portal\/index.php?rest_route=\/wp\/v2\/posts\/11616\/revisions\/11618"}],"wp:featuredmedia":[{"embeddable":true,"href":"https:\/\/pueblaexpres.com\/portal\/index.php?rest_route=\/wp\/v2\/media\/11617"}],"wp:attachment":[{"href":"https:\/\/pueblaexpres.com\/portal\/index.php?rest_route=%2Fwp%2Fv2%2Fmedia&parent=11616"}],"wp:term":[{"taxonomy":"category","embeddable":true,"href":"https:\/\/pueblaexpres.com\/portal\/index.php?rest_route=%2Fwp%2Fv2%2Fcategories&post=11616"},{"taxonomy":"post_tag","embeddable":true,"href":"https:\/\/pueblaexpres.com\/portal\/index.php?rest_route=%2Fwp%2Fv2%2Ftags&post=11616"}],"curies":[{"name":"wp","href":"https:\/\/api.w.org\/{rel}","templated":true}]}}