{"id":11593,"date":"2020-09-26T18:16:26","date_gmt":"2020-09-27T00:16:26","guid":{"rendered":"https:\/\/pueblaexpres.com\/portal\/?p=11593"},"modified":"2020-09-26T18:16:26","modified_gmt":"2020-09-27T00:16:26","slug":"torneo-guardianes-2020-liga-j12-categoria-sub-17-club-puebla-vs-club-queretaro-complejo-deportivo-los-olivos-liga-bbva-mx","status":"publish","type":"post","link":"https:\/\/pueblaexpres.com\/portal\/?p=11593","title":{"rendered":"[Torneo Guardianes 2020 \/ LIGA J12] Categor\u00eda SUB 17 | Club Puebla vs Club Quer\u00e9taro | Complejo Deportivo Los Olivos | Liga BBVA Mx"},"content":{"rendered":"<div name=\"googleone_share_1\" style=\"position:relative;z-index:5;float: right; margin-left: 10px;\"><g:plusone size=\"tall\" count=\"1\" href=\"https:\/\/pueblaexpres.com\/portal\/?p=11593\"><\/g:plusone><\/div><p><a href=\"https:\/\/pueblaexpres.com\/portal\/wp-content\/uploads\/2020\/09\/IMGL0135.jpg\"><img loading=\"lazy\" decoding=\"async\" class=\"wp-image-11594 aligncenter\" src=\"https:\/\/pueblaexpres.com\/portal\/wp-content\/uploads\/2020\/09\/IMGL0135.jpg\" alt=\"\" width=\"499\" height=\"332\" srcset=\"https:\/\/pueblaexpres.com\/portal\/wp-content\/uploads\/2020\/09\/IMGL0135.jpg 800w, https:\/\/pueblaexpres.com\/portal\/wp-content\/uploads\/2020\/09\/IMGL0135-300x200.jpg 300w, https:\/\/pueblaexpres.com\/portal\/wp-content\/uploads\/2020\/09\/IMGL0135-768x512.jpg 768w, https:\/\/pueblaexpres.com\/portal\/wp-content\/uploads\/2020\/09\/IMGL0135-640x426.jpg 640w\" sizes=\"(max-width: 499px) 100vw, 499px\" \/><\/a><\/p>\n<p><strong>Redacci\u00f3n | Fotograf\u00edas Mara Gonz\u00e1lez @maragonzalez_13 \/ Axel Petlacalco \/ Manuel Vela @Mv_ManuelVela | #PueblaExpres @PueblaExpres<\/strong><\/p>\n<p>Club Puebla vs Club Quer\u00e9taro<\/p>\n<p><a title=\"IMGL0206 [Torneo Guardianes 2020 \/ LIGA J12] Categor\u00eda SUB 17 Club Puebla vs Club Quer\u00e9taro | Complejo Deportivo Los Olivos | Redacci\u00f3n | Im\u00e1genes @maragonzalez_13 \/ Axel Petlacalco \/ @Mv_ManuelVela | @PueblaExpres | Edici\u00f3n y retoque www.pueblaexpres.com\" href=\"https:\/\/www.flickr.com\/photos\/manitas\/50387826297\/in\/album-72157716137616197\/\" data-flickr-embed=\"true\"><img loading=\"lazy\" decoding=\"async\" class=\"aligncenter\" src=\"https:\/\/live.staticflickr.com\/65535\/50387826297_f9bd71f8de.jpg\" alt=\"IMGL0206 [Torneo Guardianes 2020 \/ LIGA J12] Categor\u00eda SUB 17 Club Puebla vs Club Quer\u00e9taro | Complejo Deportivo Los Olivos | Redacci\u00f3n | Im\u00e1genes @maragonzalez_13 \/ Axel Petlacalco \/ @Mv_ManuelVela | @PueblaExpres | Edici\u00f3n y retoque www.pueblaexpres.com\" width=\"500\" height=\"333\" \/><\/a><script async src=\"\/\/embedr.flickr.com\/assets\/client-code.js\" charset=\"utf-8\"><\/script><\/p>\n<p>Se disput\u00f3 el partido de la fecha 12 del Torneo Guardianes 2020 de Fuerzas B\u00e1sicas Sub 17 de la LIGA BBVA MX<\/p>\n<p>Partido celebrado en la grama del Complejo Deportivo Los Olivos en la Ciudad de Puebla.<\/p>\n<p><a title=\"IMGL0152 [Torneo Guardianes 2020 \/ LIGA J12] Categor\u00eda SUB 17 Club Puebla vs Club Quer\u00e9taro | Complejo Deportivo Los Olivos | Redacci\u00f3n | Im\u00e1genes @maragonzalez_13 \/ Axel Petlacalco \/ @Mv_ManuelVela | @PueblaExpres | Edici\u00f3n y retoque www.pueblaexpres.com\" href=\"https:\/\/www.flickr.com\/photos\/manitas\/50387826312\/in\/album-72157716137616197\/\" data-flickr-embed=\"true\"><img loading=\"lazy\" decoding=\"async\" class=\"aligncenter\" src=\"https:\/\/live.staticflickr.com\/65535\/50387826312_a8dba4e0e3.jpg\" alt=\"IMGL0152 [Torneo Guardianes 2020 \/ LIGA J12] Categor\u00eda SUB 17 Club Puebla vs Club Quer\u00e9taro | Complejo Deportivo Los Olivos | Redacci\u00f3n | Im\u00e1genes @maragonzalez_13 \/ Axel Petlacalco \/ @Mv_ManuelVela | @PueblaExpres | Edici\u00f3n y retoque www.pueblaexpres.com\" width=\"500\" height=\"334\" \/><\/a><script async src=\"\/\/embedr.flickr.com\/assets\/client-code.js\" charset=\"utf-8\"><\/script><\/p>\n<p>El Encuentro<\/p>\n<p>Club Puebla derrot\u00f3 por la m\u00ednima diferencia a Quer\u00e9taro.<!--more--><\/p>\n<p><a title=\"MVF_0978 [Torneo Guardianes 2020 \/ LIGA J12] Categor\u00eda SUB 17 Club Puebla vs Club Quer\u00e9taro | Complejo Deportivo Los Olivos | Redacci\u00f3n | Im\u00e1genes @maragonzalez_13 \/ Axel Petlacalco \/ @Mv_ManuelVela | @PueblaExpres | Edici\u00f3n y retoque www.pueblaexpres.com\" href=\"https:\/\/www.flickr.com\/photos\/manitas\/50386949653\/in\/album-72157716137616197\/\" data-flickr-embed=\"true\"><img loading=\"lazy\" decoding=\"async\" class=\"aligncenter\" src=\"https:\/\/live.staticflickr.com\/65535\/50386949653_158ffea102.jpg\" alt=\"MVF_0978 [Torneo Guardianes 2020 \/ LIGA J12] Categor\u00eda SUB 17 Club Puebla vs Club Quer\u00e9taro | Complejo Deportivo Los Olivos | Redacci\u00f3n | Im\u00e1genes @maragonzalez_13 \/ Axel Petlacalco \/ @Mv_ManuelVela | @PueblaExpres | Edici\u00f3n y retoque www.pueblaexpres.com\" width=\"500\" height=\"334\" \/><\/a><script async src=\"\/\/embedr.flickr.com\/assets\/client-code.js\" charset=\"utf-8\"><\/script><\/p>\n<p>El anotador de los poblanos fue el mediocampista Sebasti\u00e1n L\u00f3pez al minuto 77.<\/p>\n<p>La Franja se sit\u00faa en el noveno puesto con 17 puntos.<\/p>\n<p><a title=\"IMG_6085 [Torneo Guardianes 2020 \/ LIGA J12] Categor\u00eda SUB 17 Club Puebla vs Club Quer\u00e9taro | Complejo Deportivo Los Olivos | Redacci\u00f3n | Im\u00e1genes @maragonzalez_13 \/ Axel Petlacalco \/ @Mv_ManuelVela | @PueblaExpres | Edici\u00f3n y retoque www.pueblaexpres.com\" href=\"https:\/\/www.flickr.com\/photos\/manitas\/50387826517\/in\/album-72157716137616197\/\" data-flickr-embed=\"true\"><img loading=\"lazy\" decoding=\"async\" class=\"aligncenter\" src=\"https:\/\/live.staticflickr.com\/65535\/50387826517_5d75f34c6f.jpg\" alt=\"IMG_6085 [Torneo Guardianes 2020 \/ LIGA J12] Categor\u00eda SUB 17 Club Puebla vs Club Quer\u00e9taro | Complejo Deportivo Los Olivos | Redacci\u00f3n | Im\u00e1genes @maragonzalez_13 \/ Axel Petlacalco \/ @Mv_ManuelVela | @PueblaExpres | Edici\u00f3n y retoque www.pueblaexpres.com\" width=\"500\" height=\"333\" \/><\/a><script async src=\"\/\/embedr.flickr.com\/assets\/client-code.js\" charset=\"utf-8\"><\/script><\/p>\n<p>Quer\u00e9taro se qued\u00f3 en el \u00faltimo lugar con cinco unidades.<\/p>\n<p>Para la Jornada 13 el Club Puebla recibir\u00e1 en casa al Club Santos Laguna, mientras que el Club Quer\u00e9taro recibir\u00e1 a los Rayados de Monterrey.<\/p>\n<p><a title=\"IMGL0053 [Torneo Guardianes 2020 \/ LIGA J12] Categor\u00eda SUB 17 Club Puebla vs Club Quer\u00e9taro | Complejo Deportivo Los Olivos | Redacci\u00f3n | Im\u00e1genes @maragonzalez_13 \/ Axel Petlacalco \/ @Mv_ManuelVela | @PueblaExpres | Edici\u00f3n y retoque www.pueblaexpres.com\" href=\"https:\/\/www.flickr.com\/photos\/manitas\/50386949918\/in\/album-72157716137616197\/\" data-flickr-embed=\"true\"><img loading=\"lazy\" decoding=\"async\" class=\"aligncenter\" src=\"https:\/\/live.staticflickr.com\/65535\/50386949918_34430e3602.jpg\" alt=\"IMGL0053 [Torneo Guardianes 2020 \/ LIGA J12] Categor\u00eda SUB 17 Club Puebla vs Club Quer\u00e9taro | Complejo Deportivo Los Olivos | Redacci\u00f3n | Im\u00e1genes @maragonzalez_13 \/ Axel Petlacalco \/ @Mv_ManuelVela | @PueblaExpres | Edici\u00f3n y retoque www.pueblaexpres.com\" width=\"500\" height=\"333\" \/><\/a><script async src=\"\/\/embedr.flickr.com\/assets\/client-code.js\" charset=\"utf-8\"><\/script><\/p>\n<p><strong>LA OPINI\u00d3N EXPRESADA EN ESTA COLUMNA ES RESPONSABILIDAD DE QUIEN LA ESCRIBE Y NO BUSCA GENERAR CONFLICTOS ENTRE LOS INVOLUCRADOS, SINO GENERAR CONCIENCIA EN CADA LECTOR.<\/strong><\/p>\n<p>[miniflickr photoset_id=72157716137616197&amp;sortby=date-posted-asc&amp;per_page=33]<\/p>\n","protected":false},"excerpt":{"rendered":"<p>Redacci\u00f3n | Fotograf\u00edas Mara Gonz\u00e1lez @maragonzalez_13 \/ Axel Petlacalco \/ Manuel Vela @Mv_ManuelVela | #PueblaExpres @PueblaExpres Club Puebla vs Club Quer\u00e9taro Se disput\u00f3 el partido de la fecha 12 del Torneo Guardianes 2020 de Fuerzas B\u00e1sicas Sub 17 de la LIGA BBVA MX Partido celebrado en la grama del Complejo Deportivo Los Olivos en la [&hellip;]<\/p>\n","protected":false},"author":2,"featured_media":11594,"comment_status":"open","ping_status":"open","sticky":false,"template":"","format":"standard","meta":{"footnotes":""},"categories":[8,42,79,13,3,171,1,7],"tags":[],"_links":{"self":[{"href":"https:\/\/pueblaexpres.com\/portal\/index.php?rest_route=\/wp\/v2\/posts\/11593"}],"collection":[{"href":"https:\/\/pueblaexpres.com\/portal\/index.php?rest_route=\/wp\/v2\/posts"}],"about":[{"href":"https:\/\/pueblaexpres.com\/portal\/index.php?rest_route=\/wp\/v2\/types\/post"}],"author":[{"embeddable":true,"href":"https:\/\/pueblaexpres.com\/portal\/index.php?rest_route=\/wp\/v2\/users\/2"}],"replies":[{"embeddable":true,"href":"https:\/\/pueblaexpres.com\/portal\/index.php?rest_route=%2Fwp%2Fv2%2Fcomments&post=11593"}],"version-history":[{"count":1,"href":"https:\/\/pueblaexpres.com\/portal\/index.php?rest_route=\/wp\/v2\/posts\/11593\/revisions"}],"predecessor-version":[{"id":11595,"href":"https:\/\/pueblaexpres.com\/portal\/index.php?rest_route=\/wp\/v2\/posts\/11593\/revisions\/11595"}],"wp:featuredmedia":[{"embeddable":true,"href":"https:\/\/pueblaexpres.com\/portal\/index.php?rest_route=\/wp\/v2\/media\/11594"}],"wp:attachment":[{"href":"https:\/\/pueblaexpres.com\/portal\/index.php?rest_route=%2Fwp%2Fv2%2Fmedia&parent=11593"}],"wp:term":[{"taxonomy":"category","embeddable":true,"href":"https:\/\/pueblaexpres.com\/portal\/index.php?rest_route=%2Fwp%2Fv2%2Fcategories&post=11593"},{"taxonomy":"post_tag","embeddable":true,"href":"https:\/\/pueblaexpres.com\/portal\/index.php?rest_route=%2Fwp%2Fv2%2Ftags&post=11593"}],"curies":[{"name":"wp","href":"https:\/\/api.w.org\/{rel}","templated":true}]}}