{"id":11580,"date":"2020-09-21T16:15:05","date_gmt":"2020-09-21T22:15:05","guid":{"rendered":"https:\/\/pueblaexpres.com\/portal\/?p=11580"},"modified":"2020-09-21T16:15:05","modified_gmt":"2020-09-21T22:15:05","slug":"fotografia-oficial-y-presentacion-de-uniformes-fc-guerreros-de-la-plata-liga-tdp-de-mexico-real-del-monte-pachuca-de-soto-hidalgo","status":"publish","type":"post","link":"https:\/\/pueblaexpres.com\/portal\/?p=11580","title":{"rendered":"[Fotograf\u00eda Oficial Y Presentaci\u00f3n de Uniformes] FC Guerreros de la Plata | Liga TDP de M\u00e9xico | Real del Monte | Pachuca de Soto Hidalgo"},"content":{"rendered":"<div name=\"googleone_share_1\" style=\"position:relative;z-index:5;float: right; margin-left: 10px;\"><g:plusone size=\"tall\" count=\"1\" href=\"https:\/\/pueblaexpres.com\/portal\/?p=11580\"><\/g:plusone><\/div><p><a href=\"https:\/\/pueblaexpres.com\/portal\/wp-content\/uploads\/2020\/09\/IMG_0044.jpg\"><img loading=\"lazy\" decoding=\"async\" class=\"wp-image-11581 aligncenter\" src=\"https:\/\/pueblaexpres.com\/portal\/wp-content\/uploads\/2020\/09\/IMG_0044.jpg\" alt=\"\" width=\"500\" height=\"281\" srcset=\"https:\/\/pueblaexpres.com\/portal\/wp-content\/uploads\/2020\/09\/IMG_0044.jpg 948w, https:\/\/pueblaexpres.com\/portal\/wp-content\/uploads\/2020\/09\/IMG_0044-300x169.jpg 300w, https:\/\/pueblaexpres.com\/portal\/wp-content\/uploads\/2020\/09\/IMG_0044-768x432.jpg 768w, https:\/\/pueblaexpres.com\/portal\/wp-content\/uploads\/2020\/09\/IMG_0044-640x360.jpg 640w\" sizes=\"(max-width: 500px) 100vw, 500px\" \/><\/a><\/p>\n<p><strong>Redacci\u00f3n Axel Petlacalco @petlacalco7 | Fotograf\u00edas Mara Gonz\u00e1lez @maragonzalez_13 \/ Manuel Vela @Mv_ManuelVela | #PueblaExpres @PueblaExpres<\/strong><\/p>\n<p>Club Guerreros de la Plata llega a la Liga TDP<\/p>\n<p>El pasado s\u00e1bado se llev\u00f3 a cabo la presentaci\u00f3n del Club Guerreros de la Plata, quienes debutar\u00e1n oficialmente en la Liga TDP con un proyecto \u201c100 integral\u201d que estar\u00e1 encabezado por Luis Eduardo V\u00e1zquez y conformado por un 90% de elementos originarios del Estado de Hidalgo.<\/p>\n<p><a title=\"IMG_0009 [Fotograf\u00eda Oficial] FC Guerreros de la Plata | Liga TDP de M\u00e9xico | Real del Monte | Pachuca de Soto Hidalgo | Redacci\u00f3n @petlacalco7 | Fotograf\u00edas @maragonzalez_13 \/ @Mv_ManuelVela @PueblaExpres | Edici\u00f3n y retoque www.pueblaexpres.com\" href=\"https:\/\/www.flickr.com\/photos\/manitas\/50369238331\/in\/album-72157716069259347\/\" data-flickr-embed=\"true\"><img loading=\"lazy\" decoding=\"async\" class=\"aligncenter\" src=\"https:\/\/live.staticflickr.com\/65535\/50369238331_7a3a409f2a.jpg\" alt=\"IMG_0009 [Fotograf\u00eda Oficial] FC Guerreros de la Plata | Liga TDP de M\u00e9xico | Real del Monte | Pachuca de Soto Hidalgo | Redacci\u00f3n @petlacalco7 | Fotograf\u00edas @maragonzalez_13 \/ @Mv_ManuelVela @PueblaExpres | Edici\u00f3n y retoque www.pueblaexpres.com\" width=\"500\" height=\"333\" \/><\/a><script async src=\"\/\/embedr.flickr.com\/assets\/client-code.js\" charset=\"utf-8\"><\/script><\/p>\n<p>Durante la rueda de prensa en la que estuvieron presentes los altos mandos del club, se destac\u00f3 el esfuerzo y sacrificio de varios meses para consolidar el proyecto.<\/p>\n<p>El presidente Luis Eduardo V\u00e1zquez agradeci\u00f3 la confianza de las personas que se animaron a conformar el equipo, as\u00ed como el compromiso de todos ellos. Destac\u00f3 que el escudo est\u00e1 basado en la esencia del club que son \u201cGuerreros\u201d as\u00ed como en un mineral ic\u00f3nico de la regi\u00f3n como lo es \u201cla plata\u201d.<!--more--><\/p>\n<p><a title=\"MVF_4178 [Fotograf\u00eda Oficial] FC Guerreros de la Plata | Liga TDP de M\u00e9xico | Real del Monte | Pachuca de Soto Hidalgo | Redacci\u00f3n @petlacalco7 | Fotograf\u00edas @maragonzalez_13 \/ @Mv_ManuelVela @PueblaExpres | Edici\u00f3n y retoque www.pueblaexpres.com\" href=\"https:\/\/www.flickr.com\/photos\/manitas\/50369399277\/in\/dateposted-public\/\" data-flickr-embed=\"true\"><img loading=\"lazy\" decoding=\"async\" class=\"aligncenter\" src=\"https:\/\/live.staticflickr.com\/65535\/50369399277_4acda890fd.jpg\" alt=\"MVF_4178 [Fotograf\u00eda Oficial] FC Guerreros de la Plata | Liga TDP de M\u00e9xico | Real del Monte | Pachuca de Soto Hidalgo | Redacci\u00f3n @petlacalco7 | Fotograf\u00edas @maragonzalez_13 \/ @Mv_ManuelVela @PueblaExpres | Edici\u00f3n y retoque www.pueblaexpres.com\" width=\"500\" height=\"333\" \/><\/a><script async src=\"\/\/embedr.flickr.com\/assets\/client-code.js\" charset=\"utf-8\"><\/script><\/p>\n<p>El directivo, tambi\u00e9n mencion\u00f3 que el proyecto tiene como objetivo la formaci\u00f3n de futbolistas, as\u00ed como brindar la oportunidad a j\u00f3venes hidalguenses, que son los que le dan identidad al conjunto. La vicepresidenta Lizeth V\u00e1zquez destac\u00f3 que la instituci\u00f3n tendr\u00e1 un sello \u201c100 integral y familiar\u201d, haciendo hincapi\u00e9 en que su familia ha estado rodeada todo el tiempo de futbol y esto significa la consolidaci\u00f3n de un sue\u00f1o.<\/p>\n<p>Por otro lado, Salvador Pati\u00f1o Oviedo, quien ser\u00e1 el Director T\u00e9cnico, agradeci\u00f3 la oportunidad que le han brindado y se comprometi\u00f3 a aportar toda su experiencia.<\/p>\n<p><a title=\"MVF_0429 [Presentaci\u00f3n de Uniformes] FC Guerreros de la Plata | Liga TDP de M\u00e9xico | Pachuca de Soto Hidalgo | Redacci\u00f3n @petlacalco7 | Fotograf\u00edas @maragonzalez_13 \/ @Mv_ManuelVela @PueblaExpres | Edici\u00f3n y retoque www.pueblaexpres.com\" href=\"https:\/\/www.flickr.com\/photos\/manitas\/50369399362\/in\/dateposted-public\/\" data-flickr-embed=\"true\"><img loading=\"lazy\" decoding=\"async\" class=\"aligncenter\" src=\"https:\/\/live.staticflickr.com\/65535\/50369399362_0bcf2b23a4.jpg\" alt=\"MVF_0429 [Presentaci\u00f3n de Uniformes] FC Guerreros de la Plata | Liga TDP de M\u00e9xico | Pachuca de Soto Hidalgo | Redacci\u00f3n @petlacalco7 | Fotograf\u00edas @maragonzalez_13 \/ @Mv_ManuelVela @PueblaExpres | Edici\u00f3n y retoque www.pueblaexpres.com\" width=\"500\" height=\"333\" \/><\/a><script async src=\"\/\/embedr.flickr.com\/assets\/client-code.js\" charset=\"utf-8\"><\/script><\/p>\n<p>Junto a el tambi\u00e9n llegar\u00e1n Israel S\u00e1nchez Alcantar como auxiliar t\u00e9cnico, Arturo S\u00e1nchez Hern\u00e1ndez como director deportivo, H\u00e9ctor Islas Islas como preparados f\u00edsico e Idhal\u00ed L\u00f3pez Delgadillo ser\u00e1 la responsable de la nutrici\u00f3n de los jugadores.<\/p>\n<p>Se hizo oficial que el conjunto tendr\u00e1 como sede la cancha del Deportivo Espartaco, en La Antorcha, Pachuca, donde abrir\u00e1n la temporada el 26 de septiembre al recibir al conjunto de Marnap, a las 10 de la ma\u00f1ana. Cabe destacar que hasta que las autoridades lo permitan, todos los partidos se jugar\u00e1n a puerta cerrada.<\/p>\n<p><a title=\"MVF_0352 [Presentaci\u00f3n de Uniformes] FC Guerreros de la Plata | Liga TDP de M\u00e9xico | Pachuca de Soto Hidalgo | Redacci\u00f3n @petlacalco7 | Fotograf\u00edas @maragonzalez_13 \/ @Mv_ManuelVela @PueblaExpres | Edici\u00f3n y retoque www.pueblaexpres.com\" href=\"https:\/\/www.flickr.com\/photos\/manitas\/50368534073\/in\/dateposted-public\/\" data-flickr-embed=\"true\"><img loading=\"lazy\" decoding=\"async\" class=\"aligncenter\" src=\"https:\/\/live.staticflickr.com\/65535\/50368534073_84a3ab9e31.jpg\" alt=\"MVF_0352 [Presentaci\u00f3n de Uniformes] FC Guerreros de la Plata | Liga TDP de M\u00e9xico | Pachuca de Soto Hidalgo | Redacci\u00f3n @petlacalco7 | Fotograf\u00edas @maragonzalez_13 \/ @Mv_ManuelVela @PueblaExpres | Edici\u00f3n y retoque www.pueblaexpres.com\" width=\"500\" height=\"281\" \/><\/a><script async src=\"\/\/embedr.flickr.com\/assets\/client-code.js\" charset=\"utf-8\"><\/script><\/p>\n<p>Finalmente se hizo la presentaci\u00f3n de los uniformes de esta temporada 2020-2021 que ser\u00e1n elaborados por la marca Edcor. El uniforme de local ser\u00e1 todo blanco con detalles en color dorado, mientras que la indumentaria de visitante ser\u00e1 en tono azul marino con detalles en blanco y las equipaciones para los guardametas ser\u00e1n, una en color naranja y la otro en tono verde.<\/p>\n<p>Durante la ma\u00f1ana del s\u00e1bado, el equipo hizo un desayuno en la cafeter\u00eda \u201cEl Charro\u201d donde cada jugador recibi\u00f3 sus indumentarias y teniendo como marco el caracter\u00edstico clima de Real del Monte, se realiz\u00f3 la fotograf\u00eda oficial con todos los elementos que conforman a FC Guerreros de la Plata.<\/p>\n<p><a title=\"MVF_4244 [Presentaci\u00f3n de Uniformes] FC Guerreros de la Plata | Liga TDP de M\u00e9xico | Pachuca de Soto Hidalgo | Redacci\u00f3n @petlacalco7 | Fotograf\u00edas @maragonzalez_13 \/ @Mv_ManuelVela @PueblaExpres | Edici\u00f3n y retoque www.pueblaexpres.com\" href=\"https:\/\/www.flickr.com\/photos\/manitas\/50369237701\/in\/dateposted-public\/\" data-flickr-embed=\"true\"><img loading=\"lazy\" decoding=\"async\" class=\"aligncenter\" src=\"https:\/\/live.staticflickr.com\/65535\/50369237701_26374875d1.jpg\" alt=\"MVF_4244 [Presentaci\u00f3n de Uniformes] FC Guerreros de la Plata | Liga TDP de M\u00e9xico | Pachuca de Soto Hidalgo | Redacci\u00f3n @petlacalco7 | Fotograf\u00edas @maragonzalez_13 \/ @Mv_ManuelVela @PueblaExpres | Edici\u00f3n y retoque www.pueblaexpres.com\" width=\"500\" height=\"333\" \/><\/a><script async src=\"\/\/embedr.flickr.com\/assets\/client-code.js\" charset=\"utf-8\"><\/script><\/p>\n<p><strong>LA OPINI\u00d3N EXPRESADA EN ESTA COLUMNA ES RESPONSABILIDAD DE QUIEN LA ESCRIBE Y NO BUSCA GENERAR CONFLICTOS ENTRE LOS INVOLUCRADOS, SINO GENERAR CONCIENCIA EN CADA LECTOR.<\/strong><\/p>\n<p>[miniflickr photoset_id=72157716069259347&amp;sortby=date-posted-asc&amp;per_page=47]<\/p>\n","protected":false},"excerpt":{"rendered":"<p>Redacci\u00f3n Axel Petlacalco @petlacalco7 | Fotograf\u00edas Mara Gonz\u00e1lez @maragonzalez_13 \/ Manuel Vela @Mv_ManuelVela | #PueblaExpres @PueblaExpres Club Guerreros de la Plata llega a la Liga TDP El pasado s\u00e1bado se llev\u00f3 a cabo la presentaci\u00f3n del Club Guerreros de la Plata, quienes debutar\u00e1n oficialmente en la Liga TDP con un proyecto \u201c100 integral\u201d que estar\u00e1 [&hellip;]<\/p>\n","protected":false},"author":2,"featured_media":11581,"comment_status":"open","ping_status":"open","sticky":false,"template":"","format":"standard","meta":{"footnotes":""},"categories":[8,42,166,170,36,13,3,171,1,7],"tags":[],"_links":{"self":[{"href":"https:\/\/pueblaexpres.com\/portal\/index.php?rest_route=\/wp\/v2\/posts\/11580"}],"collection":[{"href":"https:\/\/pueblaexpres.com\/portal\/index.php?rest_route=\/wp\/v2\/posts"}],"about":[{"href":"https:\/\/pueblaexpres.com\/portal\/index.php?rest_route=\/wp\/v2\/types\/post"}],"author":[{"embeddable":true,"href":"https:\/\/pueblaexpres.com\/portal\/index.php?rest_route=\/wp\/v2\/users\/2"}],"replies":[{"embeddable":true,"href":"https:\/\/pueblaexpres.com\/portal\/index.php?rest_route=%2Fwp%2Fv2%2Fcomments&post=11580"}],"version-history":[{"count":1,"href":"https:\/\/pueblaexpres.com\/portal\/index.php?rest_route=\/wp\/v2\/posts\/11580\/revisions"}],"predecessor-version":[{"id":11582,"href":"https:\/\/pueblaexpres.com\/portal\/index.php?rest_route=\/wp\/v2\/posts\/11580\/revisions\/11582"}],"wp:featuredmedia":[{"embeddable":true,"href":"https:\/\/pueblaexpres.com\/portal\/index.php?rest_route=\/wp\/v2\/media\/11581"}],"wp:attachment":[{"href":"https:\/\/pueblaexpres.com\/portal\/index.php?rest_route=%2Fwp%2Fv2%2Fmedia&parent=11580"}],"wp:term":[{"taxonomy":"category","embeddable":true,"href":"https:\/\/pueblaexpres.com\/portal\/index.php?rest_route=%2Fwp%2Fv2%2Fcategories&post=11580"},{"taxonomy":"post_tag","embeddable":true,"href":"https:\/\/pueblaexpres.com\/portal\/index.php?rest_route=%2Fwp%2Fv2%2Ftags&post=11580"}],"curies":[{"name":"wp","href":"https:\/\/api.w.org\/{rel}","templated":true}]}}