{"id":11539,"date":"2020-09-08T22:10:16","date_gmt":"2020-09-09T04:10:16","guid":{"rendered":"https:\/\/pueblaexpres.com\/portal\/?p=11539"},"modified":"2020-09-08T22:10:16","modified_gmt":"2020-09-09T04:10:16","slug":"torneo-guardianes-2020-liga-j09-categoria-sub-17-club-puebla-vs-club-america-complejo-deportivo-los-olivos-liga-bbva-mx","status":"publish","type":"post","link":"https:\/\/pueblaexpres.com\/portal\/?p=11539","title":{"rendered":"[Torneo Guardianes 2020 \/ LIGA J09] Categor\u00eda SUB 17 | Club Puebla vs Club Am\u00e9rica | Complejo Deportivo Los Olivos | Liga BBVA Mx"},"content":{"rendered":"<div name=\"googleone_share_1\" style=\"position:relative;z-index:5;float: right; margin-left: 10px;\"><g:plusone size=\"tall\" count=\"1\" href=\"https:\/\/pueblaexpres.com\/portal\/?p=11539\"><\/g:plusone><\/div><p><a href=\"https:\/\/pueblaexpres.com\/portal\/wp-content\/uploads\/2020\/09\/MVF_0072.jpg\"><img loading=\"lazy\" decoding=\"async\" class=\"wp-image-11540 aligncenter\" src=\"https:\/\/pueblaexpres.com\/portal\/wp-content\/uploads\/2020\/09\/MVF_0072.jpg\" alt=\"\" width=\"499\" height=\"332\" srcset=\"https:\/\/pueblaexpres.com\/portal\/wp-content\/uploads\/2020\/09\/MVF_0072.jpg 800w, https:\/\/pueblaexpres.com\/portal\/wp-content\/uploads\/2020\/09\/MVF_0072-300x200.jpg 300w, https:\/\/pueblaexpres.com\/portal\/wp-content\/uploads\/2020\/09\/MVF_0072-768x512.jpg 768w, https:\/\/pueblaexpres.com\/portal\/wp-content\/uploads\/2020\/09\/MVF_0072-640x426.jpg 640w\" sizes=\"(max-width: 499px) 100vw, 499px\" \/><\/a><\/p>\n<p><strong>Redacci\u00f3n | Fotograf\u00edas Mara Gonz\u00e1lez @maragonzalez_13 \/ Axel Petlacalco \/ Manuel Vela @Mv_ManuelVela | #PueblaExpres @PueblaExpres<\/strong><\/p>\n<p>Club Puebla vs Club Am\u00e9rica<\/p>\n<p>Se disput\u00f3 el partido de la fecha 09 del Torneo Guardianes 2020 de Fuerzas B\u00e1sicas Sub 17 de la LIGA BBVA MX<\/p>\n<p><a title=\"IMG_2946 [Torneo Guardianes 2020 \/ LIGA J09] Categor\u00eda SUB 17 | Club Puebla vs Club Am\u00e9rica | Complejo Deportivo Los Olivos | Redacci\u00f3n | Im\u00e1genes @maragonzalez_13 \/ Axel Petlacalco \/ @Mv_ManuelVela | @PueblaExpres | Edici\u00f3n y retoque www.pueblaexpres.com\" href=\"https:\/\/www.flickr.com\/photos\/manitas\/50322201186\/in\/album-72157715901803407\/\" data-flickr-embed=\"true\"><img loading=\"lazy\" decoding=\"async\" class=\"aligncenter\" src=\"https:\/\/live.staticflickr.com\/65535\/50322201186_25b72f143a.jpg\" alt=\"IMG_2946 [Torneo Guardianes 2020 \/ LIGA J09] Categor\u00eda SUB 17 | Club Puebla vs Club Am\u00e9rica | Complejo Deportivo Los Olivos | Redacci\u00f3n | Im\u00e1genes @maragonzalez_13 \/ Axel Petlacalco \/ @Mv_ManuelVela | @PueblaExpres | Edici\u00f3n y retoque www.pueblaexpres.com\" width=\"500\" height=\"333\" \/><\/a><script async src=\"\/\/embedr.flickr.com\/assets\/client-code.js\" charset=\"utf-8\"><\/script><\/p>\n<p>Partido celebrado en la grama del Complejo Deportivo Los Olivos en la Ciudad de Puebla.<\/p>\n<p>El Encuentro<\/p>\n<p><a title=\"IMGL0064 [Torneo Guardianes 2020 \/ LIGA J09] Categor\u00eda SUB 17 | Club Puebla vs Club Am\u00e9rica | Complejo Deportivo Los Olivos | Redacci\u00f3n | Im\u00e1genes @maragonzalez_13 \/ Axel Petlacalco \/ @Mv_ManuelVela | @PueblaExpres | Edici\u00f3n y retoque www.pueblaexpres.com\" href=\"https:\/\/www.flickr.com\/photos\/manitas\/50322380632\/in\/album-72157715901803407\/\" data-flickr-embed=\"true\"><img loading=\"lazy\" decoding=\"async\" class=\"aligncenter\" src=\"https:\/\/live.staticflickr.com\/65535\/50322380632_a1e4518592.jpg\" alt=\"IMGL0064 [Torneo Guardianes 2020 \/ LIGA J09] Categor\u00eda SUB 17 | Club Puebla vs Club Am\u00e9rica | Complejo Deportivo Los Olivos | Redacci\u00f3n | Im\u00e1genes @maragonzalez_13 \/ Axel Petlacalco \/ @Mv_ManuelVela | @PueblaExpres | Edici\u00f3n y retoque www.pueblaexpres.com\" width=\"500\" height=\"333\" \/><\/a><script async src=\"\/\/embedr.flickr.com\/assets\/client-code.js\" charset=\"utf-8\"><\/script><\/p>\n<p>Am\u00e9rica logr\u00f3 un importante triunfo en calidad de visitante al imponerse 2-1 ante Puebla en el Complejo Deportivo Los Olivos.<\/p>\n<p>Karel Campos abri\u00f3 el marcador al minuto de juego para darle la ventaja moment\u00e1nea a los emplumados, el empate lleg\u00f3 por conducto de Milton Hern\u00e1ndez, los locales igualaron el marcador al minuto 3.<\/p>\n<p><a title=\"MVF_0094 [Torneo Guardianes 2020 \/ LIGA J09] Categor\u00eda SUB 17 | Club Puebla vs Club Am\u00e9rica | Complejo Deportivo Los Olivos | Redacci\u00f3n | Im\u00e1genes @maragonzalez_13 \/ Axel Petlacalco \/ @Mv_ManuelVela | @PueblaExpres | Edici\u00f3n y retoque www.pueblaexpres.com\" href=\"https:\/\/www.flickr.com\/photos\/manitas\/50321532383\/in\/album-72157715901803407\/\" data-flickr-embed=\"true\"><img loading=\"lazy\" decoding=\"async\" class=\"aligncenter\" src=\"https:\/\/live.staticflickr.com\/65535\/50321532383_d7de6229be.jpg\" alt=\"MVF_0094 [Torneo Guardianes 2020 \/ LIGA J09] Categor\u00eda SUB 17 | Club Puebla vs Club Am\u00e9rica | Complejo Deportivo Los Olivos | Redacci\u00f3n | Im\u00e1genes @maragonzalez_13 \/ Axel Petlacalco \/ @Mv_ManuelVela | @PueblaExpres | Edici\u00f3n y retoque www.pueblaexpres.com\" width=\"500\" height=\"333\" \/><\/a><script async src=\"\/\/embedr.flickr.com\/assets\/client-code.js\" charset=\"utf-8\"><\/script><\/p>\n<p>En la parte complementaria, Sergio De Los R\u00edos puso el 1-2 definitivo para los azulcrema en cancha ajena.<!--more--><\/p>\n<p>As\u00ed los de Coapa llegaron a 15 unidades y se ubicaron en el 4 sitio de la tabla general, mientras que Puebla se qued\u00f3 con 12 puntos en el octavo sitio.<\/p>\n<p><a title=\"MVF_0054 [Torneo Guardianes 2020 \/ LIGA J09] Categor\u00eda SUB 17 | Club Puebla vs Club Am\u00e9rica | Complejo Deportivo Los Olivos | Redacci\u00f3n | Im\u00e1genes @maragonzalez_13 \/ Axel Petlacalco \/ @Mv_ManuelVela | @PueblaExpres | Edici\u00f3n y retoque www.pueblaexpres.com\" href=\"https:\/\/www.flickr.com\/photos\/manitas\/50321532433\/in\/album-72157715901803407\/\" data-flickr-embed=\"true\"><img loading=\"lazy\" decoding=\"async\" class=\"aligncenter\" src=\"https:\/\/live.staticflickr.com\/65535\/50321532433_da55fe8a0c.jpg\" alt=\"MVF_0054 [Torneo Guardianes 2020 \/ LIGA J09] Categor\u00eda SUB 17 | Club Puebla vs Club Am\u00e9rica | Complejo Deportivo Los Olivos | Redacci\u00f3n | Im\u00e1genes @maragonzalez_13 \/ Axel Petlacalco \/ @Mv_ManuelVela | @PueblaExpres | Edici\u00f3n y retoque www.pueblaexpres.com\" width=\"500\" height=\"333\" \/><\/a><script async src=\"\/\/embedr.flickr.com\/assets\/client-code.js\" charset=\"utf-8\"><\/script><\/p>\n<p>Para la Jornada 10 las \u00c1guilas del Am\u00e9rica recibir\u00e1n al Deportivo Toluca Futbol Club y el Club Puebla visitar\u00e1 a FC Ju\u00e1rez en la frontera.<\/p>\n<p><strong>LA OPINI\u00d3N EXPRESADA EN ESTA COLUMNA ES RESPONSABILIDAD DE QUIEN LA ESCRIBE Y NO BUSCA GENERAR CONFLICTOS ENTRE LOS INVOLUCRADOS, SINO GENERAR CONCIENCIA EN CADA LECTOR.<\/strong><\/p>\n<p>[miniflickr photoset_id=72157715901803407&amp;sortby=date-posted-asc&amp;per_page=47]<\/p>\n","protected":false},"excerpt":{"rendered":"<p>Redacci\u00f3n | Fotograf\u00edas Mara Gonz\u00e1lez @maragonzalez_13 \/ Axel Petlacalco \/ Manuel Vela @Mv_ManuelVela | #PueblaExpres @PueblaExpres Club Puebla vs Club Am\u00e9rica Se disput\u00f3 el partido de la fecha 09 del Torneo Guardianes 2020 de Fuerzas B\u00e1sicas Sub 17 de la LIGA BBVA MX Partido celebrado en la grama del Complejo Deportivo Los Olivos en la [&hellip;]<\/p>\n","protected":false},"author":2,"featured_media":11540,"comment_status":"open","ping_status":"open","sticky":false,"template":"","format":"standard","meta":{"footnotes":""},"categories":[8,42,166,13,3,171,1,7],"tags":[],"_links":{"self":[{"href":"https:\/\/pueblaexpres.com\/portal\/index.php?rest_route=\/wp\/v2\/posts\/11539"}],"collection":[{"href":"https:\/\/pueblaexpres.com\/portal\/index.php?rest_route=\/wp\/v2\/posts"}],"about":[{"href":"https:\/\/pueblaexpres.com\/portal\/index.php?rest_route=\/wp\/v2\/types\/post"}],"author":[{"embeddable":true,"href":"https:\/\/pueblaexpres.com\/portal\/index.php?rest_route=\/wp\/v2\/users\/2"}],"replies":[{"embeddable":true,"href":"https:\/\/pueblaexpres.com\/portal\/index.php?rest_route=%2Fwp%2Fv2%2Fcomments&post=11539"}],"version-history":[{"count":1,"href":"https:\/\/pueblaexpres.com\/portal\/index.php?rest_route=\/wp\/v2\/posts\/11539\/revisions"}],"predecessor-version":[{"id":11541,"href":"https:\/\/pueblaexpres.com\/portal\/index.php?rest_route=\/wp\/v2\/posts\/11539\/revisions\/11541"}],"wp:featuredmedia":[{"embeddable":true,"href":"https:\/\/pueblaexpres.com\/portal\/index.php?rest_route=\/wp\/v2\/media\/11540"}],"wp:attachment":[{"href":"https:\/\/pueblaexpres.com\/portal\/index.php?rest_route=%2Fwp%2Fv2%2Fmedia&parent=11539"}],"wp:term":[{"taxonomy":"category","embeddable":true,"href":"https:\/\/pueblaexpres.com\/portal\/index.php?rest_route=%2Fwp%2Fv2%2Fcategories&post=11539"},{"taxonomy":"post_tag","embeddable":true,"href":"https:\/\/pueblaexpres.com\/portal\/index.php?rest_route=%2Fwp%2Fv2%2Ftags&post=11539"}],"curies":[{"name":"wp","href":"https:\/\/api.w.org\/{rel}","templated":true}]}}