{"id":11536,"date":"2020-09-08T21:29:45","date_gmt":"2020-09-09T03:29:45","guid":{"rendered":"https:\/\/pueblaexpres.com\/portal\/?p=11536"},"modified":"2020-09-08T21:29:45","modified_gmt":"2020-09-09T03:29:45","slug":"torneo-guardianes-2020-liga-j09-categoria-sub-20-club-puebla-vs-club-america-complejo-deportivo-los-olivos-liga-bbva-mx","status":"publish","type":"post","link":"https:\/\/pueblaexpres.com\/portal\/?p=11536","title":{"rendered":"[Torneo Guardianes 2020 \/ LIGA J09] Categor\u00eda SUB 20 | Club Puebla vs Club Am\u00e9rica | Complejo Deportivo Los Olivos | Liga BBVA Mx"},"content":{"rendered":"<div name=\"googleone_share_1\" style=\"position:relative;z-index:5;float: right; margin-left: 10px;\"><g:plusone size=\"tall\" count=\"1\" href=\"https:\/\/pueblaexpres.com\/portal\/?p=11536\"><\/g:plusone><\/div><p><a href=\"https:\/\/pueblaexpres.com\/portal\/wp-content\/uploads\/2020\/09\/MVF_4073.jpg\"><img loading=\"lazy\" decoding=\"async\" class=\"wp-image-11537 aligncenter\" src=\"https:\/\/pueblaexpres.com\/portal\/wp-content\/uploads\/2020\/09\/MVF_4073.jpg\" alt=\"\" width=\"501\" height=\"333\" srcset=\"https:\/\/pueblaexpres.com\/portal\/wp-content\/uploads\/2020\/09\/MVF_4073.jpg 800w, https:\/\/pueblaexpres.com\/portal\/wp-content\/uploads\/2020\/09\/MVF_4073-300x200.jpg 300w, https:\/\/pueblaexpres.com\/portal\/wp-content\/uploads\/2020\/09\/MVF_4073-768x512.jpg 768w, https:\/\/pueblaexpres.com\/portal\/wp-content\/uploads\/2020\/09\/MVF_4073-640x426.jpg 640w\" sizes=\"(max-width: 501px) 100vw, 501px\" \/><\/a><\/p>\n<p><strong>Redacci\u00f3n | Fotograf\u00edas Mara Gonz\u00e1lez @maragonzalez_13 \/ Axel Petlacalco \/ Manuel Vela @Mv_ManuelVela | #PueblaExpres @PueblaExpres<\/strong><\/p>\n<p>Club Puebla vs Club Am\u00e9rica<\/p>\n<p>Se disput\u00f3 el partido de la fecha 09 del Torneo Guardianes 2020 de Fuerzas B\u00e1sicas Sub 20 de la LIGA BBVA MX<\/p>\n<p><a title=\"IMGL0252 [Torneo Guardianes 2020 \/ LIGA J09] Categor\u00eda SUB 20 | Club Puebla vs Club Am\u00e9rica | Complejo Deportivo Los Olivos | Redacci\u00f3n | Im\u00e1genes @maragonzalez_13 \/ Axel Petlacalco \/ @Mv_ManuelVela | @PueblaExpres | Edici\u00f3n y retoque www.pueblaexpres.com\" href=\"https:\/\/www.flickr.com\/photos\/manitas\/50322293677\/in\/album-72157715897673268\/\" data-flickr-embed=\"true\"><img loading=\"lazy\" decoding=\"async\" class=\"aligncenter\" src=\"https:\/\/live.staticflickr.com\/65535\/50322293677_37950e6a7f.jpg\" alt=\"IMGL0252 [Torneo Guardianes 2020 \/ LIGA J09] Categor\u00eda SUB 20 | Club Puebla vs Club Am\u00e9rica | Complejo Deportivo Los Olivos | Redacci\u00f3n | Im\u00e1genes @maragonzalez_13 \/ Axel Petlacalco \/ @Mv_ManuelVela | @PueblaExpres | Edici\u00f3n y retoque www.pueblaexpres.com\" width=\"500\" height=\"333\" \/><\/a><script async src=\"\/\/embedr.flickr.com\/assets\/client-code.js\" charset=\"utf-8\"><\/script><\/p>\n<p>Partido celebrado en la grama del Complejo Deportivo Los Olivos en la Ciudad de Puebla.<\/p>\n<p>El Encuentro<\/p>\n<p><a title=\"IMG_2702 [Torneo Guardianes 2020 \/ LIGA J09] Categor\u00eda SUB 20 | Club Puebla vs Club Am\u00e9rica | Complejo Deportivo Los Olivos | Redacci\u00f3n | Im\u00e1genes @maragonzalez_13 \/ Axel Petlacalco \/ @Mv_ManuelVela | @PueblaExpres | Edici\u00f3n y retoque www.pueblaexpres.com\" href=\"https:\/\/www.flickr.com\/photos\/manitas\/50321444388\/in\/album-72157715897673268\/\" data-flickr-embed=\"true\"><img loading=\"lazy\" decoding=\"async\" class=\"aligncenter\" src=\"https:\/\/live.staticflickr.com\/65535\/50321444388_c3590359dd.jpg\" alt=\"IMG_2702 [Torneo Guardianes 2020 \/ LIGA J09] Categor\u00eda SUB 20 | Club Puebla vs Club Am\u00e9rica | Complejo Deportivo Los Olivos | Redacci\u00f3n | Im\u00e1genes @maragonzalez_13 \/ Axel Petlacalco \/ @Mv_ManuelVela | @PueblaExpres | Edici\u00f3n y retoque www.pueblaexpres.com\" width=\"500\" height=\"333\" \/><\/a><script async src=\"\/\/embedr.flickr.com\/assets\/client-code.js\" charset=\"utf-8\"><\/script><\/p>\n<p>El Club Puebla venci\u00f3 tres goles por uno a las \u00c1guilas del Am\u00e9rica en el partido correspondiente a la Jornada 9.<\/p>\n<p>Con este resultado la Franja lleg\u00f3 a ocho puntos, mientras el cuadro americanista abandon\u00f3 el liderato general qued\u00e1ndose en el segundo pelda\u00f1o con 14 unidades.<\/p>\n<p><a title=\"IMGL0172 [Torneo Guardianes 2020 \/ LIGA J09] Categor\u00eda SUB 20 | Club Puebla vs Club Am\u00e9rica | Complejo Deportivo Los Olivos | Redacci\u00f3n | Im\u00e1genes @maragonzalez_13 \/ Axel Petlacalco \/ @Mv_ManuelVela | @PueblaExpres | Edici\u00f3n y retoque www.pueblaexpres.com\" href=\"https:\/\/www.flickr.com\/photos\/manitas\/50322113951\/in\/album-72157715897673268\/\" data-flickr-embed=\"true\"><img loading=\"lazy\" decoding=\"async\" class=\"aligncenter\" src=\"https:\/\/live.staticflickr.com\/65535\/50322113951_f029ae8ca7.jpg\" alt=\"IMGL0172 [Torneo Guardianes 2020 \/ LIGA J09] Categor\u00eda SUB 20 | Club Puebla vs Club Am\u00e9rica | Complejo Deportivo Los Olivos | Redacci\u00f3n | Im\u00e1genes @maragonzalez_13 \/ Axel Petlacalco \/ @Mv_ManuelVela | @PueblaExpres | Edici\u00f3n y retoque www.pueblaexpres.com\" width=\"500\" height=\"333\" \/><\/a><script async src=\"\/\/embedr.flickr.com\/assets\/client-code.js\" charset=\"utf-8\"><\/script><\/p>\n<p>Los Goles.<\/p>\n<p>A los 39 minutos del cotejo, \u00c1ngel Robles comenz\u00f3 con los festejos a favor de La Franja, m\u00e1s tarde, Emiliano Garc\u00eda ampli\u00f3 la ventaja con el dos por cero para los locales.<\/p>\n<p><a title=\"MVF_4059 [Torneo Guardianes 2020 \/ LIGA J09] Categor\u00eda SUB 20 | Club Puebla vs Club Am\u00e9rica | Complejo Deportivo Los Olivos | Redacci\u00f3n | Im\u00e1genes @maragonzalez_13 \/ Axel Petlacalco \/ @Mv_ManuelVela | @PueblaExpres | Edici\u00f3n y retoque www.pueblaexpres.com\" href=\"https:\/\/www.flickr.com\/photos\/manitas\/50322293212\/in\/album-72157715897673268\/\" data-flickr-embed=\"true\"><img loading=\"lazy\" decoding=\"async\" class=\"aligncenter\" src=\"https:\/\/live.staticflickr.com\/65535\/50322293212_73c37620b9.jpg\" alt=\"MVF_4059 [Torneo Guardianes 2020 \/ LIGA J09] Categor\u00eda SUB 20 | Club Puebla vs Club Am\u00e9rica | Complejo Deportivo Los Olivos | Redacci\u00f3n | Im\u00e1genes @maragonzalez_13 \/ Axel Petlacalco \/ @Mv_ManuelVela | @PueblaExpres | Edici\u00f3n y retoque www.pueblaexpres.com\" width=\"500\" height=\"333\" \/><\/a><script async src=\"\/\/embedr.flickr.com\/assets\/client-code.js\" charset=\"utf-8\"><\/script><!--more--><\/p>\n<p>En el tiempo complementario, una vez m\u00e1s \u00c1ngel Robles se hizo presente en redes rivales para asegurar la victoria poblana. Ya en el tiempo de compensaci\u00f3n, al 90\u00b4+1, Carlos Cano apareci\u00f3 para marcar el \u00fanico gol americanista.<\/p>\n<p>Para la Jornada 10 las \u00c1guilas del Am\u00e9rica recibir\u00e1n al Deportivo Toluca Futbol Club y el Club Puebla visitar\u00e1 a FC Ju\u00e1rez en la frontera.<\/p>\n<p><a title=\"MVF_0673 [Torneo Guardianes 2020 \/ LIGA J09] Categor\u00eda SUB 20 | Club Puebla vs Club Am\u00e9rica | Complejo Deportivo Los Olivos | Redacci\u00f3n | Im\u00e1genes @maragonzalez_13 \/ Axel Petlacalco \/ @Mv_ManuelVela | @PueblaExpres | Edici\u00f3n y retoque www.pueblaexpres.com\" href=\"https:\/\/www.flickr.com\/photos\/manitas\/50321444038\/in\/album-72157715897673268\/\" data-flickr-embed=\"true\"><img loading=\"lazy\" decoding=\"async\" class=\"aligncenter\" src=\"https:\/\/live.staticflickr.com\/65535\/50321444038_7532e40877.jpg\" alt=\"MVF_0673 [Torneo Guardianes 2020 \/ LIGA J09] Categor\u00eda SUB 20 | Club Puebla vs Club Am\u00e9rica | Complejo Deportivo Los Olivos | Redacci\u00f3n | Im\u00e1genes @maragonzalez_13 \/ Axel Petlacalco \/ @Mv_ManuelVela | @PueblaExpres | Edici\u00f3n y retoque www.pueblaexpres.com\" width=\"500\" height=\"333\" \/><\/a><script async src=\"\/\/embedr.flickr.com\/assets\/client-code.js\" charset=\"utf-8\"><\/script><\/p>\n<p><strong>LA OPINI\u00d3N EXPRESADA EN ESTA COLUMNA ES RESPONSABILIDAD DE QUIEN LA ESCRIBE Y NO BUSCA GENERAR CONFLICTOS ENTRE LOS INVOLUCRADOS, SINO GENERAR CONCIENCIA EN CADA LECTOR.<\/strong><\/p>\n<p>[miniflickr photoset_id=72157715897673268&amp;sortby=date-posted-asc&amp;per_page=45]<\/p>\n","protected":false},"excerpt":{"rendered":"<p>Redacci\u00f3n | Fotograf\u00edas Mara Gonz\u00e1lez @maragonzalez_13 \/ Axel Petlacalco \/ Manuel Vela @Mv_ManuelVela | #PueblaExpres @PueblaExpres Club Puebla vs Club Am\u00e9rica Se disput\u00f3 el partido de la fecha 09 del Torneo Guardianes 2020 de Fuerzas B\u00e1sicas Sub 20 de la LIGA BBVA MX Partido celebrado en la grama del Complejo Deportivo Los Olivos en la [&hellip;]<\/p>\n","protected":false},"author":2,"featured_media":11537,"comment_status":"open","ping_status":"open","sticky":false,"template":"","format":"standard","meta":{"footnotes":""},"categories":[8,42,166,13,3,171,1,7],"tags":[],"_links":{"self":[{"href":"https:\/\/pueblaexpres.com\/portal\/index.php?rest_route=\/wp\/v2\/posts\/11536"}],"collection":[{"href":"https:\/\/pueblaexpres.com\/portal\/index.php?rest_route=\/wp\/v2\/posts"}],"about":[{"href":"https:\/\/pueblaexpres.com\/portal\/index.php?rest_route=\/wp\/v2\/types\/post"}],"author":[{"embeddable":true,"href":"https:\/\/pueblaexpres.com\/portal\/index.php?rest_route=\/wp\/v2\/users\/2"}],"replies":[{"embeddable":true,"href":"https:\/\/pueblaexpres.com\/portal\/index.php?rest_route=%2Fwp%2Fv2%2Fcomments&post=11536"}],"version-history":[{"count":1,"href":"https:\/\/pueblaexpres.com\/portal\/index.php?rest_route=\/wp\/v2\/posts\/11536\/revisions"}],"predecessor-version":[{"id":11538,"href":"https:\/\/pueblaexpres.com\/portal\/index.php?rest_route=\/wp\/v2\/posts\/11536\/revisions\/11538"}],"wp:featuredmedia":[{"embeddable":true,"href":"https:\/\/pueblaexpres.com\/portal\/index.php?rest_route=\/wp\/v2\/media\/11537"}],"wp:attachment":[{"href":"https:\/\/pueblaexpres.com\/portal\/index.php?rest_route=%2Fwp%2Fv2%2Fmedia&parent=11536"}],"wp:term":[{"taxonomy":"category","embeddable":true,"href":"https:\/\/pueblaexpres.com\/portal\/index.php?rest_route=%2Fwp%2Fv2%2Fcategories&post=11536"},{"taxonomy":"post_tag","embeddable":true,"href":"https:\/\/pueblaexpres.com\/portal\/index.php?rest_route=%2Fwp%2Fv2%2Ftags&post=11536"}],"curies":[{"name":"wp","href":"https:\/\/api.w.org\/{rel}","templated":true}]}}