{"id":11533,"date":"2020-09-07T13:28:05","date_gmt":"2020-09-07T19:28:05","guid":{"rendered":"https:\/\/pueblaexpres.com\/portal\/?p=11533"},"modified":"2020-09-07T13:28:05","modified_gmt":"2020-09-07T19:28:05","slug":"1er-torneo-patrio-de-beisbol-texcoco-2020-conferencia-de-prensa-directiva-pericos-de-puebla-estadio-hermanos-serdan","status":"publish","type":"post","link":"https:\/\/pueblaexpres.com\/portal\/?p=11533","title":{"rendered":"[1er Torneo Patrio de B\u00e9isbol Texcoco 2020] Conferencia de Prensa | Directiva Pericos de Puebla | Estadio Hermanos Serd\u00e1n"},"content":{"rendered":"<div name=\"googleone_share_1\" style=\"position:relative;z-index:5;float: right; margin-left: 10px;\"><g:plusone size=\"tall\" count=\"1\" href=\"https:\/\/pueblaexpres.com\/portal\/?p=11533\"><\/g:plusone><\/div><p><a href=\"https:\/\/pueblaexpres.com\/portal\/wp-content\/uploads\/2020\/09\/MVF_0195.jpg\"><img loading=\"lazy\" decoding=\"async\" class=\"wp-image-11534 aligncenter\" src=\"https:\/\/pueblaexpres.com\/portal\/wp-content\/uploads\/2020\/09\/MVF_0195.jpg\" alt=\"\" width=\"502\" height=\"334\" srcset=\"https:\/\/pueblaexpres.com\/portal\/wp-content\/uploads\/2020\/09\/MVF_0195.jpg 800w, https:\/\/pueblaexpres.com\/portal\/wp-content\/uploads\/2020\/09\/MVF_0195-300x200.jpg 300w, https:\/\/pueblaexpres.com\/portal\/wp-content\/uploads\/2020\/09\/MVF_0195-768x512.jpg 768w, https:\/\/pueblaexpres.com\/portal\/wp-content\/uploads\/2020\/09\/MVF_0195-640x426.jpg 640w\" sizes=\"(max-width: 502px) 100vw, 502px\" \/><\/a><\/p>\n<p><strong>Redacci\u00f3n Axel Petlacalco | Fotograf\u00edas Mara Gonz\u00e1lez @maragonzalez_13 | #PueblaExpres @PueblaExpres<\/strong><\/p>\n<p>Pericos de Puebla anuncia 1er Torneo Patrio de B\u00e9isbol Texcoco 2020<\/p>\n<p>La ma\u00f1ana de este lunes el Club Pericos de Puebla anunci\u00f3 el 1er torneo de B\u00e9isbol Texcoco a celebrarse entre los d\u00edas 10 y 13 de septiembre del presente a\u00f1o.<\/p>\n<p><a title=\"MVF_0037 [1er Torneo Patrio de B\u00e9isbol Texcoco 2020] Conferencia de Prensa | Directiva Pericos de Puebla | Estadio Hermanos Serd\u00e1n | Redacci\u00f3n Axel Petlacalco | Fotograf\u00edas @maragonzalez_13 @PueblaExpres | Edici\u00f3n y retoque www.pueblaexpres.com\" href=\"https:\/\/www.flickr.com\/photos\/manitas\/50317065246\/in\/album-72157715884539982\/\" data-flickr-embed=\"true\"><img loading=\"lazy\" decoding=\"async\" class=\"aligncenter\" src=\"https:\/\/live.staticflickr.com\/65535\/50317065246_f09b561156.jpg\" alt=\"MVF_0037 [1er Torneo Patrio de B\u00e9isbol Texcoco 2020] Conferencia de Prensa | Directiva Pericos de Puebla | Estadio Hermanos Serd\u00e1n | Redacci\u00f3n Axel Petlacalco | Fotograf\u00edas @maragonzalez_13 @PueblaExpres | Edici\u00f3n y retoque www.pueblaexpres.com\" width=\"500\" height=\"333\" \/><\/a><script async src=\"\/\/embedr.flickr.com\/assets\/client-code.js\" charset=\"utf-8\"><\/script><\/p>\n<p>El torneo contar\u00e1 con la participaci\u00f3n de 4 equipos profesionales y la participaci\u00f3n especial de una selecci\u00f3n de jugadores locales.<!--more--><\/p>\n<p>En conferencia de prensa celebrada a las 10 de la ma\u00f1ana en el Parque Hermanos Serd\u00e1n, Ram\u00f3n Ram\u00edrez, vocero oficial del club, en compa\u00f1\u00eda de Alfonso L\u00f3pez y Carlos Gast\u00e9lum dio a conocer los detalles de este peque\u00f1o evento que contar\u00e1 con todas las medidas de sanidad incluida la ausencia de p\u00fablico en las tribunas.<\/p>\n<p><a title=\"MVF_0132 [1er Torneo Patrio de B\u00e9isbol Texcoco 2020] Conferencia de Prensa | Directiva Pericos de Puebla | Estadio Hermanos Serd\u00e1n | Redacci\u00f3n Axel Petlacalco | Fotograf\u00edas @maragonzalez_13 @PueblaExpres | Edici\u00f3n y retoque www.pueblaexpres.com\" href=\"https:\/\/www.flickr.com\/photos\/manitas\/50316396703\/in\/album-72157715884539982\/\" data-flickr-embed=\"true\"><img loading=\"lazy\" decoding=\"async\" class=\"aligncenter\" src=\"https:\/\/live.staticflickr.com\/65535\/50316396703_26d6262b3e.jpg\" alt=\"MVF_0132 [1er Torneo Patrio de B\u00e9isbol Texcoco 2020] Conferencia de Prensa | Directiva Pericos de Puebla | Estadio Hermanos Serd\u00e1n | Redacci\u00f3n Axel Petlacalco | Fotograf\u00edas @maragonzalez_13 @PueblaExpres | Edici\u00f3n y retoque www.pueblaexpres.com\" width=\"500\" height=\"333\" \/><\/a><script async src=\"\/\/embedr.flickr.com\/assets\/client-code.js\" charset=\"utf-8\"><\/script><\/p>\n<p>Cabe destacar que los equipos que participar\u00e1n son los Pericos de Puebla, Algodoneros Uni\u00f3n Laguna, Sultanes de Monterrey y Generales de Durango. Aunado a ello, Pericos jugar\u00e1 un partido especial ante la Selecci\u00f3n Local de Texcoco.<\/p>\n<p>Este torneo, servir\u00e1 como prueba para los jugadores j\u00f3venes que quieren ganarse un lugar en el roster de la novena emplumada. Su manager, \u201cChispa\u201d Gast\u00e9lum mencion\u00f3 que han trabajado de gran forma y el potencial que ve en los nuevos peloteros es digna de reconocer.<\/p>\n<p><a title=\"MVF_0165 [1er Torneo Patrio de B\u00e9isbol Texcoco 2020] Conferencia de Prensa | Directiva Pericos de Puebla | Estadio Hermanos Serd\u00e1n | Redacci\u00f3n Axel Petlacalco | Fotograf\u00edas @maragonzalez_13 @PueblaExpres | Edici\u00f3n y retoque www.pueblaexpres.com\" href=\"https:\/\/www.flickr.com\/photos\/manitas\/50317065096\/in\/album-72157715884539982\/\" data-flickr-embed=\"true\"><img loading=\"lazy\" decoding=\"async\" class=\"aligncenter\" src=\"https:\/\/live.staticflickr.com\/65535\/50317065096_37dc854a7e.jpg\" alt=\"MVF_0165 [1er Torneo Patrio de B\u00e9isbol Texcoco 2020] Conferencia de Prensa | Directiva Pericos de Puebla | Estadio Hermanos Serd\u00e1n | Redacci\u00f3n Axel Petlacalco | Fotograf\u00edas @maragonzalez_13 @PueblaExpres | Edici\u00f3n y retoque www.pueblaexpres.com\" width=\"500\" height=\"333\" \/><\/a><script async src=\"\/\/embedr.flickr.com\/assets\/client-code.js\" charset=\"utf-8\"><\/script><\/p>\n<p>El vicepresidente Deportivo, Alfonso \u201cChato\u201d L\u00f3pez profundiz\u00f3 en ese rubro, dando a conocer que el equipo de scouting no ha parado en su b\u00fasqueda de nuevo talento tanto a nivel local, nacional e internacional. Destac\u00f3 el gran trabajo que se est\u00e1n realizando en las academias de b\u00e9isbol en el estado, as\u00ed como las visorias que siguen realizando en el caribe y en las sucursales menores de Estados Unidos. Todo esto conforma un plan a mediano y largo plazo para tener una plantilla sumamente competitiva que tenga sangre joven con mucha hambre de aportar su mejor b\u00e9isbol.<\/p>\n<p>Para este torneo, el roster anunciado por \u201cChispa\u201d Gast\u00e9lum contempla muchos jugadores j\u00f3venes como Jos\u00e9 Juan Torres, Marco Becerril, Santiago G\u00f3mez, Julio Vald\u00e9s entre otros. Adem\u00e1s de los ya experimentados y consentidos por la afici\u00f3n C\u00e9sar Tapia y Alberto Carre\u00f3n.<\/p>\n<p><a title=\"MVF_0207 [1er Torneo Patrio de B\u00e9isbol Texcoco 2020] Conferencia de Prensa | Directiva Pericos de Puebla | Estadio Hermanos Serd\u00e1n | Redacci\u00f3n Axel Petlacalco | Fotograf\u00edas @maragonzalez_13 @PueblaExpres | Edici\u00f3n y retoque www.pueblaexpres.com\" href=\"https:\/\/www.flickr.com\/photos\/manitas\/50317065006\/in\/album-72157715884539982\/\" data-flickr-embed=\"true\"><img loading=\"lazy\" decoding=\"async\" class=\"aligncenter\" src=\"https:\/\/live.staticflickr.com\/65535\/50317065006_42417e6d74.jpg\" alt=\"MVF_0207 [1er Torneo Patrio de B\u00e9isbol Texcoco 2020] Conferencia de Prensa | Directiva Pericos de Puebla | Estadio Hermanos Serd\u00e1n | Redacci\u00f3n Axel Petlacalco | Fotograf\u00edas @maragonzalez_13 @PueblaExpres | Edici\u00f3n y retoque www.pueblaexpres.com\" width=\"500\" height=\"333\" \/><\/a><script async src=\"\/\/embedr.flickr.com\/assets\/client-code.js\" charset=\"utf-8\"><\/script><\/p>\n<p><strong>A continuaci\u00f3n, te dejamos el calendario de este certamen:<\/strong><\/p>\n<p><strong>\u2022 Jueves 10 de septiembre \/ 13:00 hrs: Pericos Vs Sultanes<\/strong><br \/>\n<strong>\u2022 Viernes 11 de septiembre\/ 10:00 hrs: Pericos Vs Generales de Durango<\/strong><br \/>\n<strong>\u2022 S\u00e1bado 12 de septiembre\/ 10:00 hrs: Pericos Vs Algodoneros Uni\u00f3n Laguna<\/strong><br \/>\n<strong>\u2022 Domingo 13 de septiembre\/ 10:00 hrs: Pericos Vs Selecci\u00f3n de Texcoco<\/strong><\/p>\n<p><a title=\"MVF_0586 [1er Torneo Patrio de B\u00e9isbol Texcoco 2020] Conferencia de Prensa | Directiva Pericos de Puebla | Estadio Hermanos Serd\u00e1n | Redacci\u00f3n Axel Petlacalco | Fotograf\u00edas @maragonzalez_13 @PueblaExpres | Edici\u00f3n y retoque www.pueblaexpres.com\" href=\"https:\/\/www.flickr.com\/photos\/manitas\/50316396398\/in\/album-72157715884539982\/\" data-flickr-embed=\"true\"><img loading=\"lazy\" decoding=\"async\" class=\"aligncenter\" src=\"https:\/\/live.staticflickr.com\/65535\/50316396398_6fe771f5f2.jpg\" alt=\"MVF_0586 [1er Torneo Patrio de B\u00e9isbol Texcoco 2020] Conferencia de Prensa | Directiva Pericos de Puebla | Estadio Hermanos Serd\u00e1n | Redacci\u00f3n Axel Petlacalco | Fotograf\u00edas @maragonzalez_13 @PueblaExpres | Edici\u00f3n y retoque www.pueblaexpres.com\" width=\"500\" height=\"333\" \/><\/a><script async src=\"\/\/embedr.flickr.com\/assets\/client-code.js\" charset=\"utf-8\"><\/script><\/p>\n<p>Para concluir, el \u00e1rea deportiva de la organizaci\u00f3n poblana inform\u00f3 que los trabajos de pitcheo arrancaron el jueves 03 de septiembre con Wilfredo Ledezma, seguido de Aaron Sol\u00eds, Juan Rodr\u00edguez, Carlos Soto, Juan Alvarado, Erick Preciado, Rub\u00e9n Vicente y Jes\u00fas Huerta, respectivamente.<\/p>\n<p>El viernes 04 informaron un cambio en la rotaci\u00f3n, dejando a Yoshell Hurtado en el arranque y a Carlos Garc\u00eda como cerrador. En el transcurso del fin de semana se realizaron trabajos de ajustes y repitieron la rotaci\u00f3n del jueves el domingo. Hoy lunes, se repiti\u00f3 la rotaci\u00f3n del viernes.<\/p>\n<p><a title=\"MVF_0660 [1er Torneo Patrio de B\u00e9isbol Texcoco 2020] Conferencia de Prensa | Directiva Pericos de Puebla | Estadio Hermanos Serd\u00e1n | Redacci\u00f3n Axel Petlacalco | Fotograf\u00edas @maragonzalez_13 @PueblaExpres | Edici\u00f3n y retoque www.pueblaexpres.com\" href=\"https:\/\/www.flickr.com\/photos\/manitas\/50317064711\/in\/album-72157715884539982\/\" data-flickr-embed=\"true\"><img loading=\"lazy\" decoding=\"async\" class=\"aligncenter\" src=\"https:\/\/live.staticflickr.com\/65535\/50317064711_b890505fe3.jpg\" alt=\"MVF_0660 [1er Torneo Patrio de B\u00e9isbol Texcoco 2020] Conferencia de Prensa | Directiva Pericos de Puebla | Estadio Hermanos Serd\u00e1n | Redacci\u00f3n Axel Petlacalco | Fotograf\u00edas @maragonzalez_13 @PueblaExpres | Edici\u00f3n y retoque www.pueblaexpres.com\" width=\"500\" height=\"333\" \/><\/a><script async src=\"\/\/embedr.flickr.com\/assets\/client-code.js\" charset=\"utf-8\"><\/script><\/p>\n<p>Para garantizar la seguridad de cuerpo t\u00e9cnico y jugadores, el torneo se realizar\u00e1 a puerta cerrada por lo que todos los partidos se podr\u00e1n disfrutar trav\u00e9s de las plataformas oficiales del municipio de Texcoco v\u00eda Streaming en las plataformas de Canal 6: en Facebook Ayuntamiento de Texcoco, y @TexcocoOficial en Twitter.<\/p>\n<p><strong>LA OPINI\u00d3N EXPRESADA EN ESTA COLUMNA ES RESPONSABILIDAD DE QUIEN LA ESCRIBE Y NO BUSCA GENERAR CONFLICTOS ENTRE LOS INVOLUCRADOS, SINO GENERAR CONCIENCIA EN CADA LECTOR.<\/strong><\/p>\n<p>[miniflickr photoset_id=72157715884539982&amp;sortby=date-posted-asc&amp;per_page=21]<\/p>\n","protected":false},"excerpt":{"rendered":"<p>Redacci\u00f3n Axel Petlacalco | Fotograf\u00edas Mara Gonz\u00e1lez @maragonzalez_13 | #PueblaExpres @PueblaExpres Pericos de Puebla anuncia 1er Torneo Patrio de B\u00e9isbol Texcoco 2020 La ma\u00f1ana de este lunes el Club Pericos de Puebla anunci\u00f3 el 1er torneo de B\u00e9isbol Texcoco a celebrarse entre los d\u00edas 10 y 13 de septiembre del presente a\u00f1o. El torneo contar\u00e1 [&hellip;]<\/p>\n","protected":false},"author":2,"featured_media":11534,"comment_status":"open","ping_status":"open","sticky":false,"template":"","format":"standard","meta":{"footnotes":""},"categories":[8,9,42,166,36,171,1,7],"tags":[],"_links":{"self":[{"href":"https:\/\/pueblaexpres.com\/portal\/index.php?rest_route=\/wp\/v2\/posts\/11533"}],"collection":[{"href":"https:\/\/pueblaexpres.com\/portal\/index.php?rest_route=\/wp\/v2\/posts"}],"about":[{"href":"https:\/\/pueblaexpres.com\/portal\/index.php?rest_route=\/wp\/v2\/types\/post"}],"author":[{"embeddable":true,"href":"https:\/\/pueblaexpres.com\/portal\/index.php?rest_route=\/wp\/v2\/users\/2"}],"replies":[{"embeddable":true,"href":"https:\/\/pueblaexpres.com\/portal\/index.php?rest_route=%2Fwp%2Fv2%2Fcomments&post=11533"}],"version-history":[{"count":1,"href":"https:\/\/pueblaexpres.com\/portal\/index.php?rest_route=\/wp\/v2\/posts\/11533\/revisions"}],"predecessor-version":[{"id":11535,"href":"https:\/\/pueblaexpres.com\/portal\/index.php?rest_route=\/wp\/v2\/posts\/11533\/revisions\/11535"}],"wp:featuredmedia":[{"embeddable":true,"href":"https:\/\/pueblaexpres.com\/portal\/index.php?rest_route=\/wp\/v2\/media\/11534"}],"wp:attachment":[{"href":"https:\/\/pueblaexpres.com\/portal\/index.php?rest_route=%2Fwp%2Fv2%2Fmedia&parent=11533"}],"wp:term":[{"taxonomy":"category","embeddable":true,"href":"https:\/\/pueblaexpres.com\/portal\/index.php?rest_route=%2Fwp%2Fv2%2Fcategories&post=11533"},{"taxonomy":"post_tag","embeddable":true,"href":"https:\/\/pueblaexpres.com\/portal\/index.php?rest_route=%2Fwp%2Fv2%2Ftags&post=11533"}],"curies":[{"name":"wp","href":"https:\/\/api.w.org\/{rel}","templated":true}]}}