{"id":11506,"date":"2020-09-01T17:06:09","date_gmt":"2020-09-01T23:06:09","guid":{"rendered":"https:\/\/pueblaexpres.com\/portal\/?p=11506"},"modified":"2020-09-01T17:06:09","modified_gmt":"2020-09-01T23:06:09","slug":"torneo-guardianes-2020-conferencia-de-prensa-amaury-escoto-club-puebla-liga-bbva-mx","status":"publish","type":"post","link":"https:\/\/pueblaexpres.com\/portal\/?p=11506","title":{"rendered":"[Torneo Guardianes 2020] Conferencia de Prensa | Amaury Escoto | Club Puebla | Liga BBVA Mx"},"content":{"rendered":"<div name=\"googleone_share_1\" style=\"position:relative;z-index:5;float: right; margin-left: 10px;\"><g:plusone size=\"tall\" count=\"1\" href=\"https:\/\/pueblaexpres.com\/portal\/?p=11506\"><\/g:plusone><\/div><p><a href=\"https:\/\/pueblaexpres.com\/portal\/wp-content\/uploads\/2020\/09\/IMG_1354.jpg\"><img loading=\"lazy\" decoding=\"async\" class=\"wp-image-11507 aligncenter\" src=\"https:\/\/pueblaexpres.com\/portal\/wp-content\/uploads\/2020\/09\/IMG_1354.jpg\" alt=\"\" width=\"502\" height=\"334\" srcset=\"https:\/\/pueblaexpres.com\/portal\/wp-content\/uploads\/2020\/09\/IMG_1354.jpg 800w, https:\/\/pueblaexpres.com\/portal\/wp-content\/uploads\/2020\/09\/IMG_1354-300x200.jpg 300w, https:\/\/pueblaexpres.com\/portal\/wp-content\/uploads\/2020\/09\/IMG_1354-768x512.jpg 768w, https:\/\/pueblaexpres.com\/portal\/wp-content\/uploads\/2020\/09\/IMG_1354-640x426.jpg 640w\" sizes=\"(max-width: 502px) 100vw, 502px\" \/><\/a><\/p>\n<p><strong>Redacci\u00f3n Axel Petlacalco | Fotograf\u00edas Mara Gonz\u00e1lez @maragonzalez013 #PueblaExpres @PueblaExpres<\/strong><\/p>\n<p>Conferencia de Prensa Amaury Escoto<\/p>\n<p>Esta tarde atendi\u00f3 a los medios Amaury Escoto v\u00eda digital.<\/p>\n<p><a title=\"_0001 [Torneo Guardianes 2020] Conferencia de Prensa | Amaury Escoto | Club Puebla | Liga BBVA Mx | Redacci\u00f3n Axel Petlacalco | Fotograf\u00edas Mara Gonz\u00e1lez @maragonzalez013 #PueblaExpres @PueblaExpres | Edici\u00f3n y retoque www.pueblaexpres.com\" href=\"https:\/\/www.flickr.com\/photos\/manitas\/50295248723\/in\/album-72157715810170037\/\" data-flickr-embed=\"true\"><img loading=\"lazy\" decoding=\"async\" class=\"aligncenter\" src=\"https:\/\/live.staticflickr.com\/65535\/50295248723_69fdfe81f9.jpg\" alt=\"_0001 [Torneo Guardianes 2020] Conferencia de Prensa | Amaury Escoto | Club Puebla | Liga BBVA Mx | Redacci\u00f3n Axel Petlacalco | Fotograf\u00edas Mara Gonz\u00e1lez @maragonzalez013 #PueblaExpres @PueblaExpres | Edici\u00f3n y retoque www.pueblaexpres.com\" width=\"500\" height=\"333\" \/><\/a><script async src=\"\/\/embedr.flickr.com\/assets\/client-code.js\" charset=\"utf-8\"><\/script><\/p>\n<p>Comenz\u00f3 por reconocer que tanto \u00e9l como sus compa\u00f1eros se esfuerzan por jugar la mayor cantidad de minutos posibles y en lo particular acept\u00f3 que le agradar\u00eda la idea de hacer dupla con el hombre gol del momento, Santiago Orme\u00f1o. No obstante, sentenci\u00f3 que esa decisi\u00f3n le corresponde a su entrenador.<\/p>\n<p>En ese rubro, desestim\u00f3 las constantes cr\u00edticas que se la han hecho a lo largo de la temporada al estilo \u201cdefensivo\u201d del profe Reynoso, mencionando que el grupo ya asimil\u00f3 esa idea de juego y solo se enfocan en seguir obteniendo resultados positivos. \u201cObviamente nosotros nos conocemos y somos conscientes de lo que somos capaces. Estamos en zona de liguilla, manteniendo un buen nivel, nos concentrarnos a hacer lo nuestro que es lo que est\u00e1 sacando a flote al equipo\u201d.<!--more--><\/p>\n<p><a title=\"IMG_1348 [Torneo Guardianes 2020] Conferencia de Prensa | Amaury Escoto | Club Puebla | Liga BBVA Mx | Redacci\u00f3n Axel Petlacalco | Fotograf\u00edas Mara Gonz\u00e1lez @maragonzalez013 #PueblaExpres @PueblaExpres | Edici\u00f3n y retoque www.pueblaexpres.com\" href=\"https:\/\/www.flickr.com\/photos\/manitas\/50296084532\/in\/album-72157715810170037\/\" data-flickr-embed=\"true\"><img loading=\"lazy\" decoding=\"async\" class=\"aligncenter\" src=\"https:\/\/live.staticflickr.com\/65535\/50296084532_1fcd69873f.jpg\" alt=\"IMG_1348 [Torneo Guardianes 2020] Conferencia de Prensa | Amaury Escoto | Club Puebla | Liga BBVA Mx | Redacci\u00f3n Axel Petlacalco | Fotograf\u00edas Mara Gonz\u00e1lez @maragonzalez013 #PueblaExpres @PueblaExpres | Edici\u00f3n y retoque www.pueblaexpres.com\" width=\"500\" height=\"333\" \/><\/a><script async src=\"\/\/embedr.flickr.com\/assets\/client-code.js\" charset=\"utf-8\"><\/script><\/p>\n<p>No obstante, tambi\u00e9n a\u00f1adi\u00f3 que deber ser m\u00e1s estables y tratar de jugar con la misma intensidad tanto fuera como dentro de casa.<\/p>\n<p>Respecto al siguiente rival, reconoci\u00f3 que es un plantel muy completo y tendr\u00e1n que analizarlo a detalle para traer un buen resultado de Ciudad Universitaria. \u201cCreo que la clave ser\u00e1 hacer lo que hicimos el viernes, defendernos bien y ser contundentes al frente. Trabajar esta semana sabiendo lo que representa Pumas en su casa.\u201d<\/p>\n<p><a title=\"DSC03463 [Torneo Guardianes 2020] Conferencia de Prensa | Amaury Escoto | Club Puebla | Liga BBVA Mx | Redacci\u00f3n Axel Petlacalco | Fotograf\u00edas Mara Gonz\u00e1lez @maragonzalez013 #PueblaExpres @PueblaExpres | Edici\u00f3n y retoque www.pueblaexpres.com\" href=\"https:\/\/www.flickr.com\/photos\/manitas\/50295248668\/in\/album-72157715810170037\/\" data-flickr-embed=\"true\"><img loading=\"lazy\" decoding=\"async\" class=\"aligncenter\" src=\"https:\/\/live.staticflickr.com\/65535\/50295248668_56a29e2fca.jpg\" alt=\"DSC03463 [Torneo Guardianes 2020] Conferencia de Prensa | Amaury Escoto | Club Puebla | Liga BBVA Mx | Redacci\u00f3n Axel Petlacalco | Fotograf\u00edas Mara Gonz\u00e1lez @maragonzalez013 #PueblaExpres @PueblaExpres | Edici\u00f3n y retoque www.pueblaexpres.com\" width=\"500\" height=\"334\" \/><\/a><script async src=\"\/\/embedr.flickr.com\/assets\/client-code.js\" charset=\"utf-8\"><\/script><\/p>\n<p>El partido se disputar\u00e1 el pr\u00f3ximo s\u00e1bado en punto de las 17:00 horas, este cambio de horario, en palabras de Escoto podr\u00e1 ser de ayuda al restar el calor que se siente al mediod\u00eda en la Ciudad de M\u00e9xico, por lo que dijo, se esforzar\u00e1n por traer puntos de regreso.<\/p>\n<p><strong>LA OPINI\u00d3N EXPRESADA EN ESTA COLUMNA ES RESPONSABILIDAD DE QUIEN LA ESCRIBE Y NO BUSCA GENERAR CONFLICTOS ENTRE LOS INVOLUCRADOS, SINO GENERAR CONCIENCIA EN CADA LECTOR.<\/strong><\/p>\n<p>[miniflickr photoset_id=72157715810170037&amp;sortby=date-posted-asc&amp;per_page=4]<\/p>\n","protected":false},"excerpt":{"rendered":"<p>Redacci\u00f3n Axel Petlacalco | Fotograf\u00edas Mara Gonz\u00e1lez @maragonzalez013 #PueblaExpres @PueblaExpres Conferencia de Prensa Amaury Escoto Esta tarde atendi\u00f3 a los medios Amaury Escoto v\u00eda digital. Comenz\u00f3 por reconocer que tanto \u00e9l como sus compa\u00f1eros se esfuerzan por jugar la mayor cantidad de minutos posibles y en lo particular acept\u00f3 que le agradar\u00eda la idea de [&hellip;]<\/p>\n","protected":false},"author":2,"featured_media":11507,"comment_status":"open","ping_status":"open","sticky":false,"template":"","format":"standard","meta":{"footnotes":""},"categories":[8,42,166,13,3,171,1,7],"tags":[],"_links":{"self":[{"href":"https:\/\/pueblaexpres.com\/portal\/index.php?rest_route=\/wp\/v2\/posts\/11506"}],"collection":[{"href":"https:\/\/pueblaexpres.com\/portal\/index.php?rest_route=\/wp\/v2\/posts"}],"about":[{"href":"https:\/\/pueblaexpres.com\/portal\/index.php?rest_route=\/wp\/v2\/types\/post"}],"author":[{"embeddable":true,"href":"https:\/\/pueblaexpres.com\/portal\/index.php?rest_route=\/wp\/v2\/users\/2"}],"replies":[{"embeddable":true,"href":"https:\/\/pueblaexpres.com\/portal\/index.php?rest_route=%2Fwp%2Fv2%2Fcomments&post=11506"}],"version-history":[{"count":1,"href":"https:\/\/pueblaexpres.com\/portal\/index.php?rest_route=\/wp\/v2\/posts\/11506\/revisions"}],"predecessor-version":[{"id":11508,"href":"https:\/\/pueblaexpres.com\/portal\/index.php?rest_route=\/wp\/v2\/posts\/11506\/revisions\/11508"}],"wp:featuredmedia":[{"embeddable":true,"href":"https:\/\/pueblaexpres.com\/portal\/index.php?rest_route=\/wp\/v2\/media\/11507"}],"wp:attachment":[{"href":"https:\/\/pueblaexpres.com\/portal\/index.php?rest_route=%2Fwp%2Fv2%2Fmedia&parent=11506"}],"wp:term":[{"taxonomy":"category","embeddable":true,"href":"https:\/\/pueblaexpres.com\/portal\/index.php?rest_route=%2Fwp%2Fv2%2Fcategories&post=11506"},{"taxonomy":"post_tag","embeddable":true,"href":"https:\/\/pueblaexpres.com\/portal\/index.php?rest_route=%2Fwp%2Fv2%2Ftags&post=11506"}],"curies":[{"name":"wp","href":"https:\/\/api.w.org\/{rel}","templated":true}]}}