{"id":11481,"date":"2020-08-26T16:12:07","date_gmt":"2020-08-26T22:12:07","guid":{"rendered":"https:\/\/pueblaexpres.com\/portal\/?p=11481"},"modified":"2020-08-26T16:12:07","modified_gmt":"2020-08-26T22:12:07","slug":"torneo-guardianes-2020-conferencia-de-prensa-ivan-rodriguez-club-puebla-liga-bbva-mx","status":"publish","type":"post","link":"https:\/\/pueblaexpres.com\/portal\/?p=11481","title":{"rendered":"[Torneo Guardianes 2020] Conferencia de Prensa | Iv\u00e1n Rodr\u00edguez | Club Puebla | Liga BBVA Mx"},"content":{"rendered":"<div name=\"googleone_share_1\" style=\"position:relative;z-index:5;float: right; margin-left: 10px;\"><g:plusone size=\"tall\" count=\"1\" href=\"https:\/\/pueblaexpres.com\/portal\/?p=11481\"><\/g:plusone><\/div><p><a href=\"https:\/\/pueblaexpres.com\/portal\/wp-content\/uploads\/2020\/08\/IMGL0523.jpg\"><img loading=\"lazy\" decoding=\"async\" class=\"wp-image-11482 aligncenter\" src=\"https:\/\/pueblaexpres.com\/portal\/wp-content\/uploads\/2020\/08\/IMGL0523.jpg\" alt=\"\" width=\"502\" height=\"334\" srcset=\"https:\/\/pueblaexpres.com\/portal\/wp-content\/uploads\/2020\/08\/IMGL0523.jpg 800w, https:\/\/pueblaexpres.com\/portal\/wp-content\/uploads\/2020\/08\/IMGL0523-300x200.jpg 300w, https:\/\/pueblaexpres.com\/portal\/wp-content\/uploads\/2020\/08\/IMGL0523-768x512.jpg 768w, https:\/\/pueblaexpres.com\/portal\/wp-content\/uploads\/2020\/08\/IMGL0523-640x426.jpg 640w\" sizes=\"(max-width: 502px) 100vw, 502px\" \/><\/a><\/p>\n<p><strong>Redacci\u00f3n Axel Petlacalco | Fotograf\u00edas Mara Gonz\u00e1lez @maragonzalez013 #PueblaExpres @PueblaExpres<\/strong><\/p>\n<p>Conferencia de Prensa Iv\u00e1n Rodr\u00edguez<\/p>\n<p>La tarde de este martes, habl\u00f3 en conferencia virtual el guardameta Iv\u00e1n Rodr\u00edguez de cara al partido del pr\u00f3ximo fin de semana ante Toluca.<\/p>\n<p><a title=\"DSC_9565 [Torneo Guardianes 2020] Conferencia de Prensa | Iv\u00e1n Rodr\u00edguez | Club Puebla | Liga BBVA Mx | Redacci\u00f3n Axel Petlacalco | Fotograf\u00edas Mara Gonz\u00e1lez @maragonzalez013 #PueblaExpres @PueblaExpres | Edici\u00f3n y retoque www.pueblaexpres.com\" href=\"https:\/\/www.flickr.com\/photos\/manitas\/50272843682\/in\/album-72157715651853077\/\" data-flickr-embed=\"true\"><img loading=\"lazy\" decoding=\"async\" class=\"aligncenter\" src=\"https:\/\/live.staticflickr.com\/65535\/50272843682_3251df62f3.jpg\" alt=\"DSC_9565 [Torneo Guardianes 2020] Conferencia de Prensa | Iv\u00e1n Rodr\u00edguez | Club Puebla | Liga BBVA Mx | Redacci\u00f3n Axel Petlacalco | Fotograf\u00edas Mara Gonz\u00e1lez @maragonzalez013 #PueblaExpres @PueblaExpres | Edici\u00f3n y retoque www.pueblaexpres.com\" width=\"500\" height=\"334\" \/><\/a><script async src=\"\/\/embedr.flickr.com\/assets\/client-code.js\" charset=\"utf-8\"><\/script><\/p>\n<p>La conferencia se centr\u00f3 en la oportunidad que tendr\u00e1 Rodr\u00edguez de ser titular ante la suspensi\u00f3n de Nicol\u00e1s Vikonis. Al respecto, Iv\u00e1n coment\u00f3 que trabaja todos los d\u00edas para estas circunstancias y sabe que ser\u00e1 un reto importante debido al gran trabajo que viene haciendo su compa\u00f1ero uruguayo. \u201cMe siento tranquilo, f\u00edsicamente en la cancha me siento bien, trabajamos para estas oportunidades que se dan poco. Estamos comprometidos de hacer un buen juego el viernes\u201d. A\u00f1adi\u00f3 que dar\u00e1 su mejor versi\u00f3n el d\u00eda viernes para que el equipo pueda sacar los tres puntos.<!--more--><\/p>\n<p><a title=\"IMG_4351 [Torneo Guardianes 2020] Conferencia de Prensa | Iv\u00e1n Rodr\u00edguez | Club Puebla | Liga BBVA Mx | Redacci\u00f3n Axel Petlacalco | Fotograf\u00edas Mara Gonz\u00e1lez @maragonzalez013 #PueblaExpres @PueblaExpres | Edici\u00f3n y retoque www.pueblaexpres.com\" href=\"https:\/\/www.flickr.com\/photos\/manitas\/50272002728\/in\/album-72157715651853077\/\" data-flickr-embed=\"true\"><img loading=\"lazy\" decoding=\"async\" class=\"aligncenter\" src=\"https:\/\/live.staticflickr.com\/65535\/50272002728_f9f1696e83.jpg\" alt=\"IMG_4351 [Torneo Guardianes 2020] Conferencia de Prensa | Iv\u00e1n Rodr\u00edguez | Club Puebla | Liga BBVA Mx | Redacci\u00f3n Axel Petlacalco | Fotograf\u00edas Mara Gonz\u00e1lez @maragonzalez013 #PueblaExpres @PueblaExpres | Edici\u00f3n y retoque www.pueblaexpres.com\" width=\"500\" height=\"333\" \/><\/a><script async src=\"\/\/embedr.flickr.com\/assets\/client-code.js\" charset=\"utf-8\"><\/script><\/p>\n<p>Respecto al bache en el que se meti\u00f3 el cuadro poblano, asegur\u00f3 que han sido detalles puntuales los que han frenado el buen arranque que tuvo el equipo, por lo cual deben regresar a las bases que los llevaron a esos resultados. \u201cDebemos volver a lo que hac\u00edamos en los primeros juegos, tener el bal\u00f3n, tener amplitud. Debemos estar tranquilos porque los buenos resultados van a llegar\u201d.<\/p>\n<p><a title=\"MVF_0129 [Torneo Guardianes 2020] Conferencia de Prensa | Iv\u00e1n Rodr\u00edguez | Club Puebla | Liga BBVA Mx | Redacci\u00f3n Axel Petlacalco | Fotograf\u00edas Mara Gonz\u00e1lez @maragonzalez013 #PueblaExpres @PueblaExpres | Edici\u00f3n y retoque www.pueblaexpres.com\" href=\"https:\/\/www.flickr.com\/photos\/manitas\/50272002633\/in\/album-72157715651853077\/\" data-flickr-embed=\"true\"><img loading=\"lazy\" decoding=\"async\" class=\"aligncenter\" src=\"https:\/\/live.staticflickr.com\/65535\/50272002633_bdd367f951.jpg\" alt=\"MVF_0129 [Torneo Guardianes 2020] Conferencia de Prensa | Iv\u00e1n Rodr\u00edguez | Club Puebla | Liga BBVA Mx | Redacci\u00f3n Axel Petlacalco | Fotograf\u00edas Mara Gonz\u00e1lez @maragonzalez013 #PueblaExpres @PueblaExpres | Edici\u00f3n y retoque www.pueblaexpres.com\" width=\"500\" height=\"333\" \/><\/a><script async src=\"\/\/embedr.flickr.com\/assets\/client-code.js\" charset=\"utf-8\"><\/script><\/p>\n<p>Finalmente, sobre el buen momento por el que atraviesa el rival en turno, coment\u00f3 que ser\u00e1 complicado enfrentarlos, pero asegur\u00f3 que los han estudiado y se est\u00e1n preparando de la mejor manera para salir victoriosos el d\u00eda viernes ante el cuadro escarlata.<\/p>\n<p><a title=\"IMGL0154 [Torneo Guardianes 2020] Conferencia de Prensa | Iv\u00e1n Rodr\u00edguez | Club Puebla | Liga BBVA Mx | Redacci\u00f3n Axel Petlacalco | Fotograf\u00edas Mara Gonz\u00e1lez @maragonzalez013 #PueblaExpres @PueblaExpres | Edici\u00f3n y retoque www.pueblaexpres.com\" href=\"https:\/\/www.flickr.com\/photos\/manitas\/50272002688\/in\/album-72157715651853077\/\" data-flickr-embed=\"true\"><img loading=\"lazy\" decoding=\"async\" class=\"aligncenter\" src=\"https:\/\/live.staticflickr.com\/65535\/50272002688_3768c86212.jpg\" alt=\"IMGL0154 [Torneo Guardianes 2020] Conferencia de Prensa | Iv\u00e1n Rodr\u00edguez | Club Puebla | Liga BBVA Mx | Redacci\u00f3n Axel Petlacalco | Fotograf\u00edas Mara Gonz\u00e1lez @maragonzalez013 #PueblaExpres @PueblaExpres | Edici\u00f3n y retoque www.pueblaexpres.com\" width=\"500\" height=\"333\" \/><\/a><script async src=\"\/\/embedr.flickr.com\/assets\/client-code.js\" charset=\"utf-8\"><\/script><\/p>\n<p><strong>LA OPINI\u00d3N EXPRESADA EN ESTA COLUMNA ES RESPONSABILIDAD DE QUIEN LA ESCRIBE Y NO BUSCA GENERAR CONFLICTOS ENTRE LOS INVOLUCRADOS, SINO GENERAR CONCIENCIA EN CADA LECTOR.<\/strong><\/p>\n<p>[miniflickr photoset_id=72157715651853077&amp;sortby=date-posted-asc&amp;per_page=8]<\/p>\n","protected":false},"excerpt":{"rendered":"<p>Redacci\u00f3n Axel Petlacalco | Fotograf\u00edas Mara Gonz\u00e1lez @maragonzalez013 #PueblaExpres @PueblaExpres Conferencia de Prensa Iv\u00e1n Rodr\u00edguez La tarde de este martes, habl\u00f3 en conferencia virtual el guardameta Iv\u00e1n Rodr\u00edguez de cara al partido del pr\u00f3ximo fin de semana ante Toluca. La conferencia se centr\u00f3 en la oportunidad que tendr\u00e1 Rodr\u00edguez de ser titular ante la suspensi\u00f3n [&hellip;]<\/p>\n","protected":false},"author":2,"featured_media":11482,"comment_status":"open","ping_status":"open","sticky":false,"template":"","format":"standard","meta":{"footnotes":""},"categories":[8,42,166,79,13,3,171,1,7],"tags":[],"_links":{"self":[{"href":"https:\/\/pueblaexpres.com\/portal\/index.php?rest_route=\/wp\/v2\/posts\/11481"}],"collection":[{"href":"https:\/\/pueblaexpres.com\/portal\/index.php?rest_route=\/wp\/v2\/posts"}],"about":[{"href":"https:\/\/pueblaexpres.com\/portal\/index.php?rest_route=\/wp\/v2\/types\/post"}],"author":[{"embeddable":true,"href":"https:\/\/pueblaexpres.com\/portal\/index.php?rest_route=\/wp\/v2\/users\/2"}],"replies":[{"embeddable":true,"href":"https:\/\/pueblaexpres.com\/portal\/index.php?rest_route=%2Fwp%2Fv2%2Fcomments&post=11481"}],"version-history":[{"count":1,"href":"https:\/\/pueblaexpres.com\/portal\/index.php?rest_route=\/wp\/v2\/posts\/11481\/revisions"}],"predecessor-version":[{"id":11483,"href":"https:\/\/pueblaexpres.com\/portal\/index.php?rest_route=\/wp\/v2\/posts\/11481\/revisions\/11483"}],"wp:featuredmedia":[{"embeddable":true,"href":"https:\/\/pueblaexpres.com\/portal\/index.php?rest_route=\/wp\/v2\/media\/11482"}],"wp:attachment":[{"href":"https:\/\/pueblaexpres.com\/portal\/index.php?rest_route=%2Fwp%2Fv2%2Fmedia&parent=11481"}],"wp:term":[{"taxonomy":"category","embeddable":true,"href":"https:\/\/pueblaexpres.com\/portal\/index.php?rest_route=%2Fwp%2Fv2%2Fcategories&post=11481"},{"taxonomy":"post_tag","embeddable":true,"href":"https:\/\/pueblaexpres.com\/portal\/index.php?rest_route=%2Fwp%2Fv2%2Ftags&post=11481"}],"curies":[{"name":"wp","href":"https:\/\/api.w.org\/{rel}","templated":true}]}}