{"id":11432,"date":"2020-08-04T14:33:30","date_gmt":"2020-08-04T20:33:30","guid":{"rendered":"https:\/\/pueblaexpres.com\/portal\/?p=11432"},"modified":"2020-08-04T14:33:30","modified_gmt":"2020-08-04T20:33:30","slug":"torneo-guardianes-2020-conferencia-de-prensa-maximiliano-perg-club-puebla-liga-bbva-mx","status":"publish","type":"post","link":"https:\/\/pueblaexpres.com\/portal\/?p=11432","title":{"rendered":"[Torneo Guardianes 2020] Conferencia de Prensa | Maximiliano Perg | Club Puebla | Liga BBVA Mx"},"content":{"rendered":"<div name=\"googleone_share_1\" style=\"position:relative;z-index:5;float: right; margin-left: 10px;\"><g:plusone size=\"tall\" count=\"1\" href=\"https:\/\/pueblaexpres.com\/portal\/?p=11432\"><\/g:plusone><\/div><p><a href=\"https:\/\/pueblaexpres.com\/portal\/wp-content\/uploads\/2020\/08\/DSC_0104-1.jpg\"><img loading=\"lazy\" decoding=\"async\" class=\"wp-image-11433 aligncenter\" src=\"https:\/\/pueblaexpres.com\/portal\/wp-content\/uploads\/2020\/08\/DSC_0104-1.jpg\" alt=\"\" width=\"502\" height=\"334\" srcset=\"https:\/\/pueblaexpres.com\/portal\/wp-content\/uploads\/2020\/08\/DSC_0104-1.jpg 800w, https:\/\/pueblaexpres.com\/portal\/wp-content\/uploads\/2020\/08\/DSC_0104-1-300x200.jpg 300w, https:\/\/pueblaexpres.com\/portal\/wp-content\/uploads\/2020\/08\/DSC_0104-1-768x512.jpg 768w, https:\/\/pueblaexpres.com\/portal\/wp-content\/uploads\/2020\/08\/DSC_0104-1-640x426.jpg 640w\" sizes=\"(max-width: 502px) 100vw, 502px\" \/><\/a><\/p>\n<p><strong>Redacci\u00f3n Axel Petlacalco | Fotograf\u00edas Mara Gonz\u00e1lez @maragonzalez013 #PueblaExpres @PueblaExpres<\/strong><\/p>\n<p>Conferencia de Prensa Maximiliano Perg<\/p>\n<p>La tarde de este martes habl\u00f3 en conferencia virtual el defensor Maximiliano Perg para platicarnos la actualidad del club.<\/p>\n<p>Reconoci\u00f3 que el interior del grupo est\u00e1 muy sano y motivado por los \u00faltimos resultados positivos que los han acompa\u00f1ado, pues no pierden desde el 15 de febrero. Fecha en la que cayeron un gol a cero en su visita a Pachuca.<\/p>\n<p><a title=\"DSC_0028 [Torneo Guardianes 2020] Conferencia de Prensa | Maximiliano Perg | Club Puebla | Liga BBVA Mx | Redacci\u00f3n Axel Petlacalco | Fotograf\u00edas Mara Gonz\u00e1lez @maragonzalez013 #PueblaExpres @PueblaExpres | Edici\u00f3n y retoque www.pueblaexpres.com\" href=\"https:\/\/www.flickr.com\/photos\/manitas\/50189906807\/in\/album-72157715362581416\/\" data-flickr-embed=\"true\"><img loading=\"lazy\" decoding=\"async\" class=\"aligncenter\" src=\"https:\/\/live.staticflickr.com\/65535\/50189906807_aea189b5ed.jpg\" alt=\"DSC_0028 [Torneo Guardianes 2020] Conferencia de Prensa | Maximiliano Perg | Club Puebla | Liga BBVA Mx | Redacci\u00f3n Axel Petlacalco | Fotograf\u00edas Mara Gonz\u00e1lez @maragonzalez013 #PueblaExpres @PueblaExpres | Edici\u00f3n y retoque www.pueblaexpres.com\" width=\"500\" height=\"333\" \/><\/a><script async src=\"\/\/embedr.flickr.com\/assets\/client-code.js\" charset=\"utf-8\"><\/script><\/p>\n<p>No obstante, apunt\u00f3 que no deben confiarse ni dormirse en sus laureles, pues deben mantener esta inercia para cumplir uno de sus objetivos principales, que es llegar a la liguilla. Instancia que no alcanzan desde el apertura 2015.<!--more--><\/p>\n<p>Respecto a su partido del s\u00e1bado en el que enfrentar\u00e1n a las Chivas, el charr\u00faa no se f\u00eda del mal arranque de los rojiblancos ni de las posibles bajas que pudieran tener para el encuentro de la fecha 3. Pues argument\u00f3 que los juveniles o a quien le toque jugar querr\u00e1 hacerlo de la mejor forma y no les regalar\u00e1n nada. Puntualiz\u00f3 que deber\u00e1n mantener el orden defensivo que los ha caracterizado y aprovechar las oportunidades que tengan al frente.<\/p>\n<p><a title=\"DSC_0066 [Torneo Guardianes 2020] Conferencia de Prensa | Maximiliano Perg | Club Puebla | Liga BBVA Mx | Redacci\u00f3n Axel Petlacalco | Fotograf\u00edas Mara Gonz\u00e1lez @maragonzalez013 #PueblaExpres @PueblaExpres | Edici\u00f3n y retoque www.pueblaexpres.com\" href=\"https:\/\/www.flickr.com\/photos\/manitas\/50189650291\/in\/album-72157715362581416\/\" data-flickr-embed=\"true\"><img loading=\"lazy\" decoding=\"async\" class=\"aligncenter\" src=\"https:\/\/live.staticflickr.com\/65535\/50189650291_d359a9996a.jpg\" alt=\"DSC_0066 [Torneo Guardianes 2020] Conferencia de Prensa | Maximiliano Perg | Club Puebla | Liga BBVA Mx | Redacci\u00f3n Axel Petlacalco | Fotograf\u00edas Mara Gonz\u00e1lez @maragonzalez013 #PueblaExpres @PueblaExpres | Edici\u00f3n y retoque www.pueblaexpres.com\" width=\"500\" height=\"333\" \/><\/a><script async src=\"\/\/embedr.flickr.com\/assets\/client-code.js\" charset=\"utf-8\"><\/script><\/p>\n<p>Sobre este mismo tema, destac\u00f3 el trabajo de su compa\u00f1ero y compatriota Nicol\u00e1s Vikonis, a quien describi\u00f3 como uno de los mejores arqueros del futbol mexicano, pues ha tenido un sensacional desempe\u00f1o desde el torneo pasado con m\u00faltiples atajadas. Sin embargo, tambi\u00e9n reconoci\u00f3 que es un trabajo en conjunto en el que tanto ofensivos como defensores buscan hacer su trabajo.<\/p>\n<p>En otros aspectos, reconoci\u00f3 que le gustar\u00eda que en alg\u00fan momento los equipos mexicanos volvieran a disputar competencias sudamericanas, pues considera le vendr\u00eda bien a la liga Mx.<\/p>\n<p><a title=\"DSC_0104 [Torneo Guardianes 2020] Conferencia de Prensa | Maximiliano Perg | Club Puebla | Liga BBVA Mx | Redacci\u00f3n Axel Petlacalco | Fotograf\u00edas Mara Gonz\u00e1lez @maragonzalez013 #PueblaExpres @PueblaExpres | Edici\u00f3n y retoque www.pueblaexpres.com\" href=\"https:\/\/www.flickr.com\/photos\/manitas\/50189650266\/in\/dateposted-public\/\" data-flickr-embed=\"true\"><img loading=\"lazy\" decoding=\"async\" class=\"aligncenter\" src=\"https:\/\/live.staticflickr.com\/65535\/50189650266_eb4bb5f7da.jpg\" alt=\"DSC_0104 [Torneo Guardianes 2020] Conferencia de Prensa | Maximiliano Perg | Club Puebla | Liga BBVA Mx | Redacci\u00f3n Axel Petlacalco | Fotograf\u00edas Mara Gonz\u00e1lez @maragonzalez013 #PueblaExpres @PueblaExpres | Edici\u00f3n y retoque www.pueblaexpres.com\" width=\"500\" height=\"333\" \/><\/a><script async src=\"\/\/embedr.flickr.com\/assets\/client-code.js\" charset=\"utf-8\"><\/script><\/p>\n<p>Finalmente, espera sacar un buen resultado del estadio Akron, pues siempre toma trascendencia ganarle a equipos como este.<\/p>\n<p><strong>LA OPINI\u00d3N EXPRESADA EN ESTA COLUMNA ES RESPONSABILIDAD DE QUIEN LA ESCRIBE Y NO BUSCA GENERAR CONFLICTOS ENTRE LOS INVOLUCRADOS, SINO GENERAR CONCIENCIA EN CADA LECTOR.<\/strong><\/p>\n<p>[miniflickr photoset_id=72157715362581416&amp;sortby=date-posted-asc&amp;per_page=3]<\/p>\n","protected":false},"excerpt":{"rendered":"<p>Redacci\u00f3n Axel Petlacalco | Fotograf\u00edas Mara Gonz\u00e1lez @maragonzalez013 #PueblaExpres @PueblaExpres Conferencia de Prensa Maximiliano Perg La tarde de este martes habl\u00f3 en conferencia virtual el defensor Maximiliano Perg para platicarnos la actualidad del club. Reconoci\u00f3 que el interior del grupo est\u00e1 muy sano y motivado por los \u00faltimos resultados positivos que los han acompa\u00f1ado, pues [&hellip;]<\/p>\n","protected":false},"author":2,"featured_media":11433,"comment_status":"open","ping_status":"open","sticky":false,"template":"","format":"standard","meta":{"footnotes":""},"categories":[8,42,166,79,13,3,1,7],"tags":[],"_links":{"self":[{"href":"https:\/\/pueblaexpres.com\/portal\/index.php?rest_route=\/wp\/v2\/posts\/11432"}],"collection":[{"href":"https:\/\/pueblaexpres.com\/portal\/index.php?rest_route=\/wp\/v2\/posts"}],"about":[{"href":"https:\/\/pueblaexpres.com\/portal\/index.php?rest_route=\/wp\/v2\/types\/post"}],"author":[{"embeddable":true,"href":"https:\/\/pueblaexpres.com\/portal\/index.php?rest_route=\/wp\/v2\/users\/2"}],"replies":[{"embeddable":true,"href":"https:\/\/pueblaexpres.com\/portal\/index.php?rest_route=%2Fwp%2Fv2%2Fcomments&post=11432"}],"version-history":[{"count":1,"href":"https:\/\/pueblaexpres.com\/portal\/index.php?rest_route=\/wp\/v2\/posts\/11432\/revisions"}],"predecessor-version":[{"id":11434,"href":"https:\/\/pueblaexpres.com\/portal\/index.php?rest_route=\/wp\/v2\/posts\/11432\/revisions\/11434"}],"wp:featuredmedia":[{"embeddable":true,"href":"https:\/\/pueblaexpres.com\/portal\/index.php?rest_route=\/wp\/v2\/media\/11433"}],"wp:attachment":[{"href":"https:\/\/pueblaexpres.com\/portal\/index.php?rest_route=%2Fwp%2Fv2%2Fmedia&parent=11432"}],"wp:term":[{"taxonomy":"category","embeddable":true,"href":"https:\/\/pueblaexpres.com\/portal\/index.php?rest_route=%2Fwp%2Fv2%2Fcategories&post=11432"},{"taxonomy":"post_tag","embeddable":true,"href":"https:\/\/pueblaexpres.com\/portal\/index.php?rest_route=%2Fwp%2Fv2%2Ftags&post=11432"}],"curies":[{"name":"wp","href":"https:\/\/api.w.org\/{rel}","templated":true}]}}