{"id":11423,"date":"2020-07-29T16:50:08","date_gmt":"2020-07-29T22:50:08","guid":{"rendered":"https:\/\/pueblaexpres.com\/portal\/?p=11423"},"modified":"2020-07-29T16:50:08","modified_gmt":"2020-07-29T22:50:08","slug":"torneo-guardianes-2020-conferencia-de-prensa-osvaldo-martinez-club-puebla-liga-bbva-mx","status":"publish","type":"post","link":"https:\/\/pueblaexpres.com\/portal\/?p=11423","title":{"rendered":"[Torneo Guardianes 2020] Conferencia de Prensa | Osvaldo Mart\u00ednez | Club Puebla | Liga BBVA Mx"},"content":{"rendered":"<div name=\"googleone_share_1\" style=\"position:relative;z-index:5;float: right; margin-left: 10px;\"><g:plusone size=\"tall\" count=\"1\" href=\"https:\/\/pueblaexpres.com\/portal\/?p=11423\"><\/g:plusone><\/div><p><a href=\"https:\/\/pueblaexpres.com\/portal\/wp-content\/uploads\/2020\/07\/MVF_0016.jpg\"><img loading=\"lazy\" decoding=\"async\" class=\"wp-image-11424 aligncenter\" src=\"https:\/\/pueblaexpres.com\/portal\/wp-content\/uploads\/2020\/07\/MVF_0016.jpg\" alt=\"\" width=\"503\" height=\"335\" srcset=\"https:\/\/pueblaexpres.com\/portal\/wp-content\/uploads\/2020\/07\/MVF_0016.jpg 800w, https:\/\/pueblaexpres.com\/portal\/wp-content\/uploads\/2020\/07\/MVF_0016-300x200.jpg 300w, https:\/\/pueblaexpres.com\/portal\/wp-content\/uploads\/2020\/07\/MVF_0016-768x512.jpg 768w, https:\/\/pueblaexpres.com\/portal\/wp-content\/uploads\/2020\/07\/MVF_0016-640x426.jpg 640w\" sizes=\"(max-width: 503px) 100vw, 503px\" \/><\/a><\/p>\n<p><strong>Redacci\u00f3n Axel Petlacalco | Fotograf\u00edas Mara Gonz\u00e1lez @maragonzalez013 #PueblaExpres @PueblaExpres<\/strong><\/p>\n<p>Conferencia de Prensa Osvaldo Mart\u00ednez<\/p>\n<p>Osvaldo Mart\u00ednez hablo en conferencia de prensa este mi\u00e9rcoles. El mediocampista enfranjado se mostr\u00f3 contento por el resultado obtenido el pasado lunes en el que le amargaron su debut a la nueva franquicia de la Liga Mx.<\/p>\n<p>Acept\u00f3 que el jugar hasta el d\u00eda lunes y no el viernes como originalmente estaba pautado, podr\u00e1 ser un factor que les juegue una mala pasada por la cuesti\u00f3n de la recuperaci\u00f3n. No obstante, conf\u00eda en que sus compa\u00f1eros y \u00e9l sepan comportarse a la altura del rival en turno.<\/p>\n<p><a title=\"MVF_0016 [Torneo Guardianes 2020] Conferencia de Prensa | Osvaldo Mart\u00ednez | Club Puebla | Liga BBVA Mx | Redacci\u00f3n Axel Petlacalco | Fotograf\u00edas Mara Gonz\u00e1lez @maragonzalez013 #PueblaExpres @PueblaExpres | Edici\u00f3n y retoque www.pueblaexpres.com\" href=\"https:\/\/www.flickr.com\/photos\/manitas\/50168214092\/in\/album-72157715287833341\/\" data-flickr-embed=\"true\"><img loading=\"lazy\" decoding=\"async\" class=\"aligncenter\" src=\"https:\/\/live.staticflickr.com\/65535\/50168214092_0d5c6087ba.jpg\" alt=\"MVF_0016 [Torneo Guardianes 2020] Conferencia de Prensa | Osvaldo Mart\u00ednez | Club Puebla | Liga BBVA Mx | Redacci\u00f3n Axel Petlacalco | Fotograf\u00edas Mara Gonz\u00e1lez @maragonzalez013 #PueblaExpres @PueblaExpres | Edici\u00f3n y retoque www.pueblaexpres.com\" width=\"500\" height=\"333\" \/><\/a><script async src=\"\/\/embedr.flickr.com\/assets\/client-code.js\" charset=\"utf-8\"><\/script><\/p>\n<p>En ese rubro, destac\u00f3 la jerarqu\u00eda y sobre todo el buen nivel que vive el Cruz Azul. Desde el torneo pasado junto con la pretemporada de hace unas semanas, el cuadro celeste ha demostrado un gran nivel de juego que ha sido acompa\u00f1ado con muy buenos resultados.<!--more--><\/p>\n<p>Sin embargo, \u201cOsvaldito\u201d no se anim\u00f3 a sentenciar que el cuadro de Robert Dante Sibold\u00ed saldr\u00e1 con el campeonato a final de campa\u00f1a y se limit\u00f3 a reconocer el trabajo de quien tambi\u00e9n fuera su estratega en Santos Laguna y la calidad de la plantilla.<\/p>\n<p>Por esto mismo, apunt\u00f3 que deber\u00e1n estar sumamente concentrados en el partido del pr\u00f3ximo viernes. Pese a no poder contar con el apoyo en las gradas de Estadio Cuauht\u00e9moc, los aficionados poblanos podr\u00e1n apoyarlos de manera virtual y tanto Osvaldo como el resto del plantel esperan que los alienten a lo largo del torneo, pues consideran ser\u00e1 muy importante sentirse respaldados por la afici\u00f3n a\u00fan a la distancia.<\/p>\n<p><a title=\"MVF_0016 [Torneo Guardianes 2020] Conferencia de Prensa | Osvaldo Mart\u00ednez | Club Puebla | Liga BBVA Mx | Redacci\u00f3n Axel Petlacalco | Fotograf\u00edas Mara Gonz\u00e1lez @maragonzalez013 #PueblaExpres @PueblaExpres | Edici\u00f3n y retoque www.pueblaexpres.com\" href=\"https:\/\/www.flickr.com\/photos\/manitas\/50168214092\/in\/album-72157715287833341\/\" data-flickr-embed=\"true\"><img loading=\"lazy\" decoding=\"async\" class=\"aligncenter\" src=\"https:\/\/live.staticflickr.com\/65535\/50168214092_0d5c6087ba.jpg\" alt=\"MVF_0016 [Torneo Guardianes 2020] Conferencia de Prensa | Osvaldo Mart\u00ednez | Club Puebla | Liga BBVA Mx | Redacci\u00f3n Axel Petlacalco | Fotograf\u00edas Mara Gonz\u00e1lez @maragonzalez013 #PueblaExpres @PueblaExpres | Edici\u00f3n y retoque www.pueblaexpres.com\" width=\"500\" height=\"333\" \/><\/a><script async src=\"\/\/embedr.flickr.com\/assets\/client-code.js\" charset=\"utf-8\"><\/script><\/p>\n<p>En tema individual, se sincer\u00f3 al aceptar que a nadie le gusta ser suplente, sin embargo, tanto \u00e9l como sus compa\u00f1eros est\u00e1n comprometidos para emplearse al m\u00e1ximo y estar en la mejor disposici\u00f3n de ser considerados por el profesor Reynoso. Destac\u00f3 la uni\u00f3 que hay en el grupo y asever\u00f3 que, pese a no ser considerado como un equipo contendiente al t\u00edtulo, demostrar\u00e1n semana a semana que est\u00e1n para complicarle la vida a quien sea.<\/p>\n<p>La franja recibir\u00e1 este viernes en punto de las 19.30 horas a la M\u00e1quina de Cruz Azul, escuadra que no podr\u00e1 contar con Jonathan Rodr\u00edguez por la expulsi\u00f3n que recibi\u00f3 en el juego ante Santos.<\/p>\n<p><a title=\"MVF_0016 [Torneo Guardianes 2020] Conferencia de Prensa | Osvaldo Mart\u00ednez | Club Puebla | Liga BBVA Mx | Redacci\u00f3n Axel Petlacalco | Fotograf\u00edas Mara Gonz\u00e1lez @maragonzalez013 #PueblaExpres @PueblaExpres | Edici\u00f3n y retoque www.pueblaexpres.com\" href=\"https:\/\/www.flickr.com\/photos\/manitas\/50168214092\/in\/album-72157715287833341\/\" data-flickr-embed=\"true\"><img loading=\"lazy\" decoding=\"async\" class=\"aligncenter\" src=\"https:\/\/live.staticflickr.com\/65535\/50168214092_0d5c6087ba.jpg\" alt=\"MVF_0016 [Torneo Guardianes 2020] Conferencia de Prensa | Osvaldo Mart\u00ednez | Club Puebla | Liga BBVA Mx | Redacci\u00f3n Axel Petlacalco | Fotograf\u00edas Mara Gonz\u00e1lez @maragonzalez013 #PueblaExpres @PueblaExpres | Edici\u00f3n y retoque www.pueblaexpres.com\" width=\"500\" height=\"333\" \/><\/a><script async src=\"\/\/embedr.flickr.com\/assets\/client-code.js\" charset=\"utf-8\"><\/script><\/p>\n<p><strong>LA OPINI\u00d3N EXPRESADA EN ESTA COLUMNA ES RESPONSABILIDAD DE QUIEN LA ESCRIBE Y NO BUSCA GENERAR CONFLICTOS ENTRE LOS INVOLUCRADOS, SINO GENERAR CONCIENCIA EN CADA LECTOR.<\/strong><\/p>\n<p>[miniflickr photoset_id=72157715287833341&amp;sortby=date-posted-asc&amp;per_page=1]<\/p>\n","protected":false},"excerpt":{"rendered":"<p>Redacci\u00f3n Axel Petlacalco | Fotograf\u00edas Mara Gonz\u00e1lez @maragonzalez013 #PueblaExpres @PueblaExpres Conferencia de Prensa Osvaldo Mart\u00ednez Osvaldo Mart\u00ednez hablo en conferencia de prensa este mi\u00e9rcoles. El mediocampista enfranjado se mostr\u00f3 contento por el resultado obtenido el pasado lunes en el que le amargaron su debut a la nueva franquicia de la Liga Mx. Acept\u00f3 que el [&hellip;]<\/p>\n","protected":false},"author":2,"featured_media":11424,"comment_status":"open","ping_status":"open","sticky":false,"template":"","format":"standard","meta":{"footnotes":""},"categories":[8,42,166,79,13,3,171,1,7],"tags":[],"_links":{"self":[{"href":"https:\/\/pueblaexpres.com\/portal\/index.php?rest_route=\/wp\/v2\/posts\/11423"}],"collection":[{"href":"https:\/\/pueblaexpres.com\/portal\/index.php?rest_route=\/wp\/v2\/posts"}],"about":[{"href":"https:\/\/pueblaexpres.com\/portal\/index.php?rest_route=\/wp\/v2\/types\/post"}],"author":[{"embeddable":true,"href":"https:\/\/pueblaexpres.com\/portal\/index.php?rest_route=\/wp\/v2\/users\/2"}],"replies":[{"embeddable":true,"href":"https:\/\/pueblaexpres.com\/portal\/index.php?rest_route=%2Fwp%2Fv2%2Fcomments&post=11423"}],"version-history":[{"count":1,"href":"https:\/\/pueblaexpres.com\/portal\/index.php?rest_route=\/wp\/v2\/posts\/11423\/revisions"}],"predecessor-version":[{"id":11425,"href":"https:\/\/pueblaexpres.com\/portal\/index.php?rest_route=\/wp\/v2\/posts\/11423\/revisions\/11425"}],"wp:featuredmedia":[{"embeddable":true,"href":"https:\/\/pueblaexpres.com\/portal\/index.php?rest_route=\/wp\/v2\/media\/11424"}],"wp:attachment":[{"href":"https:\/\/pueblaexpres.com\/portal\/index.php?rest_route=%2Fwp%2Fv2%2Fmedia&parent=11423"}],"wp:term":[{"taxonomy":"category","embeddable":true,"href":"https:\/\/pueblaexpres.com\/portal\/index.php?rest_route=%2Fwp%2Fv2%2Fcategories&post=11423"},{"taxonomy":"post_tag","embeddable":true,"href":"https:\/\/pueblaexpres.com\/portal\/index.php?rest_route=%2Fwp%2Fv2%2Ftags&post=11423"}],"curies":[{"name":"wp","href":"https:\/\/api.w.org\/{rel}","templated":true}]}}