{"id":11420,"date":"2020-07-29T08:43:58","date_gmt":"2020-07-29T14:43:58","guid":{"rendered":"https:\/\/pueblaexpres.com\/portal\/?p=11420"},"modified":"2020-07-29T08:43:58","modified_gmt":"2020-07-29T14:43:58","slug":"espectaculos-proximamente-richard-clayderman-y-raul-di-blasio-gira-mundial-mayo-2021","status":"publish","type":"post","link":"https:\/\/pueblaexpres.com\/portal\/?p=11420","title":{"rendered":"[Espect\u00e1culos] Pr\u00f3ximamente | \u201cRichard Clayderman y Ra\u00fal Di Blasio\u201d | Gira Mundial | Mayo 2021"},"content":{"rendered":"<div name=\"googleone_share_1\" style=\"position:relative;z-index:5;float: right; margin-left: 10px;\"><g:plusone size=\"tall\" count=\"1\" href=\"https:\/\/pueblaexpres.com\/portal\/?p=11420\"><\/g:plusone><\/div><p><a href=\"https:\/\/pueblaexpres.com\/portal\/wp-content\/uploads\/2020\/07\/CLAYDERMAN-Y-DI-BLASIO-02.jpg\"><img loading=\"lazy\" decoding=\"async\" class=\"size-full wp-image-11421 aligncenter\" src=\"https:\/\/pueblaexpres.com\/portal\/wp-content\/uploads\/2020\/07\/CLAYDERMAN-Y-DI-BLASIO-02.jpg\" alt=\"\" width=\"474\" height=\"355\" srcset=\"https:\/\/pueblaexpres.com\/portal\/wp-content\/uploads\/2020\/07\/CLAYDERMAN-Y-DI-BLASIO-02.jpg 474w, https:\/\/pueblaexpres.com\/portal\/wp-content\/uploads\/2020\/07\/CLAYDERMAN-Y-DI-BLASIO-02-300x225.jpg 300w\" sizes=\"(max-width: 474px) 100vw, 474px\" \/><\/a><\/p>\n<p>Redacci\u00f3n LCC. Carlos Linares Mendoza | Fotograf\u00edas Cortes\u00eda #PueblaExpres @PueblaExpres<\/p>\n<p>Los dos pianistas m\u00e1s importantes del mundo, Richard Clayderman y Ra\u00fal Di Blasio, estar\u00e1n reunidos en un mismo escenario para emprender una gira por las ciudades m\u00e1s importantes de M\u00e9xico y pa\u00edses del Continente Americano.<\/p>\n<p>\u201cLa idea de reunir a los dos pianistas surgi\u00f3 por el cari\u00f1o que su p\u00fablico les tiene, por ser dos pianistas importantes que han marcado la escena musical instrumental en todo el mundo. Los pianistas llegar\u00e1n al Teatro Metrop\u00f3litan de la Ciudad de M\u00e9xico para ofrecer una emblem\u00e1tica presentaci\u00f3n, despu\u00e9s los llevar\u00e9 a Puebla, Monterrey, Guadalajara y M\u00e9rida\u201d, coment\u00f3 Felipe Vega (Director de Artimex).<\/p>\n<p><a title=\"IMG_0001 [Espect\u00e1culos] Pr\u00f3ximamente | \u201cRichard Clayderman y Ra\u00fal Di Blasio\u201d | Gira Mundial | Mayo 2021 | Fotograf\u00edas Cortes\u00eda #PueblaExpres para Mv Fotograf\u00eda Profesional \/ Edici\u00f3n y retoque www.pueblaexpres.com\" href=\"https:\/\/www.flickr.com\/photos\/manitas\/50166687262\/in\/album-72157715282598191\/\" data-flickr-embed=\"true\"><img loading=\"lazy\" decoding=\"async\" class=\"aligncenter\" src=\"https:\/\/live.staticflickr.com\/65535\/50166687262_a4ea27f23a.jpg\" alt=\"IMG_0001 [Espect\u00e1culos] Pr\u00f3ximamente | \u201cRichard Clayderman y Ra\u00fal Di Blasio\u201d | Gira Mundial | Mayo 2021 | Fotograf\u00edas Cortes\u00eda #PueblaExpres para Mv Fotograf\u00eda Profesional \/ Edici\u00f3n y retoque www.pueblaexpres.com\" width=\"480\" height=\"360\" \/><\/a><script async src=\"\/\/embedr.flickr.com\/assets\/client-code.js\" charset=\"utf-8\"><\/script><\/p>\n<p>Richard Clayderman y Ra\u00fal Di Blasio ofrecer\u00e1n presentaciones por Lima en Per\u00fa (2 de junio), Bogot\u00e1 en Colombia (5 de junio), Guayaquil (3 de junio) y Quito (4 de junio) en Ecuador, tambi\u00e9n llegar\u00e1n a Brasil.<\/p>\n<p>\u201cEs importante mencionar que ser\u00e1 una gira juntos por \u00fanica vez en las principales ciudades del pa\u00eds, del 26 al 30 de mayo; tambi\u00e9n los llevar\u00e9 por otros pa\u00edses del continente americano, para mayores informes pueden contactarme al 55-35-42-69-14\u201d, concluy\u00f3 Felipe Vega (Director de la Empresa de Representaciones Art\u00edsticas Artimex).<!--more--><\/p>\n<p>Philippe Robert Louis Pag\u00e9s, conocido art\u00edsticamente como \u201cRichard Clayderman\u201d, naci\u00f3 un 28 de diciembre de 1953 en Par\u00eds, Francia. Es el pianista m\u00e1s exitoso del mundo, especializado en m\u00fasica ligera, considerado como un pianista franc\u00e9s con m\u00e1s de 70 millones de discos vendidos, siendo premiado con 267 discos de oro y 70 discos de platino.<\/p>\n<p><a title=\"IMG_0001 [Espect\u00e1culos] Pr\u00f3ximamente | \u201cRichard Clayderman y Ra\u00fal Di Blasio\u201d | Gira Mundial | Mayo 2021 | Fotograf\u00edas Cortes\u00eda #PueblaExpres para Mv Fotograf\u00eda Profesional \/ Edici\u00f3n y retoque www.pueblaexpres.com\" href=\"https:\/\/www.flickr.com\/photos\/manitas\/50166687247\/in\/album-72157715282598191\/\" data-flickr-embed=\"true\"><img loading=\"lazy\" decoding=\"async\" class=\"aligncenter\" src=\"https:\/\/live.staticflickr.com\/65535\/50166687247_452fd0b3d4.jpg\" alt=\"IMG_0001 [Espect\u00e1culos] Pr\u00f3ximamente | \u201cRichard Clayderman y Ra\u00fal Di Blasio\u201d | Gira Mundial | Mayo 2021 | Fotograf\u00edas Cortes\u00eda #PueblaExpres para Mv Fotograf\u00eda Profesional \/ Edici\u00f3n y retoque www.pueblaexpres.com\" width=\"480\" height=\"360\" \/><\/a><script async src=\"\/\/embedr.flickr.com\/assets\/client-code.js\" charset=\"utf-8\"><\/script><\/p>\n<p>Es hijo de un maestro de piano, que desde peque\u00f1o consigui\u00f3 educaci\u00f3n musical \u00fanicamente al escuchar a su padre cuando \u00e9ste ense\u00f1aba a sus alumnos, as\u00ed comenz\u00f3 su historia de manera oficial en 1976, que lo ha catalogado como el mejor pianista del planeta.<\/p>\n<p>Ha realizado m\u00e1s de 600 conciertos alrededor del mundo. Es conocido por su interpretaci\u00f3n de &#8220;Balada para Adelina&#8221; (&#8220;Ballade pour Adeline&#8221;). Ha trabajado para importantes sellos discogr\u00e1ficos en: Francia, Reino Unido, Italia, Alemania, Turqu\u00eda, Jap\u00f3n, Tailandia, Taiwan, Australia, India, Canad\u00e1 y Estados Unidos.<\/p>\n<p>Tiene 71 producciones discogr\u00e1ficas y 18 reediciones con compilaciones en los sellos discogr\u00e1ficos de pa\u00edses como: Francia, Reino Unido, B\u00e9lgica, Espa\u00f1a, Portugal, Sud\u00e1frica, Pa\u00edses Bajos, Jap\u00f3n, Venezuela y Estados Unidos. Varias de sus producciones han sido dedicadas a la comunidad latina, sin embargo, en 1996 edit\u00f3 su disco \u201cM\u00e9xico con amor\u201d, por el cari\u00f1o que le tiene a nuestro pa\u00eds y las grandes composiciones que se han escrito por compositores mexicanos, canciones que han dado la vuelva al mundo.<\/p>\n<p><a title=\"IMG_0001 [Espect\u00e1culos] Pr\u00f3ximamente | \u201cRichard Clayderman y Ra\u00fal Di Blasio\u201d | Gira Mundial | Mayo 2021 | Fotograf\u00edas Cortes\u00eda #PueblaExpres para Mv Fotograf\u00eda Profesional \/ Edici\u00f3n y retoque www.pueblaexpres.com\" href=\"https:\/\/www.flickr.com\/photos\/manitas\/50166687262\/in\/album-72157715282598191\/\" data-flickr-embed=\"true\"><img loading=\"lazy\" decoding=\"async\" class=\"aligncenter\" src=\"https:\/\/live.staticflickr.com\/65535\/50166687262_a4ea27f23a.jpg\" alt=\"IMG_0001 [Espect\u00e1culos] Pr\u00f3ximamente | \u201cRichard Clayderman y Ra\u00fal Di Blasio\u201d | Gira Mundial | Mayo 2021 | Fotograf\u00edas Cortes\u00eda #PueblaExpres para Mv Fotograf\u00eda Profesional \/ Edici\u00f3n y retoque www.pueblaexpres.com\" width=\"480\" height=\"360\" \/><\/a><script async src=\"\/\/embedr.flickr.com\/assets\/client-code.js\" charset=\"utf-8\"><\/script><\/p>\n<p>Por su parte Ra\u00fal Di Blasio, naci\u00f3 en Zapala, Neuqu\u00e9n, Argentina, un 14 de noviembre de 1949. Desde 1988, es conocido como \u201cEl Piano de Am\u00e9rica\u201d. En 1997, particip\u00f3 en la canci\u00f3n \u201cDespu\u00e9s de ti\u2026 \u00bfQu\u00e9?\u201d, interpretado por Jos\u00e9 Feliciano, quien estuvo acompa\u00f1ado de Cristian Castro.<\/p>\n<p>Ra\u00fal Di Blasio ha tocado junto a importantes artistas como Richard Clayderman, Jos\u00e9 Jos\u00e9 (qepd), Juan Gabriel (qepd), Julio Iglesias, Luis Miguel, Guadalupe Pineda, Carlos Cuevas, Marco Antonio Sol\u00eds, Sin Bandera, Bronco, Armando Manzanero, El Consorcio, Luis Jara, entre otros\u2026<\/p>\n<p>Ha editado 17 producciones con importantes sellos discogr\u00e1ficos de: Chile, Estados Unidos y Brasil. Ha editado tres discos de colaboraciones para M\u00e9xico. Por si fuera poco, el 1998, present\u00f3 el disco \u201cDesde M\u00e9xico\u201d, dedicado a sus fans mexicanos que siempre lo han apoyado por todo el largo y ancho de la Rep\u00fablica Mexicana.<\/p>\n<p><a title=\"IMG_0001 [Espect\u00e1culos] Pr\u00f3ximamente | \u201cRichard Clayderman y Ra\u00fal Di Blasio\u201d | Gira Mundial | Mayo 2021 | Fotograf\u00edas Cortes\u00eda #PueblaExpres para Mv Fotograf\u00eda Profesional \/ Edici\u00f3n y retoque www.pueblaexpres.com\" href=\"https:\/\/www.flickr.com\/photos\/manitas\/50166687247\/in\/album-72157715282598191\/\" data-flickr-embed=\"true\"><img loading=\"lazy\" decoding=\"async\" class=\"aligncenter\" src=\"https:\/\/live.staticflickr.com\/65535\/50166687247_452fd0b3d4.jpg\" alt=\"IMG_0001 [Espect\u00e1culos] Pr\u00f3ximamente | \u201cRichard Clayderman y Ra\u00fal Di Blasio\u201d | Gira Mundial | Mayo 2021 | Fotograf\u00edas Cortes\u00eda #PueblaExpres para Mv Fotograf\u00eda Profesional \/ Edici\u00f3n y retoque www.pueblaexpres.com\" width=\"480\" height=\"360\" \/><\/a><script async src=\"\/\/embedr.flickr.com\/assets\/client-code.js\" charset=\"utf-8\"><\/script><\/p>\n<p>Cabe se\u00f1alar que ser\u00e1 en mayo del pr\u00f3ximo a\u00f1o, cuando los dos mejores pianistas del mundo \u201cRichard Clayderman y Ra\u00fal Di Blasio\u201d, se presenten juntos para emprender una gira por Ciudad de M\u00e9xico, Monterrey, Guadalajara, Puebla y M\u00e9rida, para continuar por Per\u00fa, Ecuador, Colombia y Brasil.<\/p>\n<p><strong>LA OPINI\u00d3N EXPRESADA EN ESTA COLUMNA ES RESPONSABILIDAD DE QUIEN LA ESCRIBE Y NO BUSCA GENERAR CONFLICTOS ENTRE LOS INVOLUCRADOS, SINO GENERAR CONCIENCIA EN CADA LECTOR.<\/strong><\/p>\n","protected":false},"excerpt":{"rendered":"<p>Redacci\u00f3n LCC. Carlos Linares Mendoza | Fotograf\u00edas Cortes\u00eda #PueblaExpres @PueblaExpres Los dos pianistas m\u00e1s importantes del mundo, Richard Clayderman y Ra\u00fal Di Blasio, estar\u00e1n reunidos en un mismo escenario para emprender una gira por las ciudades m\u00e1s importantes de M\u00e9xico y pa\u00edses del Continente Americano. \u201cLa idea de reunir a los dos pianistas surgi\u00f3 por [&hellip;]<\/p>\n","protected":false},"author":2,"featured_media":11421,"comment_status":"open","ping_status":"open","sticky":false,"template":"","format":"standard","meta":{"footnotes":""},"categories":[8,42,166,170,36,171,1],"tags":[],"_links":{"self":[{"href":"https:\/\/pueblaexpres.com\/portal\/index.php?rest_route=\/wp\/v2\/posts\/11420"}],"collection":[{"href":"https:\/\/pueblaexpres.com\/portal\/index.php?rest_route=\/wp\/v2\/posts"}],"about":[{"href":"https:\/\/pueblaexpres.com\/portal\/index.php?rest_route=\/wp\/v2\/types\/post"}],"author":[{"embeddable":true,"href":"https:\/\/pueblaexpres.com\/portal\/index.php?rest_route=\/wp\/v2\/users\/2"}],"replies":[{"embeddable":true,"href":"https:\/\/pueblaexpres.com\/portal\/index.php?rest_route=%2Fwp%2Fv2%2Fcomments&post=11420"}],"version-history":[{"count":1,"href":"https:\/\/pueblaexpres.com\/portal\/index.php?rest_route=\/wp\/v2\/posts\/11420\/revisions"}],"predecessor-version":[{"id":11422,"href":"https:\/\/pueblaexpres.com\/portal\/index.php?rest_route=\/wp\/v2\/posts\/11420\/revisions\/11422"}],"wp:featuredmedia":[{"embeddable":true,"href":"https:\/\/pueblaexpres.com\/portal\/index.php?rest_route=\/wp\/v2\/media\/11421"}],"wp:attachment":[{"href":"https:\/\/pueblaexpres.com\/portal\/index.php?rest_route=%2Fwp%2Fv2%2Fmedia&parent=11420"}],"wp:term":[{"taxonomy":"category","embeddable":true,"href":"https:\/\/pueblaexpres.com\/portal\/index.php?rest_route=%2Fwp%2Fv2%2Fcategories&post=11420"},{"taxonomy":"post_tag","embeddable":true,"href":"https:\/\/pueblaexpres.com\/portal\/index.php?rest_route=%2Fwp%2Fv2%2Ftags&post=11420"}],"curies":[{"name":"wp","href":"https:\/\/api.w.org\/{rel}","templated":true}]}}