{"id":11414,"date":"2020-07-28T08:34:31","date_gmt":"2020-07-28T14:34:31","guid":{"rendered":"https:\/\/pueblaexpres.com\/portal\/?p=11414"},"modified":"2020-07-28T08:34:31","modified_gmt":"2020-07-28T14:34:31","slug":"victor-manuel-vucetich-candidato-para-dirigir-la-seleccion-de-ecuador","status":"publish","type":"post","link":"https:\/\/pueblaexpres.com\/portal\/?p=11414","title":{"rendered":"V\u00edctor Manuel Vucetich candidato para dirigir la Selecci\u00f3n de Ecuador"},"content":{"rendered":"<div name=\"googleone_share_1\" style=\"position:relative;z-index:5;float: right; margin-left: 10px;\"><g:plusone size=\"tall\" count=\"1\" href=\"https:\/\/pueblaexpres.com\/portal\/?p=11414\"><\/g:plusone><\/div><p><a href=\"https:\/\/pueblaexpres.com\/portal\/wp-content\/uploads\/2020\/07\/VUCETICH-01.jpg\"><img loading=\"lazy\" decoding=\"async\" class=\"wp-image-11415 aligncenter\" src=\"https:\/\/pueblaexpres.com\/portal\/wp-content\/uploads\/2020\/07\/VUCETICH-01.jpg\" alt=\"\" width=\"531\" height=\"299\" srcset=\"https:\/\/pueblaexpres.com\/portal\/wp-content\/uploads\/2020\/07\/VUCETICH-01.jpg 1011w, https:\/\/pueblaexpres.com\/portal\/wp-content\/uploads\/2020\/07\/VUCETICH-01-300x169.jpg 300w, https:\/\/pueblaexpres.com\/portal\/wp-content\/uploads\/2020\/07\/VUCETICH-01-768x432.jpg 768w, https:\/\/pueblaexpres.com\/portal\/wp-content\/uploads\/2020\/07\/VUCETICH-01-640x360.jpg 640w\" sizes=\"(max-width: 531px) 100vw, 531px\" \/><\/a><\/p>\n<p>Redacci\u00f3n LCC. Carlos Linares Mendoza | Fotograf\u00edas Cortes\u00eda #PueblaExpres @PueblaExpres<\/p>\n<p>Con una amplia trayectoria en el futbol mexicano, el exfutbolista V\u00edctor Manuel Vucetich, figura entre el candidato m\u00e1s fuerte para dirigir la Selecci\u00f3n de Ecuador.<\/p>\n<p>El pa\u00eds Sudamericano quiere al ex futbolista mexicano por la capacidad de sacar adelante a su Selecci\u00f3n de Ecuador, por lo cual se reunir\u00e1 la Federaci\u00f3n de Ecuador para su elecci\u00f3n.<\/p>\n<p><a title=\"IMG_0001 V\u00edctor Manuel Vucetich candidato para dirigir la Selecci\u00f3n de Ecuador | Fotograf\u00edas Cortes\u00eda #PueblaExpres para Mv Fotograf\u00eda Profesional \/ Edici\u00f3n y retoque www.pueblaexpres.com\" href=\"https:\/\/www.flickr.com\/photos\/manitas\/50163093002\/in\/album-72157715269802761\/\" data-flickr-embed=\"true\"><img loading=\"lazy\" decoding=\"async\" class=\"aligncenter\" src=\"https:\/\/live.staticflickr.com\/65535\/50163093002_20bf9418aa_w.jpg\" alt=\"IMG_0001 V\u00edctor Manuel Vucetich candidato para dirigir la Selecci\u00f3n de Ecuador | Fotograf\u00edas Cortes\u00eda #PueblaExpres para Mv Fotograf\u00eda Profesional \/ Edici\u00f3n y retoque www.pueblaexpres.com\" width=\"298\" height=\"399\" \/><\/a><script async src=\"\/\/embedr.flickr.com\/assets\/client-code.js\" charset=\"utf-8\"><\/script><\/p>\n<p>\u201cV\u00edctor Manuel Vucetich, fue un gran futbolista mexicano y es un extraordinario Director T\u00e9cnico en su pa\u00eds, considerado -El Rey Midas-, ideal para comandar la Selecci\u00f3n de Ecuador\u201d, coment\u00f3 Esteban Mateus (Promotor Ecuatoriano).<!--more--><\/p>\n<p>V\u00edctor Manuel Vucetich Rojas, naci\u00f3 en Tampico, Tamaulipas un 25 de junio de 1955, exfutbolista y entrenador mexicano. Actualmente se encuentra sin equipo, sin embargo, son tres equipos los que lo quieren como su Director T\u00e9cnico.<\/p>\n<p>Se desempe\u00f1\u00f3 como entrenador de la selecci\u00f3n de f\u00fatbol de M\u00e9xico. Ha dirigido a catorce equipos en la Primera Divisi\u00f3n de M\u00e9xico, logrando 5 Campeonatos de Liga, 4 Copas M\u00e9xico, 3 Campeonatos de la Concacaf Liga de Campeones, 1 Interliga y dos Campeonatos de Segunda Divisi\u00f3n. A lo largo de su carrera ha disputado 16 finales y ha ganado 14.<\/p>\n<p><a title=\"IMG_0001 V\u00edctor Manuel Vucetich candidato para dirigir la Selecci\u00f3n de Ecuador | Fotograf\u00edas Cortes\u00eda #PueblaExpres para Mv Fotograf\u00eda Profesional \/ Edici\u00f3n y retoque www.pueblaexpres.com\" href=\"https:\/\/www.flickr.com\/photos\/manitas\/50162305498\/in\/album-72157715269802761\/\" data-flickr-embed=\"true\"><img loading=\"lazy\" decoding=\"async\" class=\"aligncenter\" src=\"https:\/\/live.staticflickr.com\/65535\/50162305498_fdcfcf75ec_w.jpg\" alt=\"IMG_0001 V\u00edctor Manuel Vucetich candidato para dirigir la Selecci\u00f3n de Ecuador | Fotograf\u00edas Cortes\u00eda #PueblaExpres para Mv Fotograf\u00eda Profesional \/ Edici\u00f3n y retoque www.pueblaexpres.com\" width=\"400\" height=\"225\" \/><\/a><script async src=\"\/\/embedr.flickr.com\/assets\/client-code.js\" charset=\"utf-8\"><\/script><\/p>\n<p>Es uno de los entrenadores m\u00e1s exitosos en la Primera Divisi\u00f3n de M\u00e9xico, por lo cual ahora la selecci\u00f3n del pa\u00eds Sudamericano \u201cEcuador\u201d, lo quiere en su selecci\u00f3n, adem\u00e1s V\u00edctor Manuel conoce al jugador ecuatoriano muy bien; ha dirigido grandes jugadores ecuatorianos, referencia clara de ser el indicado para poder dirigir la Selecci\u00f3n de Ecuador.<\/p>\n<p>Sabe manejar grupos de jugadores (manejo de camar\u00edn), posee una trayectoria intachable, por ser desde sus inicios un futbolista responsable y ahora un Director T\u00e9cnico muy serio y organizado, elocuente y respetuoso siempre con los Medios de Comunicaci\u00f3n, trat\u00e1ndolos de manera educada en cada entrevista.<\/p>\n<p>Le gusta el f\u00fatbol f\u00e1cil y pr\u00e1ctico, sin meterse en complicaciones pragm\u00e1ticas de querer inventar el juego, por algo es conocido como &#8220;El Rey Midas&#8221; por los m\u00faltiples campeonatos obtenidos a lo largo de su exitosa carrera como Director T\u00e9cnico, en los equipos: Monterrey, Cruz Azul, Puebla, Potros Neza, Le\u00f3n, Tecos, Tigres UANL, La Piedad, Pachuca, Veracruz, Jaguares, Quer\u00e9taro y Selecci\u00f3n Mexicana.<\/p>\n<p><a title=\"IMG_0001 V\u00edctor Manuel Vucetich candidato para dirigir la Selecci\u00f3n de Ecuador | Fotograf\u00edas Cortes\u00eda #PueblaExpres para Mv Fotograf\u00eda Profesional \/ Edici\u00f3n y retoque www.pueblaexpres.com\" href=\"https:\/\/www.flickr.com\/photos\/manitas\/50163093002\/in\/album-72157715269802761\/\" data-flickr-embed=\"true\"><img loading=\"lazy\" decoding=\"async\" class=\"aligncenter\" src=\"https:\/\/live.staticflickr.com\/65535\/50163093002_20bf9418aa_w.jpg\" alt=\"IMG_0001 V\u00edctor Manuel Vucetich candidato para dirigir la Selecci\u00f3n de Ecuador | Fotograf\u00edas Cortes\u00eda #PueblaExpres para Mv Fotograf\u00eda Profesional \/ Edici\u00f3n y retoque www.pueblaexpres.com\" width=\"298\" height=\"399\" \/><\/a><script async src=\"\/\/embedr.flickr.com\/assets\/client-code.js\" charset=\"utf-8\"><\/script><\/p>\n<p>Es el t\u00e9cnico m\u00e1s ganador del f\u00fatbol mexicano por su gran experiencia. Ha recibido en cuatro ocasiones la distinci\u00f3n como \u201cMejor Director T\u00e9cnico\u201d y tres veces fue nombrado \u201cMejor Director T\u00e9cnico de la Concacaf Liga Campeones\u201d, ha ganado 14 t\u00edtulos y es el que m\u00e1s t\u00edtulos tiene en M\u00e9xico; son algunas de las distinciones personales que ha obtenido por su extraordinario trabajo en el Futbol.<\/p>\n<p>Cabe se\u00f1alar que otros equipos aparte de Ecuador, tambi\u00e9n quieren al Director T\u00e9cnico de 65 a\u00f1os, a V\u00edctor Manuel Vucetich, entre ellos: Toluca y Pumas.<\/p>\n<p><strong>LA OPINI\u00d3N EXPRESADA EN ESTA COLUMNA ES RESPONSABILIDAD DE QUIEN LA ESCRIBE Y NO BUSCA GENERAR CONFLICTOS ENTRE LOS INVOLUCRADOS, SINO GENERAR CONCIENCIA EN CADA LECTOR.<\/strong><\/p>\n<p>[miniflickr photoset_id=72157715269802761&amp;sortby=date-posted-asc&amp;per_page=2]<\/p>\n","protected":false},"excerpt":{"rendered":"<p>Redacci\u00f3n LCC. Carlos Linares Mendoza | Fotograf\u00edas Cortes\u00eda #PueblaExpres @PueblaExpres Con una amplia trayectoria en el futbol mexicano, el exfutbolista V\u00edctor Manuel Vucetich, figura entre el candidato m\u00e1s fuerte para dirigir la Selecci\u00f3n de Ecuador. El pa\u00eds Sudamericano quiere al ex futbolista mexicano por la capacidad de sacar adelante a su Selecci\u00f3n de Ecuador, por [&hellip;]<\/p>\n","protected":false},"author":2,"featured_media":11415,"comment_status":"open","ping_status":"open","sticky":false,"template":"","format":"standard","meta":{"footnotes":""},"categories":[8,42,166,13,3,1],"tags":[],"_links":{"self":[{"href":"https:\/\/pueblaexpres.com\/portal\/index.php?rest_route=\/wp\/v2\/posts\/11414"}],"collection":[{"href":"https:\/\/pueblaexpres.com\/portal\/index.php?rest_route=\/wp\/v2\/posts"}],"about":[{"href":"https:\/\/pueblaexpres.com\/portal\/index.php?rest_route=\/wp\/v2\/types\/post"}],"author":[{"embeddable":true,"href":"https:\/\/pueblaexpres.com\/portal\/index.php?rest_route=\/wp\/v2\/users\/2"}],"replies":[{"embeddable":true,"href":"https:\/\/pueblaexpres.com\/portal\/index.php?rest_route=%2Fwp%2Fv2%2Fcomments&post=11414"}],"version-history":[{"count":1,"href":"https:\/\/pueblaexpres.com\/portal\/index.php?rest_route=\/wp\/v2\/posts\/11414\/revisions"}],"predecessor-version":[{"id":11416,"href":"https:\/\/pueblaexpres.com\/portal\/index.php?rest_route=\/wp\/v2\/posts\/11414\/revisions\/11416"}],"wp:featuredmedia":[{"embeddable":true,"href":"https:\/\/pueblaexpres.com\/portal\/index.php?rest_route=\/wp\/v2\/media\/11415"}],"wp:attachment":[{"href":"https:\/\/pueblaexpres.com\/portal\/index.php?rest_route=%2Fwp%2Fv2%2Fmedia&parent=11414"}],"wp:term":[{"taxonomy":"category","embeddable":true,"href":"https:\/\/pueblaexpres.com\/portal\/index.php?rest_route=%2Fwp%2Fv2%2Fcategories&post=11414"},{"taxonomy":"post_tag","embeddable":true,"href":"https:\/\/pueblaexpres.com\/portal\/index.php?rest_route=%2Fwp%2Fv2%2Ftags&post=11414"}],"curies":[{"name":"wp","href":"https:\/\/api.w.org\/{rel}","templated":true}]}}