{"id":11396,"date":"2020-03-16T12:02:13","date_gmt":"2020-03-16T18:02:13","guid":{"rendered":"https:\/\/pueblaexpres.com\/portal\/?p=11396"},"modified":"2020-03-16T15:26:55","modified_gmt":"2020-03-16T21:26:55","slug":"j27-g2-t2019-2020-fc-los-angeles-vs-sep-puebla-estadio-unidad-deportiva-mario-vazquez-rana-liga-tdp-de-mexico","status":"publish","type":"post","link":"https:\/\/pueblaexpres.com\/portal\/?p=11396","title":{"rendered":"[J27 G2 T2019-2020] FC Los \u00c1ngeles vs SEP Puebla | Estadio Unidad Deportiva Mario V\u00e1zquez Ra\u00f1a | Liga TDP de M\u00e9xico"},"content":{"rendered":"<div name=\"googleone_share_1\" style=\"position:relative;z-index:5;float: right; margin-left: 10px;\"><g:plusone size=\"tall\" count=\"1\" href=\"https:\/\/pueblaexpres.com\/portal\/?p=11396\"><\/g:plusone><\/div><p><a href=\"https:\/\/pueblaexpres.com\/portal\/wp-content\/uploads\/2020\/03\/IMG_1251.jpg\"><img loading=\"lazy\" decoding=\"async\" class=\"wp-image-11397 aligncenter\" src=\"https:\/\/pueblaexpres.com\/portal\/wp-content\/uploads\/2020\/03\/IMG_1251.jpg\" alt=\"\" width=\"500\" height=\"333\" srcset=\"https:\/\/pueblaexpres.com\/portal\/wp-content\/uploads\/2020\/03\/IMG_1251.jpg 800w, https:\/\/pueblaexpres.com\/portal\/wp-content\/uploads\/2020\/03\/IMG_1251-300x200.jpg 300w, https:\/\/pueblaexpres.com\/portal\/wp-content\/uploads\/2020\/03\/IMG_1251-768x512.jpg 768w, https:\/\/pueblaexpres.com\/portal\/wp-content\/uploads\/2020\/03\/IMG_1251-640x426.jpg 640w\" sizes=\"(max-width: 500px) 100vw, 500px\" \/><\/a><\/p>\n<p><strong>Redacci\u00f3n | Fotograf\u00edas Mara Gonz\u00e1lez @maragonzalez013 \/ Lyz Vega @lyz_vega \/ Sa\u00fal S\u00e1nchez \/ Axel Petlacalco \/ Manuel Vela @Mv_ManuelVela #PueblaExpres @PueblaExpres<\/strong><\/p>\n<p>En la cancha de la Unidad Deportiva Mario V\u00e1zquez Ra\u00f1a, sede habitual de SEP Puebla, en calidad de visitante venci\u00f3 2-0 a FC Los \u00c1ngeles en partido de la Fecha 27 del Grupo 2.<\/p>\n<p><a title=\"IMG_0987 [J27 G2 T2019-2020] FC Los \u00c1ngeles vs SEP Puebla | Estadio Unidad Deportiva Mario V\u00e1zquez Ra\u00f1a | Liga TDP de M\u00e9xico | Fotograf\u00edas Mara Gonz\u00e1lez \/ Axel Petlacalco \/ Manuel Vela \/ www.pueblaexpres.com\" href=\"https:\/\/www.flickr.com\/photos\/manitas\/49667639837\/in\/album-72157713511520933\/\" data-flickr-embed=\"true\"><img loading=\"lazy\" decoding=\"async\" class=\"aligncenter\" src=\"https:\/\/live.staticflickr.com\/65535\/49667639837_fe2e79169a.jpg\" alt=\"IMG_0987 [J27 G2 T2019-2020] FC Los \u00c1ngeles vs SEP Puebla | Estadio Unidad Deportiva Mario V\u00e1zquez Ra\u00f1a | Liga TDP de M\u00e9xico | Fotograf\u00edas Mara Gonz\u00e1lez \/ Axel Petlacalco \/ Manuel Vela \/ www.pueblaexpres.com\" width=\"500\" height=\"334\" \/><\/a><script async src=\"\/\/embedr.flickr.com\/assets\/client-code.js\" charset=\"utf-8\"><\/script><\/p>\n<p>El conjunto albirrojo dio n\u00fameros definitivos al marcador desde la primera mitad con las anotaciones de Iv\u00e1n Flores al 27\u2019 y Yerik Edgardo Torres al 36\u2019.<\/p>\n<p><a title=\"IMG_1278 [J27 G2 T2019-2020] FC Los \u00c1ngeles vs SEP Puebla | Estadio Unidad Deportiva Mario V\u00e1zquez Ra\u00f1a | Liga TDP de M\u00e9xico | Fotograf\u00edas Mara Gonz\u00e1lez \/ Axel Petlacalco \/ Manuel Vela \/ www.pueblaexpres.com\" href=\"https:\/\/www.flickr.com\/photos\/manitas\/49667639737\/in\/album-72157713511520933\/\" data-flickr-embed=\"true\"><img loading=\"lazy\" decoding=\"async\" class=\"aligncenter\" src=\"https:\/\/live.staticflickr.com\/65535\/49667639737_dce360de09.jpg\" alt=\"IMG_1278 [J27 G2 T2019-2020] FC Los \u00c1ngeles vs SEP Puebla | Estadio Unidad Deportiva Mario V\u00e1zquez Ra\u00f1a | Liga TDP de M\u00e9xico | Fotograf\u00edas Mara Gonz\u00e1lez \/ Axel Petlacalco \/ Manuel Vela \/ www.pueblaexpres.com\" width=\"500\" height=\"333\" \/><\/a><script async src=\"\/\/embedr.flickr.com\/assets\/client-code.js\" charset=\"utf-8\"><\/script><\/p>\n<p>Con el triunfo de 2 por 0, SEP Puebla lleg\u00f3 a 36 puntos en el d\u00e9cimo primer escal\u00f3n, mientras que FC Los \u00c1ngeles se qued\u00f3 con 33 un lugar atr\u00e1s.<!--more--><\/p>\n<p><a title=\"IMG_1593 [J27 G2 T2019-2020] FC Los \u00c1ngeles vs SEP Puebla | Estadio Unidad Deportiva Mario V\u00e1zquez Ra\u00f1a | Liga TDP de M\u00e9xico | Fotograf\u00edas Mara Gonz\u00e1lez \/ Axel Petlacalco \/ Manuel Vela \/ www.pueblaexpres.com\" href=\"https:\/\/www.flickr.com\/photos\/manitas\/49667357061\/in\/album-72157713511520933\/\" data-flickr-embed=\"true\"><img loading=\"lazy\" decoding=\"async\" class=\"aligncenter\" src=\"https:\/\/live.staticflickr.com\/65535\/49667357061_99b4a97c23.jpg\" alt=\"IMG_1593 [J27 G2 T2019-2020] FC Los \u00c1ngeles vs SEP Puebla | Estadio Unidad Deportiva Mario V\u00e1zquez Ra\u00f1a | Liga TDP de M\u00e9xico | Fotograf\u00edas Mara Gonz\u00e1lez \/ Axel Petlacalco \/ Manuel Vela \/ www.pueblaexpres.com\" width=\"500\" height=\"333\" \/><\/a><script async src=\"\/\/embedr.flickr.com\/assets\/client-code.js\" charset=\"utf-8\"><\/script><\/p>\n<p><strong>LA OPINI\u00d3N EXPRESADA EN ESTA COLUMNA ES RESPONSABILIDAD DE QUIEN LA ESCRIBE Y NO BUSCA GENERAR CONFLICTOS ENTRE LOS INVOLUCRADOS, SINO GENERAR CONCIENCIA EN CADA LECTOR.<\/strong><\/p>\n<p>[miniflickr photoset_id=72157713511520933&amp;sortby=date-posted-asc&amp;per_page=20]<\/p>\n","protected":false},"excerpt":{"rendered":"<p>Redacci\u00f3n | Fotograf\u00edas Mara Gonz\u00e1lez @maragonzalez013 \/ Lyz Vega @lyz_vega \/ Sa\u00fal S\u00e1nchez \/ Axel Petlacalco \/ Manuel Vela @Mv_ManuelVela #PueblaExpres @PueblaExpres En la cancha de la Unidad Deportiva Mario V\u00e1zquez Ra\u00f1a, sede habitual de SEP Puebla, en calidad de visitante venci\u00f3 2-0 a FC Los \u00c1ngeles en partido de la Fecha 27 del Grupo [&hellip;]<\/p>\n","protected":false},"author":2,"featured_media":11397,"comment_status":"open","ping_status":"open","sticky":false,"template":"","format":"standard","meta":{"footnotes":""},"categories":[8,42,166,79,13,3,171,1,7],"tags":[],"_links":{"self":[{"href":"https:\/\/pueblaexpres.com\/portal\/index.php?rest_route=\/wp\/v2\/posts\/11396"}],"collection":[{"href":"https:\/\/pueblaexpres.com\/portal\/index.php?rest_route=\/wp\/v2\/posts"}],"about":[{"href":"https:\/\/pueblaexpres.com\/portal\/index.php?rest_route=\/wp\/v2\/types\/post"}],"author":[{"embeddable":true,"href":"https:\/\/pueblaexpres.com\/portal\/index.php?rest_route=\/wp\/v2\/users\/2"}],"replies":[{"embeddable":true,"href":"https:\/\/pueblaexpres.com\/portal\/index.php?rest_route=%2Fwp%2Fv2%2Fcomments&post=11396"}],"version-history":[{"count":1,"href":"https:\/\/pueblaexpres.com\/portal\/index.php?rest_route=\/wp\/v2\/posts\/11396\/revisions"}],"predecessor-version":[{"id":11398,"href":"https:\/\/pueblaexpres.com\/portal\/index.php?rest_route=\/wp\/v2\/posts\/11396\/revisions\/11398"}],"wp:featuredmedia":[{"embeddable":true,"href":"https:\/\/pueblaexpres.com\/portal\/index.php?rest_route=\/wp\/v2\/media\/11397"}],"wp:attachment":[{"href":"https:\/\/pueblaexpres.com\/portal\/index.php?rest_route=%2Fwp%2Fv2%2Fmedia&parent=11396"}],"wp:term":[{"taxonomy":"category","embeddable":true,"href":"https:\/\/pueblaexpres.com\/portal\/index.php?rest_route=%2Fwp%2Fv2%2Fcategories&post=11396"},{"taxonomy":"post_tag","embeddable":true,"href":"https:\/\/pueblaexpres.com\/portal\/index.php?rest_route=%2Fwp%2Fv2%2Ftags&post=11396"}],"curies":[{"name":"wp","href":"https:\/\/api.w.org\/{rel}","templated":true}]}}