{"id":11374,"date":"2020-02-27T13:11:07","date_gmt":"2020-02-27T19:11:07","guid":{"rendered":"https:\/\/pueblaexpres.com\/portal\/?p=11374"},"modified":"2020-03-09T13:14:05","modified_gmt":"2020-03-09T19:14:05","slug":"torneo-primavera-2020-categoria-b-2010-11-jornada-01-andes-vs-ceryan-instituto-andes-bosque-campo-pista-de-atletismo-nova-liga-fut","status":"publish","type":"post","link":"https:\/\/pueblaexpres.com\/portal\/?p=11374","title":{"rendered":"[Torneo Primavera 2020] Categor\u00eda B 2010-11 | Jornada 01 | ANDES vs CERYAN | Instituto Andes-Bosque Campo Pista de Atletismo | Nova Liga Fut"},"content":{"rendered":"<div name=\"googleone_share_1\" style=\"position:relative;z-index:5;float: right; margin-left: 10px;\"><g:plusone size=\"tall\" count=\"1\" href=\"https:\/\/pueblaexpres.com\/portal\/?p=11374\"><\/g:plusone><\/div><p><a href=\"https:\/\/pueblaexpres.com\/portal\/wp-content\/uploads\/2020\/03\/IMG_3379.jpg\"><img loading=\"lazy\" decoding=\"async\" class=\"wp-image-11375 aligncenter\" src=\"https:\/\/pueblaexpres.com\/portal\/wp-content\/uploads\/2020\/03\/IMG_3379.jpg\" alt=\"\" width=\"500\" height=\"333\" srcset=\"https:\/\/pueblaexpres.com\/portal\/wp-content\/uploads\/2020\/03\/IMG_3379.jpg 800w, https:\/\/pueblaexpres.com\/portal\/wp-content\/uploads\/2020\/03\/IMG_3379-300x200.jpg 300w, https:\/\/pueblaexpres.com\/portal\/wp-content\/uploads\/2020\/03\/IMG_3379-768x512.jpg 768w, https:\/\/pueblaexpres.com\/portal\/wp-content\/uploads\/2020\/03\/IMG_3379-640x426.jpg 640w\" sizes=\"(max-width: 500px) 100vw, 500px\" \/><\/a><\/p>\n<p><strong>Redacci\u00f3n | Fotograf\u00edas Mara Gonz\u00e1lez @maragonzalez013 \/ Axel Petlacalco \/ Manuel Vela @Mv_ManuelVela #PueblaExpres @PueblaExpres<\/strong><\/p>\n<p>Torneo Primavera 2020 de la Categor\u00eda B 2010-11 de Nova Liga FUT<\/p>\n<p><a title=\"IMG_3305 [Torneo Primavera 2020] Categor\u00eda B 2010-11 | Jornada 01 | ANDES vs CERYAN | Instituto Andes-Bosque Campo Pista de Atletismo | Nova Liga Fut | Fotograf\u00edas Mara Gonz\u00e1lez \/ Axel Petlacalco \/ Manuel Vela \/ www.pueblaexpres.com\" href=\"https:\/\/www.flickr.com\/photos\/manitas\/49640754336\/in\/album-72157713424740091\/\" data-flickr-embed=\"true\"><img loading=\"lazy\" decoding=\"async\" class=\"aligncenter\" src=\"https:\/\/live.staticflickr.com\/65535\/49640754336_bedb7db25b.jpg\" alt=\"IMG_3305 [Torneo Primavera 2020] Categor\u00eda B 2010-11 | Jornada 01 | ANDES vs CERYAN | Instituto Andes-Bosque Campo Pista de Atletismo | Nova Liga Fut | Fotograf\u00edas Mara Gonz\u00e1lez \/ Axel Petlacalco \/ Manuel Vela \/ www.pueblaexpres.com\" width=\"500\" height=\"333\" \/><\/a><script async src=\"\/\/embedr.flickr.com\/assets\/client-code.js\" charset=\"utf-8\"><\/script><\/p>\n<p>Partido celebrado en la grama del Campo Pista de Atletismo del Instituto Andes-Bosque en la Ciudad de Puebla.<\/p>\n<p>El partido<\/p>\n<p><a title=\"IMG_3549 [Torneo Primavera 2020] Categor\u00eda B 2010-11 | Jornada 01 | ANDES vs CERYAN | Instituto Andes-Bosque Campo Pista de Atletismo | Nova Liga Fut | Fotograf\u00edas Mara Gonz\u00e1lez \/ Axel Petlacalco \/ Manuel Vela \/ www.pueblaexpres.com\" href=\"https:\/\/www.flickr.com\/photos\/manitas\/49640754036\/in\/album-72157713424740091\/\" data-flickr-embed=\"true\"><img loading=\"lazy\" decoding=\"async\" class=\"aligncenter\" src=\"https:\/\/live.staticflickr.com\/65535\/49640754036_1a8edc76a5.jpg\" alt=\"IMG_3549 [Torneo Primavera 2020] Categor\u00eda B 2010-11 | Jornada 01 | ANDES vs CERYAN | Instituto Andes-Bosque Campo Pista de Atletismo | Nova Liga Fut | Fotograf\u00edas Mara Gonz\u00e1lez \/ Axel Petlacalco \/ Manuel Vela \/ www.pueblaexpres.com\" width=\"500\" height=\"334\" \/><\/a><script async src=\"\/\/embedr.flickr.com\/assets\/client-code.js\" charset=\"utf-8\"><\/script><\/p>\n<p>ANDES se enfrent\u00f3 a su similar de CERYAN dentro de la Jornada 01 de Nova Liga FUT<!--more--><\/p>\n<p><strong>LA OPINI\u00d3N EXPRESADA EN ESTA COLUMNA ES RESPONSABILIDAD DE QUIEN LA ESCRIBE Y NO BUSCA GENERAR CONFLICTOS ENTRE LOS INVOLUCRADOS, SINO GENERAR CONCIENCIA EN CADA LECTOR.<\/strong><\/p>\n<p>[miniflickr photoset_id=72157713424740091&amp;sortby=date-posted-asc&amp;per_page=18]<\/p>\n","protected":false},"excerpt":{"rendered":"<p>Redacci\u00f3n | Fotograf\u00edas Mara Gonz\u00e1lez @maragonzalez013 \/ Axel Petlacalco \/ Manuel Vela @Mv_ManuelVela #PueblaExpres @PueblaExpres Torneo Primavera 2020 de la Categor\u00eda B 2010-11 de Nova Liga FUT Partido celebrado en la grama del Campo Pista de Atletismo del Instituto Andes-Bosque en la Ciudad de Puebla. El partido ANDES se enfrent\u00f3 a su similar de CERYAN [&hellip;]<\/p>\n","protected":false},"author":2,"featured_media":11375,"comment_status":"open","ping_status":"open","sticky":false,"template":"","format":"standard","meta":{"footnotes":""},"categories":[8,42,166,79,13,171,1,7],"tags":[],"_links":{"self":[{"href":"https:\/\/pueblaexpres.com\/portal\/index.php?rest_route=\/wp\/v2\/posts\/11374"}],"collection":[{"href":"https:\/\/pueblaexpres.com\/portal\/index.php?rest_route=\/wp\/v2\/posts"}],"about":[{"href":"https:\/\/pueblaexpres.com\/portal\/index.php?rest_route=\/wp\/v2\/types\/post"}],"author":[{"embeddable":true,"href":"https:\/\/pueblaexpres.com\/portal\/index.php?rest_route=\/wp\/v2\/users\/2"}],"replies":[{"embeddable":true,"href":"https:\/\/pueblaexpres.com\/portal\/index.php?rest_route=%2Fwp%2Fv2%2Fcomments&post=11374"}],"version-history":[{"count":1,"href":"https:\/\/pueblaexpres.com\/portal\/index.php?rest_route=\/wp\/v2\/posts\/11374\/revisions"}],"predecessor-version":[{"id":11376,"href":"https:\/\/pueblaexpres.com\/portal\/index.php?rest_route=\/wp\/v2\/posts\/11374\/revisions\/11376"}],"wp:featuredmedia":[{"embeddable":true,"href":"https:\/\/pueblaexpres.com\/portal\/index.php?rest_route=\/wp\/v2\/media\/11375"}],"wp:attachment":[{"href":"https:\/\/pueblaexpres.com\/portal\/index.php?rest_route=%2Fwp%2Fv2%2Fmedia&parent=11374"}],"wp:term":[{"taxonomy":"category","embeddable":true,"href":"https:\/\/pueblaexpres.com\/portal\/index.php?rest_route=%2Fwp%2Fv2%2Fcategories&post=11374"},{"taxonomy":"post_tag","embeddable":true,"href":"https:\/\/pueblaexpres.com\/portal\/index.php?rest_route=%2Fwp%2Fv2%2Ftags&post=11374"}],"curies":[{"name":"wp","href":"https:\/\/api.w.org\/{rel}","templated":true}]}}