{"id":11359,"date":"2020-03-09T08:58:48","date_gmt":"2020-03-09T14:58:48","guid":{"rendered":"https:\/\/pueblaexpres.com\/portal\/?p=11359"},"modified":"2020-03-09T08:58:48","modified_gmt":"2020-03-09T14:58:48","slug":"torneo-primavera-2020-categoria-c-2008-09-jornada-02-espana-vs-barca-academy-campo-1-barca-academy-haras-nova-liga-fut","status":"publish","type":"post","link":"https:\/\/pueblaexpres.com\/portal\/?p=11359","title":{"rendered":"[Torneo Primavera 2020] Categor\u00eda C 2008-09 | Jornada 02 | ESPA\u00d1A VS BAR\u00c7A ACADEMY | Campo 1 Bar\u00e7a Academy (Har\u00e1s) | Nova Liga Fut"},"content":{"rendered":"<div name=\"googleone_share_1\" style=\"position:relative;z-index:5;float: right; margin-left: 10px;\"><g:plusone size=\"tall\" count=\"1\" href=\"https:\/\/pueblaexpres.com\/portal\/?p=11359\"><\/g:plusone><\/div><p><a href=\"https:\/\/pueblaexpres.com\/portal\/wp-content\/uploads\/2020\/03\/IMGL0269.jpg\"><img loading=\"lazy\" decoding=\"async\" class=\"wp-image-11360 aligncenter\" src=\"https:\/\/pueblaexpres.com\/portal\/wp-content\/uploads\/2020\/03\/IMGL0269.jpg\" alt=\"\" width=\"500\" height=\"333\" srcset=\"https:\/\/pueblaexpres.com\/portal\/wp-content\/uploads\/2020\/03\/IMGL0269.jpg 800w, https:\/\/pueblaexpres.com\/portal\/wp-content\/uploads\/2020\/03\/IMGL0269-300x200.jpg 300w, https:\/\/pueblaexpres.com\/portal\/wp-content\/uploads\/2020\/03\/IMGL0269-768x512.jpg 768w, https:\/\/pueblaexpres.com\/portal\/wp-content\/uploads\/2020\/03\/IMGL0269-640x426.jpg 640w\" sizes=\"(max-width: 500px) 100vw, 500px\" \/><\/a><\/p>\n<p><strong>Redacci\u00f3n | Fotograf\u00edas Mara Gonz\u00e1lez @maragonzalez013 \/ Axel Petlacalco \/ Manuel Vela @Mv_ManuelVela #PueblaExpres @PueblaExpres<\/strong><\/p>\n<p>Torneo Primavera 2020 de la Categor\u00eda C 2008-09 de Nova Liga FUT<\/p>\n<p><a title=\"IMGL0144 [Torneo Primavera 2020] Categor\u00eda C 2008-09 | Jornada 02 | ESPA\u00d1A VS BAR\u00c7A ACADEMY | Campo 1 Bar\u00e7a Academy (Har\u00e1s) | Nova Liga Fut | Fotograf\u00edas Mara Gonz\u00e1lez \/ Axel Petlacalco \/ Manuel Vela \/ www.pueblaexpres.com\" href=\"https:\/\/www.flickr.com\/photos\/manitas\/49639953172\/in\/album-72157713421650591\/\" data-flickr-embed=\"true\"><img loading=\"lazy\" decoding=\"async\" class=\"aligncenter\" src=\"https:\/\/live.staticflickr.com\/65535\/49639953172_00dce88005.jpg\" alt=\"IMGL0144 [Torneo Primavera 2020] Categor\u00eda C 2008-09 | Jornada 02 | ESPA\u00d1A VS BAR\u00c7A ACADEMY | Campo 1 Bar\u00e7a Academy (Har\u00e1s) | Nova Liga Fut | Fotograf\u00edas Mara Gonz\u00e1lez \/ Axel Petlacalco \/ Manuel Vela \/ www.pueblaexpres.com\" width=\"500\" height=\"334\" \/><\/a><script async src=\"\/\/embedr.flickr.com\/assets\/client-code.js\" charset=\"utf-8\"><\/script><\/p>\n<p>Partido celebrado en la grama del Campo 1 Bar\u00e7a Academy (Haras) en la Ciudad de Puebla.<\/p>\n<p>El partido<\/p>\n<p><a title=\"IMGL0403 [Torneo Primavera 2020] Categor\u00eda C 2008-09 | Jornada 02 | ESPA\u00d1A VS BAR\u00c7A ACADEMY | Campo 1 Bar\u00e7a Academy (Har\u00e1s) | Nova Liga Fut | Fotograf\u00edas Mara Gonz\u00e1lez \/ Axel Petlacalco \/ Manuel Vela \/ www.pueblaexpres.com\" href=\"https:\/\/www.flickr.com\/photos\/manitas\/49639681551\/in\/album-72157713421650591\/\" data-flickr-embed=\"true\"><img loading=\"lazy\" decoding=\"async\" class=\"aligncenter\" src=\"https:\/\/live.staticflickr.com\/65535\/49639681551_16b9130601.jpg\" alt=\"IMGL0403 [Torneo Primavera 2020] Categor\u00eda C 2008-09 | Jornada 02 | ESPA\u00d1A VS BAR\u00c7A ACADEMY | Campo 1 Bar\u00e7a Academy (Har\u00e1s) | Nova Liga Fut | Fotograf\u00edas Mara Gonz\u00e1lez \/ Axel Petlacalco \/ Manuel Vela \/ www.pueblaexpres.com\" width=\"500\" height=\"334\" \/><\/a><script async src=\"\/\/embedr.flickr.com\/assets\/client-code.js\" charset=\"utf-8\"><\/script><\/p>\n<p>ESPA\u00d1A se enfrent\u00f3 a su similar de BAR\u00c7A ACADEMY dentro de la Jornada 03 de Nova Liga FUT<!--more--><\/p>\n<p><strong>LA OPINI\u00d3N EXPRESADA EN ESTA COLUMNA ES RESPONSABILIDAD DE QUIEN LA ESCRIBE Y NO BUSCA GENERAR CONFLICTOS ENTRE LOS INVOLUCRADOS, SINO GENERAR CONCIENCIA EN CADA LECTOR.<\/strong><\/p>\n<p>[miniflickr photoset_id=72157713421650591&amp;sortby=date-posted-asc&amp;per_page=22]<\/p>\n","protected":false},"excerpt":{"rendered":"<p>Redacci\u00f3n | Fotograf\u00edas Mara Gonz\u00e1lez @maragonzalez013 \/ Axel Petlacalco \/ Manuel Vela @Mv_ManuelVela #PueblaExpres @PueblaExpres Torneo Primavera 2020 de la Categor\u00eda C 2008-09 de Nova Liga FUT Partido celebrado en la grama del Campo 1 Bar\u00e7a Academy (Haras) en la Ciudad de Puebla. El partido ESPA\u00d1A se enfrent\u00f3 a su similar de BAR\u00c7A ACADEMY dentro [&hellip;]<\/p>\n","protected":false},"author":2,"featured_media":11360,"comment_status":"open","ping_status":"open","sticky":false,"template":"","format":"standard","meta":{"footnotes":""},"categories":[8,42,166,79,13,171,1,7],"tags":[],"_links":{"self":[{"href":"https:\/\/pueblaexpres.com\/portal\/index.php?rest_route=\/wp\/v2\/posts\/11359"}],"collection":[{"href":"https:\/\/pueblaexpres.com\/portal\/index.php?rest_route=\/wp\/v2\/posts"}],"about":[{"href":"https:\/\/pueblaexpres.com\/portal\/index.php?rest_route=\/wp\/v2\/types\/post"}],"author":[{"embeddable":true,"href":"https:\/\/pueblaexpres.com\/portal\/index.php?rest_route=\/wp\/v2\/users\/2"}],"replies":[{"embeddable":true,"href":"https:\/\/pueblaexpres.com\/portal\/index.php?rest_route=%2Fwp%2Fv2%2Fcomments&post=11359"}],"version-history":[{"count":1,"href":"https:\/\/pueblaexpres.com\/portal\/index.php?rest_route=\/wp\/v2\/posts\/11359\/revisions"}],"predecessor-version":[{"id":11361,"href":"https:\/\/pueblaexpres.com\/portal\/index.php?rest_route=\/wp\/v2\/posts\/11359\/revisions\/11361"}],"wp:featuredmedia":[{"embeddable":true,"href":"https:\/\/pueblaexpres.com\/portal\/index.php?rest_route=\/wp\/v2\/media\/11360"}],"wp:attachment":[{"href":"https:\/\/pueblaexpres.com\/portal\/index.php?rest_route=%2Fwp%2Fv2%2Fmedia&parent=11359"}],"wp:term":[{"taxonomy":"category","embeddable":true,"href":"https:\/\/pueblaexpres.com\/portal\/index.php?rest_route=%2Fwp%2Fv2%2Fcategories&post=11359"},{"taxonomy":"post_tag","embeddable":true,"href":"https:\/\/pueblaexpres.com\/portal\/index.php?rest_route=%2Fwp%2Fv2%2Ftags&post=11359"}],"curies":[{"name":"wp","href":"https:\/\/api.w.org\/{rel}","templated":true}]}}