{"id":11288,"date":"2020-02-17T18:03:41","date_gmt":"2020-02-18T00:03:41","guid":{"rendered":"https:\/\/pueblaexpres.com\/portal\/?p=11288"},"modified":"2020-02-17T18:03:41","modified_gmt":"2020-02-18T00:03:41","slug":"torneo-primavera-2020-categoria-veteranos-35-jornada-03-sao-paulo-vs-alemania-cefor-buap-campo-6-nova-liga-fut","status":"publish","type":"post","link":"https:\/\/pueblaexpres.com\/portal\/?p=11288","title":{"rendered":"[Torneo Primavera 2020] Categor\u00eda Veteranos +35 | Jornada 03 | SAO PAULO VS ALEMANIA | CEFOR BUAP Campo 6 | Nova Liga Fut"},"content":{"rendered":"<div name=\"googleone_share_1\" style=\"position:relative;z-index:5;float: right; margin-left: 10px;\"><g:plusone size=\"tall\" count=\"1\" href=\"https:\/\/pueblaexpres.com\/portal\/?p=11288\"><\/g:plusone><\/div><p><a href=\"https:\/\/pueblaexpres.com\/portal\/wp-content\/uploads\/2020\/02\/IMG_0133.jpg\"><img loading=\"lazy\" decoding=\"async\" class=\"wp-image-11289 aligncenter\" src=\"https:\/\/pueblaexpres.com\/portal\/wp-content\/uploads\/2020\/02\/IMG_0133.jpg\" alt=\"\" width=\"502\" height=\"334\" srcset=\"https:\/\/pueblaexpres.com\/portal\/wp-content\/uploads\/2020\/02\/IMG_0133.jpg 800w, https:\/\/pueblaexpres.com\/portal\/wp-content\/uploads\/2020\/02\/IMG_0133-300x200.jpg 300w, https:\/\/pueblaexpres.com\/portal\/wp-content\/uploads\/2020\/02\/IMG_0133-768x512.jpg 768w, https:\/\/pueblaexpres.com\/portal\/wp-content\/uploads\/2020\/02\/IMG_0133-640x426.jpg 640w\" sizes=\"(max-width: 502px) 100vw, 502px\" \/><\/a><\/p>\n<p><strong>Redacci\u00f3n | Fotograf\u00edas Mara Gonz\u00e1lez @maragonzalez013 \/ Axel Petlacalco \/ Manuel Vela @Mv_ManuelVela #PueblaExpres @PueblaExpres<\/strong><\/p>\n<p>Torneo Primavera 2020 de la Categor\u00eda Veteranos +35 de Nova Liga FUT<\/p>\n<p><a title=\"IMG_0003 [Torneo Primavera 2020] Categor\u00eda Veteranos +35 | Jornada 03 | SAO PAULO VS ALEMANIA | CEFOR BUAP Campo 6 | Nova Liga Fut | Fotograf\u00edas Mara Gonz\u00e1lez \/ Axel Petlacalco \/ Manuel Vela \/ www.pueblaexpres.com\" href=\"https:\/\/www.flickr.com\/photos\/manitas\/49549737013\/in\/album-72157713153916963\/\" data-flickr-embed=\"true\"><img loading=\"lazy\" decoding=\"async\" class=\"aligncenter\" src=\"https:\/\/live.staticflickr.com\/65535\/49549737013_917e98079c.jpg\" alt=\"IMG_0003 [Torneo Primavera 2020] Categor\u00eda Veteranos +35 | Jornada 03 | SAO PAULO VS ALEMANIA | CEFOR BUAP Campo 6 | Nova Liga Fut | Fotograf\u00edas Mara Gonz\u00e1lez \/ Axel Petlacalco \/ Manuel Vela \/ www.pueblaexpres.com\" width=\"500\" height=\"333\" \/><\/a><script async src=\"\/\/embedr.flickr.com\/assets\/client-code.js\" charset=\"utf-8\"><\/script><\/p>\n<p>Partido celebrado en la grama del Campo 6 CEFOR BUAP en la Ciudad de Puebla.<\/p>\n<p>El partido<\/p>\n<p><a title=\"IMG_9987 [Torneo Primavera 2020] Categor\u00eda Veteranos +35 | Jornada 03 | SAO PAULO VS ALEMANIA | CEFOR BUAP Campo 6 | Nova Liga Fut | Fotograf\u00edas Mara Gonz\u00e1lez \/ Axel Petlacalco \/ Manuel Vela \/ www.pueblaexpres.com\" href=\"https:\/\/www.flickr.com\/photos\/manitas\/49550239041\/in\/album-72157713153916963\/\" data-flickr-embed=\"true\"><img loading=\"lazy\" decoding=\"async\" class=\"aligncenter\" src=\"https:\/\/live.staticflickr.com\/65535\/49550239041_c5b757620e.jpg\" alt=\"IMG_9987 [Torneo Primavera 2020] Categor\u00eda Veteranos +35 | Jornada 03 | SAO PAULO VS ALEMANIA | CEFOR BUAP Campo 6 | Nova Liga Fut | Fotograf\u00edas Mara Gonz\u00e1lez \/ Axel Petlacalco \/ Manuel Vela \/ www.pueblaexpres.com\" width=\"500\" height=\"334\" \/><\/a><script async src=\"\/\/embedr.flickr.com\/assets\/client-code.js\" charset=\"utf-8\"><\/script><\/p>\n<p>SAO PAULO se enfrent\u00f3 a su similar de ALEMANIA dentro de la Jornada 03 de Nova Liga FUT<!--more--><\/p>\n<p><strong>LA OPINI\u00d3N EXPRESADA EN ESTA COLUMNA ES RESPONSABILIDAD DE QUIEN LA ESCRIBE Y NO BUSCA GENERAR CONFLICTOS ENTRE LOS INVOLUCRADOS, SINO GENERAR CONCIENCIA EN CADA LECTOR.<\/strong><\/p>\n<p>[miniflickr photoset_id=72157713153916963&amp;sortby=date-posted-asc&amp;per_page=12]<\/p>\n","protected":false},"excerpt":{"rendered":"<p>Redacci\u00f3n | Fotograf\u00edas Mara Gonz\u00e1lez @maragonzalez013 \/ Axel Petlacalco \/ Manuel Vela @Mv_ManuelVela #PueblaExpres @PueblaExpres Torneo Primavera 2020 de la Categor\u00eda Veteranos +35 de Nova Liga FUT Partido celebrado en la grama del Campo 6 CEFOR BUAP en la Ciudad de Puebla. El partido SAO PAULO se enfrent\u00f3 a su similar de ALEMANIA dentro de [&hellip;]<\/p>\n","protected":false},"author":2,"featured_media":11289,"comment_status":"open","ping_status":"open","sticky":false,"template":"","format":"standard","meta":{"footnotes":""},"categories":[8,42,166,79,13,171,1,7],"tags":[],"_links":{"self":[{"href":"https:\/\/pueblaexpres.com\/portal\/index.php?rest_route=\/wp\/v2\/posts\/11288"}],"collection":[{"href":"https:\/\/pueblaexpres.com\/portal\/index.php?rest_route=\/wp\/v2\/posts"}],"about":[{"href":"https:\/\/pueblaexpres.com\/portal\/index.php?rest_route=\/wp\/v2\/types\/post"}],"author":[{"embeddable":true,"href":"https:\/\/pueblaexpres.com\/portal\/index.php?rest_route=\/wp\/v2\/users\/2"}],"replies":[{"embeddable":true,"href":"https:\/\/pueblaexpres.com\/portal\/index.php?rest_route=%2Fwp%2Fv2%2Fcomments&post=11288"}],"version-history":[{"count":1,"href":"https:\/\/pueblaexpres.com\/portal\/index.php?rest_route=\/wp\/v2\/posts\/11288\/revisions"}],"predecessor-version":[{"id":11290,"href":"https:\/\/pueblaexpres.com\/portal\/index.php?rest_route=\/wp\/v2\/posts\/11288\/revisions\/11290"}],"wp:featuredmedia":[{"embeddable":true,"href":"https:\/\/pueblaexpres.com\/portal\/index.php?rest_route=\/wp\/v2\/media\/11289"}],"wp:attachment":[{"href":"https:\/\/pueblaexpres.com\/portal\/index.php?rest_route=%2Fwp%2Fv2%2Fmedia&parent=11288"}],"wp:term":[{"taxonomy":"category","embeddable":true,"href":"https:\/\/pueblaexpres.com\/portal\/index.php?rest_route=%2Fwp%2Fv2%2Fcategories&post=11288"},{"taxonomy":"post_tag","embeddable":true,"href":"https:\/\/pueblaexpres.com\/portal\/index.php?rest_route=%2Fwp%2Fv2%2Ftags&post=11288"}],"curies":[{"name":"wp","href":"https:\/\/api.w.org\/{rel}","templated":true}]}}