{"id":11254,"date":"2020-02-10T08:54:13","date_gmt":"2020-02-10T14:54:13","guid":{"rendered":"https:\/\/pueblaexpres.com\/portal\/?p=11254"},"modified":"2020-02-10T08:54:13","modified_gmt":"2020-02-10T14:54:13","slug":"torneo-primavera-2020-categoria-veteranos-35-jornada-02-bayern-munich-vs-athletic-deportivo-la-noria-fc-nova-liga-fut","status":"publish","type":"post","link":"https:\/\/pueblaexpres.com\/portal\/?p=11254","title":{"rendered":"[Torneo Primavera 2020] Categor\u00eda Veteranos +35 | Jornada 02 | BAYERN MUNICH vs ATHLETIC | Deportivo La Noria FC | Nova Liga Fut"},"content":{"rendered":"<div name=\"googleone_share_1\" style=\"position:relative;z-index:5;float: right; margin-left: 10px;\"><g:plusone size=\"tall\" count=\"1\" href=\"https:\/\/pueblaexpres.com\/portal\/?p=11254\"><\/g:plusone><\/div><p><a href=\"https:\/\/pueblaexpres.com\/portal\/wp-content\/uploads\/2020\/02\/IMGL0522.jpg\"><img loading=\"lazy\" decoding=\"async\" class=\"wp-image-11255 aligncenter\" src=\"https:\/\/pueblaexpres.com\/portal\/wp-content\/uploads\/2020\/02\/IMGL0522.jpg\" alt=\"\" width=\"500\" height=\"333\" srcset=\"https:\/\/pueblaexpres.com\/portal\/wp-content\/uploads\/2020\/02\/IMGL0522.jpg 800w, https:\/\/pueblaexpres.com\/portal\/wp-content\/uploads\/2020\/02\/IMGL0522-300x200.jpg 300w, https:\/\/pueblaexpres.com\/portal\/wp-content\/uploads\/2020\/02\/IMGL0522-768x512.jpg 768w, https:\/\/pueblaexpres.com\/portal\/wp-content\/uploads\/2020\/02\/IMGL0522-640x426.jpg 640w\" sizes=\"(max-width: 500px) 100vw, 500px\" \/><\/a><\/p>\n<p><strong>Redacci\u00f3n | Fotograf\u00edas Mara Gonz\u00e1lez @maragonzalez013 \/ Axel Petlacalco \/ Manuel Vela @Mv_ManuelVela #PueblaExpres @PueblaExpres<\/strong><\/p>\n<p>Torneo Primavera 2020 de la Categor\u00eda Veteranos +35 de Nova Liga FUT<\/p>\n<p><a title=\"IMGL0291 [Torneo Primavera 2020] Categor\u00eda Veteranos +35 | Jornada 02 | BAYERN MUNICH vs ATHLETIC | Deportivo La Noria FC | Nova Liga Fut | Fotograf\u00edas Mara Gonz\u00e1lez \/ Axel Petlacalco \/ Manuel Vela \/ www.pueblaexpres.com\" href=\"https:\/\/www.flickr.com\/photos\/manitas\/49516216736\/in\/album-72157713052300662\/\" data-flickr-embed=\"true\"><img loading=\"lazy\" decoding=\"async\" class=\"aligncenter\" src=\"https:\/\/live.staticflickr.com\/65535\/49516216736_b213b101e5.jpg\" alt=\"IMGL0291 [Torneo Primavera 2020] Categor\u00eda Veteranos +35 | Jornada 02 | BAYERN MUNICH vs ATHLETIC | Deportivo La Noria FC | Nova Liga Fut | Fotograf\u00edas Mara Gonz\u00e1lez \/ Axel Petlacalco \/ Manuel Vela \/ www.pueblaexpres.com\" width=\"500\" height=\"333\" \/><\/a><script async src=\"\/\/embedr.flickr.com\/assets\/client-code.js\" charset=\"utf-8\"><\/script><\/p>\n<p>Partido celebrado en la grama del Campo 1 Deportivo La Noria FC en la Ciudad de Puebla.<\/p>\n<p>El partido<\/p>\n<p><a title=\"IMGL0553 [Torneo Primavera 2020] Categor\u00eda Veteranos +35 | Jornada 02 | BAYERN MUNICH vs ATHLETIC | Deportivo La Noria FC | Nova Liga Fut | Fotograf\u00edas Mara Gonz\u00e1lez \/ Axel Petlacalco \/ Manuel Vela \/ www.pueblaexpres.com\" href=\"https:\/\/www.flickr.com\/photos\/manitas\/49515699138\/in\/album-72157713052300662\/\" data-flickr-embed=\"true\"><img loading=\"lazy\" decoding=\"async\" class=\"aligncenter\" src=\"https:\/\/live.staticflickr.com\/65535\/49515699138_74f8f1c8a8.jpg\" alt=\"IMGL0553 [Torneo Primavera 2020] Categor\u00eda Veteranos +35 | Jornada 02 | BAYERN MUNICH vs ATHLETIC | Deportivo La Noria FC | Nova Liga Fut | Fotograf\u00edas Mara Gonz\u00e1lez \/ Axel Petlacalco \/ Manuel Vela \/ www.pueblaexpres.com\" width=\"500\" height=\"334\" \/><\/a><script async src=\"\/\/embedr.flickr.com\/assets\/client-code.js\" charset=\"utf-8\"><\/script><\/p>\n<p>BAYERN MUNICH se enfrent\u00f3 a su similar de ATHLETIC dentro de la Jornada 02 de Nova Liga FUT<!--more--><\/p>\n<p><strong>LA OPINI\u00d3N EXPRESADA EN ESTA COLUMNA ES RESPONSABILIDAD DE QUIEN LA ESCRIBE Y NO BUSCA GENERAR CONFLICTOS ENTRE LOS INVOLUCRADOS, SINO GENERAR CONCIENCIA EN CADA LECTOR.<\/strong><\/p>\n<p>[miniflickr photoset_id=72157713052300662&amp;sortby=date-posted-asc&amp;per_page=29]<\/p>\n","protected":false},"excerpt":{"rendered":"<p>Redacci\u00f3n | Fotograf\u00edas Mara Gonz\u00e1lez @maragonzalez013 \/ Axel Petlacalco \/ Manuel Vela @Mv_ManuelVela #PueblaExpres @PueblaExpres Torneo Primavera 2020 de la Categor\u00eda Veteranos +35 de Nova Liga FUT Partido celebrado en la grama del Campo 1 Deportivo La Noria FC en la Ciudad de Puebla. El partido BAYERN MUNICH se enfrent\u00f3 a su similar de ATHLETIC [&hellip;]<\/p>\n","protected":false},"author":2,"featured_media":11255,"comment_status":"open","ping_status":"open","sticky":false,"template":"","format":"standard","meta":{"footnotes":""},"categories":[8,42,166,79,13,171,1,7],"tags":[],"_links":{"self":[{"href":"https:\/\/pueblaexpres.com\/portal\/index.php?rest_route=\/wp\/v2\/posts\/11254"}],"collection":[{"href":"https:\/\/pueblaexpres.com\/portal\/index.php?rest_route=\/wp\/v2\/posts"}],"about":[{"href":"https:\/\/pueblaexpres.com\/portal\/index.php?rest_route=\/wp\/v2\/types\/post"}],"author":[{"embeddable":true,"href":"https:\/\/pueblaexpres.com\/portal\/index.php?rest_route=\/wp\/v2\/users\/2"}],"replies":[{"embeddable":true,"href":"https:\/\/pueblaexpres.com\/portal\/index.php?rest_route=%2Fwp%2Fv2%2Fcomments&post=11254"}],"version-history":[{"count":1,"href":"https:\/\/pueblaexpres.com\/portal\/index.php?rest_route=\/wp\/v2\/posts\/11254\/revisions"}],"predecessor-version":[{"id":11256,"href":"https:\/\/pueblaexpres.com\/portal\/index.php?rest_route=\/wp\/v2\/posts\/11254\/revisions\/11256"}],"wp:featuredmedia":[{"embeddable":true,"href":"https:\/\/pueblaexpres.com\/portal\/index.php?rest_route=\/wp\/v2\/media\/11255"}],"wp:attachment":[{"href":"https:\/\/pueblaexpres.com\/portal\/index.php?rest_route=%2Fwp%2Fv2%2Fmedia&parent=11254"}],"wp:term":[{"taxonomy":"category","embeddable":true,"href":"https:\/\/pueblaexpres.com\/portal\/index.php?rest_route=%2Fwp%2Fv2%2Fcategories&post=11254"},{"taxonomy":"post_tag","embeddable":true,"href":"https:\/\/pueblaexpres.com\/portal\/index.php?rest_route=%2Fwp%2Fv2%2Ftags&post=11254"}],"curies":[{"name":"wp","href":"https:\/\/api.w.org\/{rel}","templated":true}]}}