{"id":11250,"date":"2020-02-10T08:28:41","date_gmt":"2020-02-10T14:28:41","guid":{"rendered":"https:\/\/pueblaexpres.com\/portal\/?p=11250"},"modified":"2020-02-10T08:32:39","modified_gmt":"2020-02-10T14:32:39","slug":"torneo-primavera-2020-categoria-veteranos-35-jornada-02-dofer-vs-fiorentina-balneario-tonantzintla-campo-1-nova-liga-fut","status":"publish","type":"post","link":"https:\/\/pueblaexpres.com\/portal\/?p=11250","title":{"rendered":"[Torneo Primavera 2020] Categor\u00eda Veteranos +35 | Jornada 02 | DOFER vs FIORENTINA | Balneario Tonantzintla Campo 1 | Nova Liga Fut"},"content":{"rendered":"<div name=\"googleone_share_1\" style=\"position:relative;z-index:5;float: right; margin-left: 10px;\"><g:plusone size=\"tall\" count=\"1\" href=\"https:\/\/pueblaexpres.com\/portal\/?p=11250\"><\/g:plusone><\/div><p><a href=\"https:\/\/pueblaexpres.com\/portal\/wp-content\/uploads\/2020\/02\/IMG_7161.jpg\"><img loading=\"lazy\" decoding=\"async\" class=\"wp-image-11251 aligncenter\" src=\"https:\/\/pueblaexpres.com\/portal\/wp-content\/uploads\/2020\/02\/IMG_7161.jpg\" alt=\"\" width=\"499\" height=\"332\" srcset=\"https:\/\/pueblaexpres.com\/portal\/wp-content\/uploads\/2020\/02\/IMG_7161.jpg 800w, https:\/\/pueblaexpres.com\/portal\/wp-content\/uploads\/2020\/02\/IMG_7161-300x200.jpg 300w, https:\/\/pueblaexpres.com\/portal\/wp-content\/uploads\/2020\/02\/IMG_7161-768x512.jpg 768w, https:\/\/pueblaexpres.com\/portal\/wp-content\/uploads\/2020\/02\/IMG_7161-640x426.jpg 640w\" sizes=\"(max-width: 499px) 100vw, 499px\" \/><\/a><\/p>\n<p><strong>Redacci\u00f3n | Fotograf\u00edas Mara Gonz\u00e1lez @maragonzalez013 \/ Axel Petlacalco \/ Manuel Vela @Mv_ManuelVela #PueblaExpres @PueblaExpres<\/strong><\/p>\n<p>Torneo Primavera 2020 de la Categor\u00eda Veteranos +35 de Nova Liga FUT<\/p>\n<p><a title=\"IMG_7156 [Torneo Primavera 2020] Categor\u00eda Veteranos +35 | Jornada 02 | DOFER vs FIORENTINA | Balneario Tonantzintla Campo 1 | Nova Liga Fut | Fotograf\u00edas Mara Gonz\u00e1lez \/ Axel Petlacalco \/ Manuel Vela \/ www.pueblaexpres.com\" href=\"https:\/\/www.flickr.com\/photos\/manitas\/49516325192\/in\/album-72157713051978416\/\" data-flickr-embed=\"true\"><img loading=\"lazy\" decoding=\"async\" class=\"aligncenter\" src=\"https:\/\/live.staticflickr.com\/65535\/49516325192_2818e63a86.jpg\" alt=\"IMG_7156 [Torneo Primavera 2020] Categor\u00eda Veteranos +35 | Jornada 02 | DOFER vs FIORENTINA | Balneario Tonantzintla Campo 1 | Nova Liga Fut | Fotograf\u00edas Mara Gonz\u00e1lez \/ Axel Petlacalco \/ Manuel Vela \/ www.pueblaexpres.com\" width=\"500\" height=\"333\" \/><\/a><script async src=\"\/\/embedr.flickr.com\/assets\/client-code.js\" charset=\"utf-8\"><\/script><\/p>\n<p>Partido celebrado en la grama del Campo 1 Balneario Tonantzintla en la Ciudad de Puebla.<\/p>\n<p>El partido<\/p>\n<p><a title=\"IMG_7127 [Torneo Primavera 2020] Categor\u00eda Veteranos +35 | Jornada 02 | DOFER vs FIORENTINA | Balneario Tonantzintla Campo 1 | Nova Liga Fut | Fotograf\u00edas Mara Gonz\u00e1lez \/ Axel Petlacalco \/ Manuel Vela \/ www.pueblaexpres.com\" href=\"https:\/\/www.flickr.com\/photos\/manitas\/49515584958\/in\/album-72157713051978416\/\" data-flickr-embed=\"true\"><img loading=\"lazy\" decoding=\"async\" class=\"aligncenter\" src=\"https:\/\/live.staticflickr.com\/65535\/49515584958_365d9184b0.jpg\" alt=\"IMG_7127 [Torneo Primavera 2020] Categor\u00eda Veteranos +35 | Jornada 02 | DOFER vs FIORENTINA | Balneario Tonantzintla Campo 1 | Nova Liga Fut | Fotograf\u00edas Mara Gonz\u00e1lez \/ Axel Petlacalco \/ Manuel Vela \/ www.pueblaexpres.com\" width=\"500\" height=\"333\" \/><\/a><script async src=\"\/\/embedr.flickr.com\/assets\/client-code.js\" charset=\"utf-8\"><\/script><\/p>\n<p>DOFER se enfrent\u00f3 a su similar de FIORENTINA dentro de la Jornada 02 de Nova Liga FUT<!--more--><\/p>\n<p><strong>LA OPINI\u00d3N EXPRESADA EN ESTA COLUMNA ES RESPONSABILIDAD DE QUIEN LA ESCRIBE Y NO BUSCA GENERAR CONFLICTOS ENTRE LOS INVOLUCRADOS, SINO GENERAR CONCIENCIA EN CADA LECTOR.<\/strong><\/p>\n<p>[miniflickr photoset_id=72157713051978416&amp;sortby=date-posted-asc&amp;per_page=23]<\/p>\n","protected":false},"excerpt":{"rendered":"<p>Redacci\u00f3n | Fotograf\u00edas Mara Gonz\u00e1lez @maragonzalez013 \/ Axel Petlacalco \/ Manuel Vela @Mv_ManuelVela #PueblaExpres @PueblaExpres Torneo Primavera 2020 de la Categor\u00eda Veteranos +35 de Nova Liga FUT Partido celebrado en la grama del Campo 1 Balneario Tonantzintla en la Ciudad de Puebla. El partido DOFER se enfrent\u00f3 a su similar de FIORENTINA dentro de la [&hellip;]<\/p>\n","protected":false},"author":2,"featured_media":11251,"comment_status":"open","ping_status":"open","sticky":false,"template":"","format":"standard","meta":{"footnotes":""},"categories":[8,42,166,79,13,171,1,7],"tags":[],"_links":{"self":[{"href":"https:\/\/pueblaexpres.com\/portal\/index.php?rest_route=\/wp\/v2\/posts\/11250"}],"collection":[{"href":"https:\/\/pueblaexpres.com\/portal\/index.php?rest_route=\/wp\/v2\/posts"}],"about":[{"href":"https:\/\/pueblaexpres.com\/portal\/index.php?rest_route=\/wp\/v2\/types\/post"}],"author":[{"embeddable":true,"href":"https:\/\/pueblaexpres.com\/portal\/index.php?rest_route=\/wp\/v2\/users\/2"}],"replies":[{"embeddable":true,"href":"https:\/\/pueblaexpres.com\/portal\/index.php?rest_route=%2Fwp%2Fv2%2Fcomments&post=11250"}],"version-history":[{"count":2,"href":"https:\/\/pueblaexpres.com\/portal\/index.php?rest_route=\/wp\/v2\/posts\/11250\/revisions"}],"predecessor-version":[{"id":11253,"href":"https:\/\/pueblaexpres.com\/portal\/index.php?rest_route=\/wp\/v2\/posts\/11250\/revisions\/11253"}],"wp:featuredmedia":[{"embeddable":true,"href":"https:\/\/pueblaexpres.com\/portal\/index.php?rest_route=\/wp\/v2\/media\/11251"}],"wp:attachment":[{"href":"https:\/\/pueblaexpres.com\/portal\/index.php?rest_route=%2Fwp%2Fv2%2Fmedia&parent=11250"}],"wp:term":[{"taxonomy":"category","embeddable":true,"href":"https:\/\/pueblaexpres.com\/portal\/index.php?rest_route=%2Fwp%2Fv2%2Fcategories&post=11250"},{"taxonomy":"post_tag","embeddable":true,"href":"https:\/\/pueblaexpres.com\/portal\/index.php?rest_route=%2Fwp%2Fv2%2Ftags&post=11250"}],"curies":[{"name":"wp","href":"https:\/\/api.w.org\/{rel}","templated":true}]}}