{"id":11197,"date":"2020-01-25T07:15:23","date_gmt":"2020-01-25T13:15:23","guid":{"rendered":"https:\/\/pueblaexpres.com\/portal\/?p=11197"},"modified":"2020-01-27T07:15:41","modified_gmt":"2020-01-27T13:15:41","slug":"tc-2020-j03-liga-categoria-sub-17-club-puebla-vs-gallos-blancos-de-queretaro-complejo-deportivo-los-olivos-liga-bbva-mx","status":"publish","type":"post","link":"https:\/\/pueblaexpres.com\/portal\/?p=11197","title":{"rendered":"[TC 2020 \/ J03 LIGA] Categor\u00eda SUB 17 | Club Puebla vs Gallos Blancos de Quer\u00e9taro | Complejo Deportivo Los Olivos | Liga BBVA MX"},"content":{"rendered":"<div name=\"googleone_share_1\" style=\"position:relative;z-index:5;float: right; margin-left: 10px;\"><g:plusone size=\"tall\" count=\"1\" href=\"https:\/\/pueblaexpres.com\/portal\/?p=11197\"><\/g:plusone><\/div><p><a href=\"https:\/\/pueblaexpres.com\/portal\/wp-content\/uploads\/2020\/01\/DSC_0422.jpg\"><img loading=\"lazy\" decoding=\"async\" class=\"wp-image-11198 aligncenter\" src=\"https:\/\/pueblaexpres.com\/portal\/wp-content\/uploads\/2020\/01\/DSC_0422.jpg\" alt=\"\" width=\"500\" height=\"333\" srcset=\"https:\/\/pueblaexpres.com\/portal\/wp-content\/uploads\/2020\/01\/DSC_0422.jpg 800w, https:\/\/pueblaexpres.com\/portal\/wp-content\/uploads\/2020\/01\/DSC_0422-300x200.jpg 300w, https:\/\/pueblaexpres.com\/portal\/wp-content\/uploads\/2020\/01\/DSC_0422-768x512.jpg 768w, https:\/\/pueblaexpres.com\/portal\/wp-content\/uploads\/2020\/01\/DSC_0422-640x426.jpg 640w\" sizes=\"(max-width: 500px) 100vw, 500px\" \/><\/a><\/p>\n<p><strong>Redacci\u00f3n | Fotograf\u00edas Mara Gonz\u00e1lez @maragonzalez013 \/ Lyz Vega @lyz_vega \/ Sa\u00fal S\u00e1nchez \/ Axel Petlacalco \/ Manuel Vela @Mv_ManuelVela #PueblaExpres @PueblaExpres<\/strong><\/p>\n<p>En el marco de la jornada 03 del Clausura 2020 del Torneo de Fuerzas B\u00e1sicas Sub 17 de la LIGA BBVA MX<\/p>\n<p><a title=\"IMG_2442 [TC 2020 \/ J03 LIGA] Categor\u00eda SUB 17 | Club Puebla vs Gallos Blancos de Quer\u00e9taro | Complejo Deportivo Los Olivos | Liga BBVA MX | Fotograf\u00edas Mara Gonz\u00e1lez \/ Axel Petlacalco \/ Manuel Vela \/ www.pueblaexpres.com\" href=\"https:\/\/www.flickr.com\/photos\/manitas\/49449146108\/in\/album-72157712857473192\/\" data-flickr-embed=\"true\"><img loading=\"lazy\" decoding=\"async\" class=\"aligncenter\" src=\"https:\/\/live.staticflickr.com\/65535\/49449146108_8aafca18c3.jpg\" alt=\"IMG_2442 [TC 2020 \/ J03 LIGA] Categor\u00eda SUB 17 | Club Puebla vs Gallos Blancos de Quer\u00e9taro | Complejo Deportivo Los Olivos | Liga BBVA MX | Fotograf\u00edas Mara Gonz\u00e1lez \/ Axel Petlacalco \/ Manuel Vela \/ www.pueblaexpres.com\" width=\"500\" height=\"333\" \/><\/a><script async src=\"\/\/embedr.flickr.com\/assets\/client-code.js\" charset=\"utf-8\"><\/script><\/p>\n<p>Partido celebrado en la grama del Complejo Deportivo Los Olivos en la Ciudad de Puebla.<\/p>\n<p>El partido<\/p>\n<p><a title=\"IMG_0591 [TC 2020 \/ J03 LIGA] Categor\u00eda SUB 17 | Club Puebla vs Gallos Blancos de Quer\u00e9taro | Complejo Deportivo Los Olivos | Liga BBVA MX | Fotograf\u00edas Mara Gonz\u00e1lez \/ Axel Petlacalco \/ Manuel Vela \/ www.pueblaexpres.com\" href=\"https:\/\/www.flickr.com\/photos\/manitas\/49449623601\/in\/album-72157712857473192\/\" data-flickr-embed=\"true\"><img loading=\"lazy\" decoding=\"async\" class=\"aligncenter\" src=\"https:\/\/live.staticflickr.com\/65535\/49449623601_ef070582ca.jpg\" alt=\"IMG_0591 [TC 2020 \/ J03 LIGA] Categor\u00eda SUB 17 | Club Puebla vs Gallos Blancos de Quer\u00e9taro | Complejo Deportivo Los Olivos | Liga BBVA MX | Fotograf\u00edas Mara Gonz\u00e1lez \/ Axel Petlacalco \/ Manuel Vela \/ www.pueblaexpres.com\" width=\"500\" height=\"333\" \/><\/a><script async src=\"\/\/embedr.flickr.com\/assets\/client-code.js\" charset=\"utf-8\"><\/script><\/p>\n<p>En el primer tiempo el club queretano se llev\u00f3 la ventaja, al minuto 36, Joel G\u00f3mez marc\u00f3 el primer gol del encuentro, y los Gallos ten\u00edan la ventaja al finalizar la primera parte.<\/p>\n<p>La parte complementaria comenz\u00f3 con el club local se volc\u00f3 al ataque en busca del empate.<\/p>\n<p><a title=\"IMG_2474 [TC 2020 \/ J03 LIGA] Categor\u00eda SUB 17 | Club Puebla vs Gallos Blancos de Quer\u00e9taro | Complejo Deportivo Los Olivos | Liga BBVA MX | Fotograf\u00edas Mara Gonz\u00e1lez \/ Axel Petlacalco \/ Manuel Vela \/ www.pueblaexpres.com\" href=\"https:\/\/www.flickr.com\/photos\/manitas\/49449146073\/in\/album-72157712857473192\/\" data-flickr-embed=\"true\"><img loading=\"lazy\" decoding=\"async\" class=\"aligncenter\" src=\"https:\/\/live.staticflickr.com\/65535\/49449146073_fe0fc4e145.jpg\" alt=\"IMG_2474 [TC 2020 \/ J03 LIGA] Categor\u00eda SUB 17 | Club Puebla vs Gallos Blancos de Quer\u00e9taro | Complejo Deportivo Los Olivos | Liga BBVA MX | Fotograf\u00edas Mara Gonz\u00e1lez \/ Axel Petlacalco \/ Manuel Vela \/ www.pueblaexpres.com\" width=\"500\" height=\"333\" \/><\/a><script async src=\"\/\/embedr.flickr.com\/assets\/client-code.js\" charset=\"utf-8\"><\/script><\/p>\n<p>Emiliano Garc\u00eda, delantero poblano, empat\u00f3 el encuentro al minuto 47. Los embates de \u2018la Franja\u2019 no cesaron y al 72\u2019 Fabrizzio Orozco marc\u00f3 el segundo para el Club Puebla y le dieron la vuelta al marcador.<!--more--><\/p>\n<p>La ventaja poblana no dur\u00f3 mucho, tres minutos despu\u00e9s, Jos\u00e9 Ortiz de los Gallos Blancos empat\u00f3 el partido.<\/p>\n<p><a title=\"DSC_0576 [TC 2020 \/ J03 LIGA] Categor\u00eda SUB 17 | Club Puebla vs Gallos Blancos de Quer\u00e9taro | Complejo Deportivo Los Olivos | Liga BBVA MX | Fotograf\u00edas Mara Gonz\u00e1lez \/ Axel Petlacalco \/ Manuel Vela \/ www.pueblaexpres.com\" href=\"https:\/\/www.flickr.com\/photos\/manitas\/49449146273\/in\/album-72157712857473192\/\" data-flickr-embed=\"true\"><img loading=\"lazy\" decoding=\"async\" class=\"aligncenter\" src=\"https:\/\/live.staticflickr.com\/65535\/49449146273_dd95946cd4.jpg\" alt=\"DSC_0576 [TC 2020 \/ J03 LIGA] Categor\u00eda SUB 17 | Club Puebla vs Gallos Blancos de Quer\u00e9taro | Complejo Deportivo Los Olivos | Liga BBVA MX | Fotograf\u00edas Mara Gonz\u00e1lez \/ Axel Petlacalco \/ Manuel Vela \/ www.pueblaexpres.com\" width=\"500\" height=\"334\" \/><\/a><script async src=\"\/\/embedr.flickr.com\/assets\/client-code.js\" charset=\"utf-8\"><\/script><\/p>\n<p>Ambos clubes siguieron buscando un gol en los \u00faltimos minutos que les diera la ventaja, pero no pudieron vencer a los arqueros y el encuentro termin\u00f3 empatado a 2 goles.<\/p>\n<p>Tras la paridad, Quer\u00e9taro se pone en segundo lugar de la clasificaci\u00f3n con 8 puntos, al obtener el punto extra en la tanda de penales; el Club Puebla est\u00e1 en la pen\u00faltima posici\u00f3n con una unidad.<\/p>\n<p><a title=\"IMG_2864 [TC 2020 \/ J03 LIGA] Categor\u00eda SUB 17 | Club Puebla vs Gallos Blancos de Quer\u00e9taro | Complejo Deportivo Los Olivos | Liga BBVA MX | Fotograf\u00edas Mara Gonz\u00e1lez \/ Axel Petlacalco \/ Manuel Vela \/ www.pueblaexpres.com\" href=\"https:\/\/www.flickr.com\/photos\/manitas\/49449623366\/in\/album-72157712857473192\/\" data-flickr-embed=\"true\"><img loading=\"lazy\" decoding=\"async\" class=\"aligncenter\" src=\"https:\/\/live.staticflickr.com\/65535\/49449623366_2427a4c69b.jpg\" alt=\"IMG_2864 [TC 2020 \/ J03 LIGA] Categor\u00eda SUB 17 | Club Puebla vs Gallos Blancos de Quer\u00e9taro | Complejo Deportivo Los Olivos | Liga BBVA MX | Fotograf\u00edas Mara Gonz\u00e1lez \/ Axel Petlacalco \/ Manuel Vela \/ www.pueblaexpres.com\" width=\"500\" height=\"333\" \/><\/a><script async src=\"\/\/embedr.flickr.com\/assets\/client-code.js\" charset=\"utf-8\"><\/script><\/p>\n<p>Ambos clubes ser\u00e1n visitantes en la Jornada 04 de la Liga BBVA MX Sub-17, Gallos Blancos de Quer\u00e9taro ir\u00e1 a Monterrey a enfrentar a Rayados; El Club Puebla visitar\u00e1 a Club Necaxa.<\/p>\n<p><strong>LA OPINI\u00d3N EXPRESADA EN ESTA COLUMNA ES RESPONSABILIDAD DE QUIEN LA ESCRIBE Y NO BUSCA GENERAR CONFLICTOS ENTRE LOS INVOLUCRADOS, SINO GENERAR CONCIENCIA EN CADA LECTOR.<\/strong><\/p>\n<p>[miniflickr photoset_id=72157712857473192&amp;sortby=date-posted-asc&amp;per_page=23]<\/p>\n","protected":false},"excerpt":{"rendered":"<p>Redacci\u00f3n | Fotograf\u00edas Mara Gonz\u00e1lez @maragonzalez013 \/ Lyz Vega @lyz_vega \/ Sa\u00fal S\u00e1nchez \/ Axel Petlacalco \/ Manuel Vela @Mv_ManuelVela #PueblaExpres @PueblaExpres En el marco de la jornada 03 del Clausura 2020 del Torneo de Fuerzas B\u00e1sicas Sub 17 de la LIGA BBVA MX Partido celebrado en la grama del Complejo Deportivo Los Olivos en [&hellip;]<\/p>\n","protected":false},"author":2,"featured_media":11198,"comment_status":"open","ping_status":"open","sticky":false,"template":"","format":"standard","meta":{"footnotes":""},"categories":[8,42,166,79,13,3,171,1,7],"tags":[],"_links":{"self":[{"href":"https:\/\/pueblaexpres.com\/portal\/index.php?rest_route=\/wp\/v2\/posts\/11197"}],"collection":[{"href":"https:\/\/pueblaexpres.com\/portal\/index.php?rest_route=\/wp\/v2\/posts"}],"about":[{"href":"https:\/\/pueblaexpres.com\/portal\/index.php?rest_route=\/wp\/v2\/types\/post"}],"author":[{"embeddable":true,"href":"https:\/\/pueblaexpres.com\/portal\/index.php?rest_route=\/wp\/v2\/users\/2"}],"replies":[{"embeddable":true,"href":"https:\/\/pueblaexpres.com\/portal\/index.php?rest_route=%2Fwp%2Fv2%2Fcomments&post=11197"}],"version-history":[{"count":1,"href":"https:\/\/pueblaexpres.com\/portal\/index.php?rest_route=\/wp\/v2\/posts\/11197\/revisions"}],"predecessor-version":[{"id":11199,"href":"https:\/\/pueblaexpres.com\/portal\/index.php?rest_route=\/wp\/v2\/posts\/11197\/revisions\/11199"}],"wp:featuredmedia":[{"embeddable":true,"href":"https:\/\/pueblaexpres.com\/portal\/index.php?rest_route=\/wp\/v2\/media\/11198"}],"wp:attachment":[{"href":"https:\/\/pueblaexpres.com\/portal\/index.php?rest_route=%2Fwp%2Fv2%2Fmedia&parent=11197"}],"wp:term":[{"taxonomy":"category","embeddable":true,"href":"https:\/\/pueblaexpres.com\/portal\/index.php?rest_route=%2Fwp%2Fv2%2Fcategories&post=11197"},{"taxonomy":"post_tag","embeddable":true,"href":"https:\/\/pueblaexpres.com\/portal\/index.php?rest_route=%2Fwp%2Fv2%2Ftags&post=11197"}],"curies":[{"name":"wp","href":"https:\/\/api.w.org\/{rel}","templated":true}]}}