{"id":11187,"date":"2020-01-20T20:00:05","date_gmt":"2020-01-21T02:00:05","guid":{"rendered":"https:\/\/pueblaexpres.com\/portal\/?p=11187"},"modified":"2020-01-20T20:00:05","modified_gmt":"2020-01-21T02:00:05","slug":"espectaculos-08-de-febrero-1700-hrs-karol-sevila-soy-luna-regresa-a-puebla-que-se-pare-el-mundo-auditorio-metropolitano-puebla","status":"publish","type":"post","link":"https:\/\/pueblaexpres.com\/portal\/?p=11187","title":{"rendered":"[Espect\u00e1culos] 08 de Febrero 17:00 HRS | Karol Sevila \u201cSoy Luna\u201d regresa a Puebla | QUE SE PARE EL MUNDO | Auditorio Metropolitano Puebla"},"content":{"rendered":"<div name=\"googleone_share_1\" style=\"position:relative;z-index:5;float: right; margin-left: 10px;\"><g:plusone size=\"tall\" count=\"1\" href=\"https:\/\/pueblaexpres.com\/portal\/?p=11187\"><\/g:plusone><\/div><p><a href=\"https:\/\/pueblaexpres.com\/portal\/wp-content\/uploads\/2020\/01\/EOMdeOyWsAARxyO.jpg\"><img loading=\"lazy\" decoding=\"async\" class=\"wp-image-11188 aligncenter\" src=\"https:\/\/pueblaexpres.com\/portal\/wp-content\/uploads\/2020\/01\/EOMdeOyWsAARxyO-1024x1024.jpg\" alt=\"\" width=\"483\" height=\"483\" srcset=\"https:\/\/pueblaexpres.com\/portal\/wp-content\/uploads\/2020\/01\/EOMdeOyWsAARxyO-1024x1024.jpg 1024w, https:\/\/pueblaexpres.com\/portal\/wp-content\/uploads\/2020\/01\/EOMdeOyWsAARxyO-150x150.jpg 150w, https:\/\/pueblaexpres.com\/portal\/wp-content\/uploads\/2020\/01\/EOMdeOyWsAARxyO-300x300.jpg 300w, https:\/\/pueblaexpres.com\/portal\/wp-content\/uploads\/2020\/01\/EOMdeOyWsAARxyO-768x768.jpg 768w, https:\/\/pueblaexpres.com\/portal\/wp-content\/uploads\/2020\/01\/EOMdeOyWsAARxyO-640x640.jpg 640w, https:\/\/pueblaexpres.com\/portal\/wp-content\/uploads\/2020\/01\/EOMdeOyWsAARxyO.jpg 1200w\" sizes=\"(max-width: 483px) 100vw, 483px\" \/><\/a><\/p>\n<p><strong>Redacci\u00f3n | Fotograf\u00edas Cortes\u00eda #PueblaExpres @PueblaExpres<\/strong><\/p>\n<p>Ekoos Entretenimiento traen para ti a una de las artistas juveniles m\u00e1s importantes del momento. Karol Sevila llega este pr\u00f3ximo 8 de Febrero en punto de las 17:00 horas teniendo como recinto el Auditorio Metropolitano.<\/p>\n<p><a title=\"IMG_0001 [Espect\u00e1culos] 08 de Febrero 17:00 HRS | Karol Sevila \u201cSoy Luna\u201d regresa a Puebla | QUE SE PARE EL MUNDO | Auditorio Metropolitano Puebla | Fotograf\u00edas Cortes\u00eda #PueblaExpres para Mv Fotograf\u00eda Profesional \/ Edici\u00f3n y retoque www.pueblaexpres.com\" href=\"https:\/\/www.flickr.com\/photos\/manitas\/49417264646\/in\/album-72157712761621913\/\" data-flickr-embed=\"true\"><img loading=\"lazy\" decoding=\"async\" class=\"aligncenter\" src=\"https:\/\/live.staticflickr.com\/65535\/49417264646_6f64e66f19.jpg\" alt=\"IMG_0001 [Espect\u00e1culos] 08 de Febrero 17:00 HRS | Karol Sevila \u201cSoy Luna\u201d regresa a Puebla | QUE SE PARE EL MUNDO | Auditorio Metropolitano Puebla | Fotograf\u00edas Cortes\u00eda #PueblaExpres para Mv Fotograf\u00eda Profesional \/ Edici\u00f3n y retoque www.pueblaexpres.com\" width=\"500\" height=\"101\" \/><\/a><script async src=\"\/\/embedr.flickr.com\/assets\/client-code.js\" charset=\"utf-8\"><\/script><\/p>\n<p>La cantante y actriz mexicana que salt\u00f3 a la fama por su papel protag\u00f3nico en la serie de Disney Chanel \u201cSoy Luna\u201d regresa a Puebla con un show renovado para consentir a todos sus fans.<\/p>\n<p>Ahora con una nueva faceta, dejando un poco de lado su faceta infantil, Karol Sevilla apuesta ahora por un espect\u00e1culo m\u00e1s juvenil con melod\u00edas de amor y aceptaci\u00f3n as\u00ed misma.<\/p>\n<p>No te puedes perder a Karol Sevilla con su nuevo tour titulado \u201cQue se pare el mundo\u201d, los boletos los puedes conseguir en el sistema S\u00faper Boletos o en taquillas del recinto.<!--more--><\/p>\n<p><a title=\"IMG_0001 [Espect\u00e1culos] 08 de Febrero 17:00 HRS | Karol Sevila \u201cSoy Luna\u201d regresa a Puebla | QUE SE PARE EL MUNDO | Auditorio Metropolitano Puebla | Fotograf\u00edas Cortes\u00eda #PueblaExpres para Mv Fotograf\u00eda Profesional \/ Edici\u00f3n y retoque www.pueblaexpres.com\" href=\"https:\/\/www.flickr.com\/photos\/manitas\/49417478682\/in\/album-72157712761621913\/\" data-flickr-embed=\"true\"><img loading=\"lazy\" decoding=\"async\" class=\"aligncenter\" src=\"https:\/\/live.staticflickr.com\/65535\/49417478682_7500896b74.jpg\" alt=\"IMG_0001 [Espect\u00e1culos] 08 de Febrero 17:00 HRS | Karol Sevila \u201cSoy Luna\u201d regresa a Puebla | QUE SE PARE EL MUNDO | Auditorio Metropolitano Puebla | Fotograf\u00edas Cortes\u00eda #PueblaExpres para Mv Fotograf\u00eda Profesional \/ Edici\u00f3n y retoque www.pueblaexpres.com\" width=\"500\" height=\"500\" \/><\/a><script async src=\"\/\/embedr.flickr.com\/assets\/client-code.js\" charset=\"utf-8\"><\/script><\/p>\n<p style=\"text-align: center;\"><strong>La cita ser\u00e1 el 8 de Febrero, Auditorio Metropolitano, Puebla.<\/strong><\/p>\n<p style=\"text-align: center;\"><strong>PRECIOS<\/strong><\/p>\n<p style=\"text-align: center;\"><strong>GRAN VIP ADULTO $2,145 MX<\/strong><br \/>\n<strong>VIP ADULTO $1,925 MX<\/strong><br \/>\n<strong>PREFERENTE IZQ. ADULTO $1,771 MX<\/strong><br \/>\n<strong>PREFERENTE DER. ADULTO $1,771 MX<\/strong><br \/>\n<strong>LUNETA CENTRAL ADULTO $1,430 MX<\/strong><br \/>\n<strong>LUNETA IZQ. ADULTO $1,210 MX<\/strong><br \/>\n<strong>LUNETA DER. ADULTO $1,210 MX<\/strong><br \/>\n<strong>BALCON INFERIOR ADULTO $1,078 MX<\/strong><br \/>\n<strong>BALCON SUPERIOR ADULTO $633 MX<\/strong><br \/>\n<strong>DISCAPACIDAD ADULTO $550 MX<\/strong><\/p>\n<p><a title=\"IMG_0001 [Espect\u00e1culos] 08 de Febrero 17:00 HRS | Karol Sevila \u201cSoy Luna\u201d regresa a Puebla | QUE SE PARE EL MUNDO | Auditorio Metropolitano Puebla | Fotograf\u00edas Cortes\u00eda #PueblaExpres para Mv Fotograf\u00eda Profesional \/ Edici\u00f3n y retoque www.pueblaexpres.com\" href=\"https:\/\/www.flickr.com\/photos\/manitas\/49417478642\/in\/album-72157712761621913\/\" data-flickr-embed=\"true\"><img loading=\"lazy\" decoding=\"async\" class=\"aligncenter\" src=\"https:\/\/live.staticflickr.com\/65535\/49417478642_87b98992cd.jpg\" alt=\"IMG_0001 [Espect\u00e1culos] 08 de Febrero 17:00 HRS | Karol Sevila \u201cSoy Luna\u201d regresa a Puebla | QUE SE PARE EL MUNDO | Auditorio Metropolitano Puebla | Fotograf\u00edas Cortes\u00eda #PueblaExpres para Mv Fotograf\u00eda Profesional \/ Edici\u00f3n y retoque www.pueblaexpres.com\" width=\"500\" height=\"500\" \/><\/a><script async src=\"\/\/embedr.flickr.com\/assets\/client-code.js\" charset=\"utf-8\"><\/script><\/p>\n<p><strong>https:\/\/web.superboletos.com\/SuperBoletos\/PUEBLA\/CONCIERTO\/KAROL-SEVILLA\/a6XgXSBDEVWnpHddRwe5VErLug<\/strong><\/p>\n<p>Amigo lector le pedimos contin\u00fae al pendiente de nuestras redes sociales y nuestro portal en la secci\u00f3n ESPECT\u00c1CULOS, ya que en el encontrar\u00e1 los mejores eventos\u2026<\/p>\n<p><a title=\"IMG_0001 [Espect\u00e1culos] 08 de Febrero 17:00 HRS | Karol Sevila \u201cSoy Luna\u201d regresa a Puebla | QUE SE PARE EL MUNDO | Auditorio Metropolitano Puebla | Fotograf\u00edas Cortes\u00eda #PueblaExpres para Mv Fotograf\u00eda Profesional \/ Edici\u00f3n y retoque www.pueblaexpres.com\" href=\"https:\/\/www.flickr.com\/photos\/manitas\/49417264646\/in\/album-72157712761621913\/\" data-flickr-embed=\"true\"><img loading=\"lazy\" decoding=\"async\" class=\"aligncenter\" src=\"https:\/\/live.staticflickr.com\/65535\/49417264646_6f64e66f19.jpg\" alt=\"IMG_0001 [Espect\u00e1culos] 08 de Febrero 17:00 HRS | Karol Sevila \u201cSoy Luna\u201d regresa a Puebla | QUE SE PARE EL MUNDO | Auditorio Metropolitano Puebla | Fotograf\u00edas Cortes\u00eda #PueblaExpres para Mv Fotograf\u00eda Profesional \/ Edici\u00f3n y retoque www.pueblaexpres.com\" width=\"500\" height=\"101\" \/><\/a><script async src=\"\/\/embedr.flickr.com\/assets\/client-code.js\" charset=\"utf-8\"><\/script><\/p>\n<p><strong>LA OPINI\u00d3N EXPRESADA EN ESTA COLUMNA ES RESPONSABILIDAD DE QUIEN LA ESCRIBE Y NO BUSCA GENERAR CONFLICTOS ENTRE LOS INVOLUCRADOS, SINO GENERAR CONCIENCIA EN CADA LECTOR.<\/strong><\/p>\n<p>[miniflickr photoset_id=72157712761621913&amp;sortby=date-posted-asc&amp;per_page=3]<\/p>\n","protected":false},"excerpt":{"rendered":"<p>Redacci\u00f3n | Fotograf\u00edas Cortes\u00eda #PueblaExpres @PueblaExpres Ekoos Entretenimiento traen para ti a una de las artistas juveniles m\u00e1s importantes del momento. Karol Sevila llega este pr\u00f3ximo 8 de Febrero en punto de las 17:00 horas teniendo como recinto el Auditorio Metropolitano. La cantante y actriz mexicana que salt\u00f3 a la fama por su papel protag\u00f3nico [&hellip;]<\/p>\n","protected":false},"author":2,"featured_media":11188,"comment_status":"open","ping_status":"open","sticky":false,"template":"","format":"standard","meta":{"footnotes":""},"categories":[8,42,166,170,36,171,1,7],"tags":[],"_links":{"self":[{"href":"https:\/\/pueblaexpres.com\/portal\/index.php?rest_route=\/wp\/v2\/posts\/11187"}],"collection":[{"href":"https:\/\/pueblaexpres.com\/portal\/index.php?rest_route=\/wp\/v2\/posts"}],"about":[{"href":"https:\/\/pueblaexpres.com\/portal\/index.php?rest_route=\/wp\/v2\/types\/post"}],"author":[{"embeddable":true,"href":"https:\/\/pueblaexpres.com\/portal\/index.php?rest_route=\/wp\/v2\/users\/2"}],"replies":[{"embeddable":true,"href":"https:\/\/pueblaexpres.com\/portal\/index.php?rest_route=%2Fwp%2Fv2%2Fcomments&post=11187"}],"version-history":[{"count":1,"href":"https:\/\/pueblaexpres.com\/portal\/index.php?rest_route=\/wp\/v2\/posts\/11187\/revisions"}],"predecessor-version":[{"id":11189,"href":"https:\/\/pueblaexpres.com\/portal\/index.php?rest_route=\/wp\/v2\/posts\/11187\/revisions\/11189"}],"wp:featuredmedia":[{"embeddable":true,"href":"https:\/\/pueblaexpres.com\/portal\/index.php?rest_route=\/wp\/v2\/media\/11188"}],"wp:attachment":[{"href":"https:\/\/pueblaexpres.com\/portal\/index.php?rest_route=%2Fwp%2Fv2%2Fmedia&parent=11187"}],"wp:term":[{"taxonomy":"category","embeddable":true,"href":"https:\/\/pueblaexpres.com\/portal\/index.php?rest_route=%2Fwp%2Fv2%2Fcategories&post=11187"},{"taxonomy":"post_tag","embeddable":true,"href":"https:\/\/pueblaexpres.com\/portal\/index.php?rest_route=%2Fwp%2Fv2%2Ftags&post=11187"}],"curies":[{"name":"wp","href":"https:\/\/api.w.org\/{rel}","templated":true}]}}