{"id":1097,"date":"2011-12-30T19:19:27","date_gmt":"2011-12-31T01:19:27","guid":{"rendered":"https:\/\/pueblaexpres.com\/portal\/?p=1097"},"modified":"2011-12-30T19:19:27","modified_gmt":"2011-12-31T01:19:27","slug":"edward-eddie-johnson-entreno-con-el-puebla-fc","status":"publish","type":"post","link":"https:\/\/pueblaexpres.com\/portal\/?p=1097","title":{"rendered":"Edward \u201cEddie \u201cJohnson entreno con el Puebla FC"},"content":{"rendered":"<div name=\"googleone_share_1\" style=\"position:relative;z-index:5;float: right; margin-left: 10px;\"><g:plusone size=\"tall\" count=\"1\" href=\"https:\/\/pueblaexpres.com\/portal\/?p=1097\"><\/g:plusone><\/div><p><a title=\"DSC_0854 El norteamericano Edward \u201cEddie \u201cJohnson entreno con el Puebla FC (entrenamiento en el Deportivo La Noria) por Mv Fotograf\u00eda Profesional \/ www.pueblaexpres.com  by Manuel Vela - MV Fotograf\u00eda Profesional, on Flickr\" href=\"http:\/\/www.flickr.com\/photos\/manitas\/6602807901\/\"><img loading=\"lazy\" decoding=\"async\" class=\"alignleft\" style=\"margin-left: 5px; margin-right: 5px;\" src=\"http:\/\/farm8.staticflickr.com\/7153\/6602807901_c53a9f6f77_m.jpg\" alt=\"DSC_0854 El norteamericano Edward \u201cEddie \u201cJohnson entreno con el Puebla FC (entrenamiento en el Deportivo La Noria) por Mv Fotograf\u00eda Profesional \/ www.pueblaexpres.com \" width=\"240\" height=\"160\" \/><\/a> Puebla., Puebla 30 de Diciembre 2011<\/p>\n<p>A pesar de haber reportado hoy con el equipo; el norteamericano Edward \u201cEddie \u201cJohnson a\u00fan no es jugador del Puebla, as\u00ed lo dejo ver, Hugo Fern\u00e1ndez; vocero oficial del club.<br \/>\n\u201cPrimero tiene que pasar revisi\u00f3n m\u00e9dica, haber como llega f\u00edsicamente, no es hecho a las corridas esto, sino que es que hacerlo como se tiene que hacer, lo que hay que hacer es no equivocarse. Hoy lo vi m\u00e1s o menos, esta tarde ya va a jugar en el estadio, lo vamos a ver ah\u00ed y no es que este a prueba sino que en todas las partes del mundo existe esto\u2026\u201d comento.<br \/>\nPor la tarde el equipo tendr\u00e1 su segunda pr\u00e1ctica del d\u00eda y esta ser\u00e1 la prueba de fuego para que el norteamericano se quede en el equipo camotero.<br \/>\n\u201cPara que un extranjero tenga que venir a M\u00e9xico tiene que ser mejor que el nacional, sino para que viene lo que queremos es no equivocarnos, si el anda bien se queda. Lo ofrecieron, es un buen jugador, hoy no lo vi con mucha movilidad, no es justo hacer un an\u00e1lisis solo de verlo un ratito, vamos a tratar de verlo hoy para ver c\u00f3mo anda y despu\u00e9s veremos\u2026\u201d platico Fern\u00e1ndez Vallejos.<br \/>\nAunque sin dar a conocer nombres, el uruguayo menciono que hay m\u00e1s opciones para ocupar esa quinta plaza de extranjero.<br \/>\n\u201cSi por supuesto que hay plan B y C porque sinceramente esto es hecho con toda seriedad. Depender\u00e1 de que su rendimiento, de que este f\u00edsicamente, si esta para empezar el torneo. Un jugador extranjero es muy importante porque ocupa el lugar de un mexicano\u2026\u201d sentencio Hugo Fern\u00e1ndez.<br \/>\nAdem\u00e1s Fern\u00e1ndez dejo en claro que la decisi\u00f3n la tomar\u00e1 Juan Carlos Osorio, qui\u00e9n al t\u00e9rmino del entrenamiento dijo \u201c (Eddie) Tiene una muy buena presencia ofensiva, muy buena t\u00e9cnica, r\u00e1pido, fuerte de concretarse ser\u00eda bueno para el equipo.\u201d<br \/>\n\u201cF\u00edsicamente al igual que Jonathan (Lacerda) sintiendo el rigor de la altura pero se nota que est\u00e1 siendo trabajos f\u00edsicos individualizados y que ahora le falta es tomar el ritmo futbol\u00edstico de lo cual nos encargar\u00edamos nosotros pero un jugador con esas caracter\u00edsticas l\u00f3gicamente que nos ilusiona porque pensamos que con un buen servicio de costado puede ser un buen finalizador, tambi\u00e9n participa en la elaboraci\u00f3n de juego porque es capaz de jugar entre l\u00edneas, me parece que puede ser una gran posibilidad\u2026\u201d finalizo el t\u00e9cnico colombiano.<br \/>\n[miniflickr photoset_id=72157628641086241&amp;sortby=date-posted-asc&amp;per_page=20]<\/p>\n<p><a href=\"http:\/\/www.flickr.com\/photos\/manitas\/sets\/72157628641086241\/\" target=\"_blank\"><strong>Edward \u201cEddie \u201cJohnson entreno con el Puebla FC<\/strong><\/a><\/p>\n<p>&#8211;<\/p>\n","protected":false},"excerpt":{"rendered":"<p>Puebla., Puebla 30 de Diciembre 2011 A pesar de haber reportado hoy con el equipo; el norteamericano Edward \u201cEddie \u201cJohnson a\u00fan no es jugador del Puebla, as\u00ed lo dejo ver, Hugo Fern\u00e1ndez; vocero oficial del club. \u201cPrimero tiene que pasar revisi\u00f3n m\u00e9dica, haber como llega f\u00edsicamente, no es hecho a las corridas esto, sino que [&hellip;]<\/p>\n","protected":false},"author":1,"featured_media":0,"comment_status":"open","ping_status":"open","sticky":false,"template":"","format":"standard","meta":{"footnotes":""},"categories":[79],"tags":[],"_links":{"self":[{"href":"https:\/\/pueblaexpres.com\/portal\/index.php?rest_route=\/wp\/v2\/posts\/1097"}],"collection":[{"href":"https:\/\/pueblaexpres.com\/portal\/index.php?rest_route=\/wp\/v2\/posts"}],"about":[{"href":"https:\/\/pueblaexpres.com\/portal\/index.php?rest_route=\/wp\/v2\/types\/post"}],"author":[{"embeddable":true,"href":"https:\/\/pueblaexpres.com\/portal\/index.php?rest_route=\/wp\/v2\/users\/1"}],"replies":[{"embeddable":true,"href":"https:\/\/pueblaexpres.com\/portal\/index.php?rest_route=%2Fwp%2Fv2%2Fcomments&post=1097"}],"version-history":[{"count":1,"href":"https:\/\/pueblaexpres.com\/portal\/index.php?rest_route=\/wp\/v2\/posts\/1097\/revisions"}],"predecessor-version":[{"id":1098,"href":"https:\/\/pueblaexpres.com\/portal\/index.php?rest_route=\/wp\/v2\/posts\/1097\/revisions\/1098"}],"wp:attachment":[{"href":"https:\/\/pueblaexpres.com\/portal\/index.php?rest_route=%2Fwp%2Fv2%2Fmedia&parent=1097"}],"wp:term":[{"taxonomy":"category","embeddable":true,"href":"https:\/\/pueblaexpres.com\/portal\/index.php?rest_route=%2Fwp%2Fv2%2Fcategories&post=1097"},{"taxonomy":"post_tag","embeddable":true,"href":"https:\/\/pueblaexpres.com\/portal\/index.php?rest_route=%2Fwp%2Fv2%2Ftags&post=1097"}],"curies":[{"name":"wp","href":"https:\/\/api.w.org\/{rel}","templated":true}]}}