{"id":1095,"date":"2011-12-29T22:17:56","date_gmt":"2011-12-30T04:17:56","guid":{"rendered":"https:\/\/pueblaexpres.com\/portal\/?p=1095"},"modified":"2011-12-29T22:17:56","modified_gmt":"2011-12-30T04:17:56","slug":"el-puebla-fc-entreno-en-la-unidad-deportiva-vw","status":"publish","type":"post","link":"https:\/\/pueblaexpres.com\/portal\/?p=1095","title":{"rendered":"El Puebla FC entreno en la unidad Deportiva VW"},"content":{"rendered":"<div name=\"googleone_share_1\" style=\"position:relative;z-index:5;float: right; margin-left: 10px;\"><g:plusone size=\"tall\" count=\"1\" href=\"https:\/\/pueblaexpres.com\/portal\/?p=1095\"><\/g:plusone><\/div><p><a title=\"DSC_0674 El Puebla FC entreno en la unidad Deportiva VW previo al TC2012 por Mv Fotograf\u00eda Profesional \/ www.pueblaexpres.com  by Manuel Vela - MV Fotograf\u00eda Profesional, on Flickr\" href=\"http:\/\/www.flickr.com\/photos\/manitas\/6597160575\/\"><img loading=\"lazy\" decoding=\"async\" class=\"alignleft\" style=\"margin-left: 5px; margin-right: 5px;\" src=\"http:\/\/farm8.staticflickr.com\/7011\/6597160575_562562c650_m.jpg\" alt=\"DSC_0674 El Puebla FC entreno en la unidad Deportiva VW previo al TC2012 por Mv Fotograf\u00eda Profesional \/ www.pueblaexpres.com \" width=\"240\" height=\"160\" \/><\/a> Puebla., Puebla 29 de Diciembre 2011<\/p>\n<p>El ariete espa\u00f1ol fue el m\u00e1ximo anotador de la franja en el Apertura 2011 con 7 tantos, situaci\u00f3n que compromete a trabajar m\u00e1s y buscando ser de los protagonistas en el Puebla durante el siguiente torneo.<br \/>\n\u201cSeguir mejorando, seguir aportando cosas, seguir siendo importante en el equipo y que todos juntos lleguemos a ese objetivo grande\u2026\u201d sentencio Garc\u00eda Sanz.<br \/>\nAunque Juan Carlos Osorio manifest\u00f3 la falta de gol durante los partidos de preparaci\u00f3n de cara al arranque del Clausura 2012 para Luis Garc\u00eda esto no es una preocupaci\u00f3n, ya que anotar es la culminaci\u00f3n de todo un trabajo y el equipo se encuentra trabajando para que esto se d\u00e9.<br \/>\n\u201cEl equipo cada vez est\u00e1 mejor preparado, nos quedan 10 d\u00edas de seguir trabajando con bastantes sesiones, yo creo que el equipo va iniciar al 100 x 100 el campeonato\u2026\u201d<br \/>\n\u201cNo, el torneo pasado empezamos ganando, se hizo un buen inicio y al final no fue suficiente, yo creo que es un torneo largo, hay que estar preparado y empezar muy bien. Vamos a tener un primer partido complicado pero vamos a jugar en casa, con la ilusi\u00f3n de haber incorporado gente que nos va aportar cosas y con las nuevas sensaciones que tenemos ahora de cumplir el objetivo\u2026\u201d dialogo al final de la primera pr\u00e1ctica del jueves.<br \/>\nEl delantero poblano tambi\u00e9n platico de las nuevas incorporaciones al conjunto, las cuales son de su agrado y son las adecuadas debido a que fue donde se sufri\u00f3 el campeonato pasado.<br \/>\n\u201cLuis \u00c1ngel (Land\u00edn) es un goleador que tiene mucho trabajo arriba por su corpulencia y movimientos, Jonathan (Lacerda) es un jugador experimentado en la parte de atr\u00e1s y fue lo que se est\u00e1 pidiendo porque el a\u00f1o pasado fuimos un poco d\u00e9biles en defensa y nosotros lo sabemos, estamos trabajando mucho en ello sabiendo que es un torneo largo en el cual si no est\u00e1s preparado, centrado y juntito te pueden hacer mucho da\u00f1o\u2026\u201d finalizo Luis Garc\u00eda.<br \/>\n[miniflickr photoset_id=72157628627622953&amp;sortby=date-posted-asc&amp;per_page=20]<\/p>\n<p><a href=\"http:\/\/http:\/\/www.flickr.com\/photos\/manitas\/sets\/72157628627622953\/\" target=\"_blank\"><strong>El Puebla FC entreno en la unidad Deportiva VW<\/strong><\/a><\/p>\n<p>&#8211;<\/p>\n","protected":false},"excerpt":{"rendered":"<p>Puebla., Puebla 29 de Diciembre 2011 El ariete espa\u00f1ol fue el m\u00e1ximo anotador de la franja en el Apertura 2011 con 7 tantos, situaci\u00f3n que compromete a trabajar m\u00e1s y buscando ser de los protagonistas en el Puebla durante el siguiente torneo. \u201cSeguir mejorando, seguir aportando cosas, seguir siendo importante en el equipo y que [&hellip;]<\/p>\n","protected":false},"author":1,"featured_media":0,"comment_status":"open","ping_status":"open","sticky":false,"template":"","format":"standard","meta":{"footnotes":""},"categories":[79],"tags":[],"_links":{"self":[{"href":"https:\/\/pueblaexpres.com\/portal\/index.php?rest_route=\/wp\/v2\/posts\/1095"}],"collection":[{"href":"https:\/\/pueblaexpres.com\/portal\/index.php?rest_route=\/wp\/v2\/posts"}],"about":[{"href":"https:\/\/pueblaexpres.com\/portal\/index.php?rest_route=\/wp\/v2\/types\/post"}],"author":[{"embeddable":true,"href":"https:\/\/pueblaexpres.com\/portal\/index.php?rest_route=\/wp\/v2\/users\/1"}],"replies":[{"embeddable":true,"href":"https:\/\/pueblaexpres.com\/portal\/index.php?rest_route=%2Fwp%2Fv2%2Fcomments&post=1095"}],"version-history":[{"count":1,"href":"https:\/\/pueblaexpres.com\/portal\/index.php?rest_route=\/wp\/v2\/posts\/1095\/revisions"}],"predecessor-version":[{"id":1096,"href":"https:\/\/pueblaexpres.com\/portal\/index.php?rest_route=\/wp\/v2\/posts\/1095\/revisions\/1096"}],"wp:attachment":[{"href":"https:\/\/pueblaexpres.com\/portal\/index.php?rest_route=%2Fwp%2Fv2%2Fmedia&parent=1095"}],"wp:term":[{"taxonomy":"category","embeddable":true,"href":"https:\/\/pueblaexpres.com\/portal\/index.php?rest_route=%2Fwp%2Fv2%2Fcategories&post=1095"},{"taxonomy":"post_tag","embeddable":true,"href":"https:\/\/pueblaexpres.com\/portal\/index.php?rest_route=%2Fwp%2Fv2%2Ftags&post=1095"}],"curies":[{"name":"wp","href":"https:\/\/api.w.org\/{rel}","templated":true}]}}