{"id":10910,"date":"2019-10-13T15:45:17","date_gmt":"2019-10-13T21:45:17","guid":{"rendered":"https:\/\/pueblaexpres.com\/portal\/?p=10910"},"modified":"2019-10-17T15:48:40","modified_gmt":"2019-10-17T21:48:40","slug":"espectaculos-espectacular-concierto-3era-edicion-festival-tecate-comuna-la-toma-escenario-viva-aerobus-foro-cholula-en-puebla-apodaca-group-y-ocesa","status":"publish","type":"post","link":"https:\/\/pueblaexpres.com\/portal\/?p=10910","title":{"rendered":"[Espect\u00e1culos] ESPECTACULAR CONCIERTO | 3era Edici\u00f3n *Festival Tecate Comuna* | LA TOMA | Escenario Viva Aerobus | Foro Cholula en Puebla | Apodaca Group y OCESA"},"content":{"rendered":"<div name=\"googleone_share_1\" style=\"position:relative;z-index:5;float: right; margin-left: 10px;\"><g:plusone size=\"tall\" count=\"1\" href=\"https:\/\/pueblaexpres.com\/portal\/?p=10910\"><\/g:plusone><\/div><p><a href=\"https:\/\/pueblaexpres.com\/portal\/wp-content\/uploads\/2019\/10\/DSC_0646.jpg\"><img loading=\"lazy\" decoding=\"async\" class=\"wp-image-10911 aligncenter\" src=\"https:\/\/pueblaexpres.com\/portal\/wp-content\/uploads\/2019\/10\/DSC_0646.jpg\" alt=\"\" width=\"502\" height=\"334\" srcset=\"https:\/\/pueblaexpres.com\/portal\/wp-content\/uploads\/2019\/10\/DSC_0646.jpg 800w, https:\/\/pueblaexpres.com\/portal\/wp-content\/uploads\/2019\/10\/DSC_0646-300x200.jpg 300w, https:\/\/pueblaexpres.com\/portal\/wp-content\/uploads\/2019\/10\/DSC_0646-768x512.jpg 768w, https:\/\/pueblaexpres.com\/portal\/wp-content\/uploads\/2019\/10\/DSC_0646-640x426.jpg 640w\" sizes=\"(max-width: 502px) 100vw, 502px\" \/><\/a><\/p>\n<p><strong>Redacci\u00f3n Axel Petlacalco | Fotograf\u00edas Mara Gonz\u00e1lez @maragonzalez013 \/ Lyz Vega @lyz_vega \/ Sa\u00fal S\u00e1nchez \/ Axel Petlacalco \/ Manuel Vela @Mv_ManuelVela #PueblaExpres @PueblaExpres<\/strong><\/p>\n<p>TECATE COMUNA 2019<\/p>\n<p><a title=\"DSC_0287 [Espect\u00e1culos] ESPECTACULAR CONCIERTO | 3era Edici\u00f3n *Festival Tecate Comuna* | LA TOMA | Escenario Viva Aerobus | Foro Cholula | Fotograf\u00eda @maragonzalez013 \/ Axel Petlacalco \/ @Mv_ManuelVela www.pueblaexpres.com\" href=\"https:\/\/www.flickr.com\/photos\/manitas\/48915848006\/in\/album-72157711383944352\/\" data-flickr-embed=\"true\"><img loading=\"lazy\" decoding=\"async\" class=\"aligncenter\" src=\"https:\/\/live.staticflickr.com\/65535\/48915848006_890d6bc00c.jpg\" alt=\"DSC_0287 [Espect\u00e1culos] ESPECTACULAR CONCIERTO | 3era Edici\u00f3n *Festival Tecate Comuna* | LA TOMA | Escenario Viva Aerobus | Foro Cholula | Fotograf\u00eda @maragonzalez013 \/ Axel Petlacalco \/ @Mv_ManuelVela www.pueblaexpres.com\" width=\"500\" height=\"333\" \/><\/a><script async src=\"\/\/embedr.flickr.com\/assets\/client-code.js\" charset=\"utf-8\"><\/script><\/p>\n<p>Apodaca Group y OCESA regresaron a Puebla para presentar la tercera edici\u00f3n de Tecate Comuna 2019 en el Foro Cholula<\/p>\n<p>El pasado s\u00e1bado se llev\u00f3 a cabo la tercera edici\u00f3n del Tecate Comuna, uno de los festivales que han tomado mayor relevancia en los \u00faltimos a\u00f1os en Puebla y que en esta ocasi\u00f3n cont\u00f3 con la participaci\u00f3n de artistas como Juanes, Caifanes y Ximena Sari\u00f1ana.<\/p>\n<p><a title=\"DSC_0372 [Espect\u00e1culos] ESPECTACULAR CONCIERTO | 3era Edici\u00f3n *Festival Tecate Comuna* | LA TOMA | Escenario Viva Aerobus | Foro Cholula | Fotograf\u00eda @maragonzalez013 \/ Axel Petlacalco \/ @Mv_ManuelVela www.pueblaexpres.com\" href=\"https:\/\/www.flickr.com\/photos\/manitas\/48915321983\/in\/album-72157711383944352\/\" data-flickr-embed=\"true\"><img loading=\"lazy\" decoding=\"async\" class=\"aligncenter\" src=\"https:\/\/live.staticflickr.com\/65535\/48915321983_7f7ea3ec26.jpg\" alt=\"DSC_0372 [Espect\u00e1culos] ESPECTACULAR CONCIERTO | 3era Edici\u00f3n *Festival Tecate Comuna* | LA TOMA | Escenario Viva Aerobus | Foro Cholula | Fotograf\u00eda @maragonzalez013 \/ Axel Petlacalco \/ @Mv_ManuelVela www.pueblaexpres.com\" width=\"500\" height=\"333\" \/><\/a><script async src=\"\/\/embedr.flickr.com\/assets\/client-code.js\" charset=\"utf-8\"><\/script><\/p>\n<p>Desde el medio d\u00eda la gente comenz\u00f3 a abarrotar el foro Cholula y para calentar la garganta con RubyTates, Triciclo Circus Band y la agrupaci\u00f3n brasile\u00f1a- mexicana Francisco el Hombre.<\/p>\n<p>Poco despu\u00e9s toc\u00f3 turno de Odisseo, La Garfield y La Pegatina. Liitle Jesus fue muy bien recibido por los presentes tras presentar su \u201cDisco de Oro\u201d.<!--more--><\/p>\n<p><a title=\"DSC_0396 [Espect\u00e1culos] ESPECTACULAR CONCIERTO | 3era Edici\u00f3n *Festival Tecate Comuna* | LA TOMA | Escenario Viva Aerobus | Foro Cholula | Fotograf\u00eda @maragonzalez013 \/ Axel Petlacalco \/ @Mv_ManuelVela www.pueblaexpres.com\" href=\"https:\/\/www.flickr.com\/photos\/manitas\/48915847961\/in\/album-72157711383944352\/\" data-flickr-embed=\"true\"><img loading=\"lazy\" decoding=\"async\" class=\"aligncenter\" src=\"https:\/\/live.staticflickr.com\/65535\/48915847961_51ccb46c94.jpg\" alt=\"DSC_0396 [Espect\u00e1culos] ESPECTACULAR CONCIERTO | 3era Edici\u00f3n *Festival Tecate Comuna* | LA TOMA | Escenario Viva Aerobus | Foro Cholula | Fotograf\u00eda @maragonzalez013 \/ Axel Petlacalco \/ @Mv_ManuelVela www.pueblaexpres.com\" width=\"500\" height=\"333\" \/><\/a><script async src=\"\/\/embedr.flickr.com\/assets\/client-code.js\" charset=\"utf-8\"><\/script><\/p>\n<p>La tapat\u00eda Ximena Sari\u00f1ana tambi\u00e9n se llev\u00f3 varios aplausos y puso a bailar a todos con sus m\u00e1s recientes temas del \u00e1lbum \u201c\u00bfD\u00f3nde Bailar\u00e1n las Ni\u00f1as?\u201d.<\/p>\n<p>Rock en tu idioma sinf\u00f3nico Vol. II fue todo un \u00e9xito al darnos paso por los mayores \u00e9xitos de anta\u00f1o de la mano de Sabo Romo, Cecilia Toussaint, V\u00edctimas del Doctor Cerebro y Mar\u00eda Barracuda.<\/p>\n<p><a title=\"IMG_2871 [Espect\u00e1culos] ESPECTACULAR CONCIERTO | 3era Edici\u00f3n *Festival Tecate Comuna* | LA TOMA | Escenario Viva Aerobus | Foro Cholula | Fotograf\u00eda @maragonzalez013 \/ Axel Petlacalco \/ @Mv_ManuelVela www.pueblaexpres.com\" href=\"https:\/\/www.flickr.com\/photos\/manitas\/48915847716\/in\/album-72157711383944352\/\" data-flickr-embed=\"true\"><img loading=\"lazy\" decoding=\"async\" class=\"aligncenter\" src=\"https:\/\/live.staticflickr.com\/65535\/48915847716_11219dbf62.jpg\" alt=\"IMG_2871 [Espect\u00e1culos] ESPECTACULAR CONCIERTO | 3era Edici\u00f3n *Festival Tecate Comuna* | LA TOMA | Escenario Viva Aerobus | Foro Cholula | Fotograf\u00eda @maragonzalez013 \/ Axel Petlacalco \/ @Mv_ManuelVela www.pueblaexpres.com\" width=\"500\" height=\"334\" \/><\/a><script async src=\"\/\/embedr.flickr.com\/assets\/client-code.js\" charset=\"utf-8\"><\/script><\/p>\n<p>En la parte estelar de la noche apareci\u00f3 Juanes con \u201cA Dios le Pido\u201d, \u201cLa camisa negra\u201d, \u201cFotograf\u00eda\u201d, \u201cNada Valgo sin tu amor\u201d entre otros grandes \u00e9xitos que le valieron ser de los m\u00e1s consentidos por los poblanos.<\/p>\n<p>Inmediatamente Sa\u00fal Hern\u00e1ndez y sus Caifanes salieron a escena y \u201cAntes de que los olviden\u201d se entregaron a los presentes para complacerlos con \u00e9xitos como \u201cAfuera\u201d, \u201cLa c\u00e9lula que explota\u201d y \u201cViento\u201d.<\/p>\n<p><a title=\"IMG_2936 [Espect\u00e1culos] ESPECTACULAR CONCIERTO | 3era Edici\u00f3n *Festival Tecate Comuna* | LA TOMA | Escenario Viva Aerobus | Foro Cholula | Fotograf\u00eda @maragonzalez013 \/ Axel Petlacalco \/ @Mv_ManuelVela www.pueblaexpres.com\" href=\"https:\/\/www.flickr.com\/photos\/manitas\/48915847701\/in\/album-72157711383944352\/\" data-flickr-embed=\"true\"><img loading=\"lazy\" decoding=\"async\" class=\"aligncenter\" src=\"https:\/\/live.staticflickr.com\/65535\/48915847701_9b91fa985c.jpg\" alt=\"IMG_2936 [Espect\u00e1culos] ESPECTACULAR CONCIERTO | 3era Edici\u00f3n *Festival Tecate Comuna* | LA TOMA | Escenario Viva Aerobus | Foro Cholula | Fotograf\u00eda @maragonzalez013 \/ Axel Petlacalco \/ @Mv_ManuelVela www.pueblaexpres.com\" width=\"500\" height=\"333\" \/><\/a><script async src=\"\/\/embedr.flickr.com\/assets\/client-code.js\" charset=\"utf-8\"><\/script><\/p>\n<p>En la recta final se present\u00f3 la banda estadounidense \u201cThe Offspring\u201d, conjunto que regres\u00f3 a M\u00e9xico despu\u00e9s de 20 a\u00f1os.<\/p>\n<p>Para dar cerrojazo lleg\u00f3 La Maldita Vecindad y El Gran Silencio quienes culminaron una gran velada musical donde se presentaron un total de 32 bandas y asistieron m\u00e1s de 42mil personas.<\/p>\n<p><a title=\"IMG_2693 [Espect\u00e1culos] ESPECTACULAR CONCIERTO | 3era Edici\u00f3n *Festival Tecate Comuna* | LA TOMA | Escenario Viva Aerobus | Foro Cholula | Fotograf\u00eda @maragonzalez013 \/ Axel Petlacalco \/ @Mv_ManuelVela www.pueblaexpres.com\" href=\"https:\/\/www.flickr.com\/photos\/manitas\/48915321838\/in\/album-72157711383944352\/\" data-flickr-embed=\"true\"><img loading=\"lazy\" decoding=\"async\" class=\"aligncenter\" src=\"https:\/\/live.staticflickr.com\/65535\/48915321838_62d0664042.jpg\" alt=\"IMG_2693 [Espect\u00e1culos] ESPECTACULAR CONCIERTO | 3era Edici\u00f3n *Festival Tecate Comuna* | LA TOMA | Escenario Viva Aerobus | Foro Cholula | Fotograf\u00eda @maragonzalez013 \/ Axel Petlacalco \/ @Mv_ManuelVela www.pueblaexpres.com\" width=\"500\" height=\"333\" \/><\/a><script async src=\"\/\/embedr.flickr.com\/assets\/client-code.js\" charset=\"utf-8\"><\/script><\/p>\n<p>Amigo lector le pedimos contin\u00fae al pendiente de nuestras redes sociales y nuestro portal en la secci\u00f3n ESPECT\u00c1CULOS, ya que en el encontrar\u00e1 los mejores eventos\u2026<\/p>\n<p><strong>LA OPINI\u00d3N EXPRESADA EN ESTA COLUMNA ES RESPONSABILIDAD DE QUIEN LA ESCRIBE Y NO BUSCA GENERAR CONFLICTOS ENTRE LOS INVOLUCRADOS, SINO GENERAR CONCIENCIA EN CADA LECTOR.<\/strong><\/p>\n<p>[miniflickr photoset_id=72157711383944352&amp;sortby=date-posted-asc&amp;per_page=16]<\/p>\n","protected":false},"excerpt":{"rendered":"<p>Redacci\u00f3n Axel Petlacalco | Fotograf\u00edas Mara Gonz\u00e1lez @maragonzalez013 \/ Lyz Vega @lyz_vega \/ Sa\u00fal S\u00e1nchez \/ Axel Petlacalco \/ Manuel Vela @Mv_ManuelVela #PueblaExpres @PueblaExpres TECATE COMUNA 2019 Apodaca Group y OCESA regresaron a Puebla para presentar la tercera edici\u00f3n de Tecate Comuna 2019 en el Foro Cholula El pasado s\u00e1bado se llev\u00f3 a cabo la [&hellip;]<\/p>\n","protected":false},"author":2,"featured_media":10911,"comment_status":"open","ping_status":"open","sticky":false,"template":"","format":"standard","meta":{"footnotes":""},"categories":[8,42,166,170,36,171,1,7],"tags":[],"_links":{"self":[{"href":"https:\/\/pueblaexpres.com\/portal\/index.php?rest_route=\/wp\/v2\/posts\/10910"}],"collection":[{"href":"https:\/\/pueblaexpres.com\/portal\/index.php?rest_route=\/wp\/v2\/posts"}],"about":[{"href":"https:\/\/pueblaexpres.com\/portal\/index.php?rest_route=\/wp\/v2\/types\/post"}],"author":[{"embeddable":true,"href":"https:\/\/pueblaexpres.com\/portal\/index.php?rest_route=\/wp\/v2\/users\/2"}],"replies":[{"embeddable":true,"href":"https:\/\/pueblaexpres.com\/portal\/index.php?rest_route=%2Fwp%2Fv2%2Fcomments&post=10910"}],"version-history":[{"count":1,"href":"https:\/\/pueblaexpres.com\/portal\/index.php?rest_route=\/wp\/v2\/posts\/10910\/revisions"}],"predecessor-version":[{"id":10912,"href":"https:\/\/pueblaexpres.com\/portal\/index.php?rest_route=\/wp\/v2\/posts\/10910\/revisions\/10912"}],"wp:featuredmedia":[{"embeddable":true,"href":"https:\/\/pueblaexpres.com\/portal\/index.php?rest_route=\/wp\/v2\/media\/10911"}],"wp:attachment":[{"href":"https:\/\/pueblaexpres.com\/portal\/index.php?rest_route=%2Fwp%2Fv2%2Fmedia&parent=10910"}],"wp:term":[{"taxonomy":"category","embeddable":true,"href":"https:\/\/pueblaexpres.com\/portal\/index.php?rest_route=%2Fwp%2Fv2%2Fcategories&post=10910"},{"taxonomy":"post_tag","embeddable":true,"href":"https:\/\/pueblaexpres.com\/portal\/index.php?rest_route=%2Fwp%2Fv2%2Ftags&post=10910"}],"curies":[{"name":"wp","href":"https:\/\/api.w.org\/{rel}","templated":true}]}}