{"id":1090,"date":"2011-12-24T00:42:11","date_gmt":"2011-12-24T06:42:11","guid":{"rendered":"https:\/\/pueblaexpres.com\/portal\/?p=1090"},"modified":"2011-12-24T00:42:11","modified_gmt":"2011-12-24T06:42:11","slug":"emotiva-despedida-a-gabriel-pereyra","status":"publish","type":"post","link":"https:\/\/pueblaexpres.com\/portal\/?p=1090","title":{"rendered":"Emotiva despedida a Gabriel Pereyra"},"content":{"rendered":"<div name=\"googleone_share_1\" style=\"position:relative;z-index:5;float: right; margin-left: 10px;\"><g:plusone size=\"tall\" count=\"1\" href=\"https:\/\/pueblaexpres.com\/portal\/?p=1090\"><\/g:plusone><\/div><p><a title=\"DSC_0593 Emotiva despedida a Gabriel Pereyra hecha por aficionados del Puebla FC encabezados por Sefirot Garc\u00eda L\u00edder de la Barra Legi\u00f3n Drag\u00f3n por Mv Fotograf\u00eda Profesional \/ www.pueblaexpres.com   by Manuel Vela - MV Fotograf\u00eda Profesional, on Flickr\" href=\"http:\/\/www.flickr.com\/photos\/manitas\/6561997513\/\"><img loading=\"lazy\" decoding=\"async\" class=\"alignleft\" style=\"margin-left: 5px; margin-right: 5px;\" src=\"http:\/\/farm8.staticflickr.com\/7022\/6561997513_2a557d8381_m.jpg\" alt=\"DSC_0593 Emotiva despedida a Gabriel Pereyra hecha por aficionados del Puebla FC encabezados por Sefirot Garc\u00eda L\u00edder de la Barra Legi\u00f3n Drag\u00f3n por Mv Fotograf\u00eda Profesional \/ www.pueblaexpres.com  \" width=\"240\" height=\"160\" \/><\/a> Puebla., Puebla 23 de Diciembre 2011<\/p>\n<p>La afici\u00f3n del Puebla de la Franja le dio la desped\u00eda a uno de los \u00faltimos iconos del equipo camotero y es que tras el anuncio de que Gabriel Pereyra el apodado MISTICO jugar\u00eda los pr\u00f3ximos 6 meses a pr\u00e9stamo con el conjunto de Estudiantes Tecos parte de la afici\u00f3n poblana, encabezados por Sefirto Garc\u00eda L\u00edder de la Barra Legi\u00f3n Drag\u00f3n se dieron cita en \u201cLa Cueva del Drag\u00f3n\u201d para despedir al famoso M\u00edstico.<br \/>\nEntre c\u00e1nticos y porras; afici\u00f3n y jugador caminaron por algunas calles de la Colonia Tepeyac de esta ciuda, hasta llegar a una pinta que los aficionados encabezados por Sefirot Garc\u00eda l\u00edder de la Barra Legi\u00f3n Drag\u00f3n hiciera para el jugador Argentino.<br \/>\nSobre lo que sent\u00eda al ver una despedida as\u00ed Pereyra respondi\u00f3 \u201cme llena de alegr\u00eda ya que en ninguno de los equipo en los que milite hab\u00eda tenido una despedida as\u00ed por parte de los aficionados\u201d, en lo futbol\u00edstico el ex-jugador de la franja comenta \u201cdeseo hacer bien las cosas con mi nuevo club para que en seis meses sea considerado por la directiva del Puebla y as\u00ed pueda regresar al club y ocupar la plaza de jugador nacionalizado\u201d puntualizo<br \/>\n(Pereyra) est\u00e1 pr\u00f3ximo a iniciar los tr\u00e1mites para adquirir la nacionalidad Mexicana.<br \/>\nAntes de partir Gabriel MISTICO Pereyra le dio las gracias a la afici\u00f3n por este acto hacia su persona y prometi\u00f3 regresar para el Torneo Apertura 2012 y al grito de \u201cNo se va, No se va Pereyra no se va\u201d fue como la afici\u00f3n de Puebla le dio la despedida a uno de los \u00faltimos iconos del conjunto de la franja.<br \/>\n[miniflickr photoset_id=72157628544529363&amp;sortby=date-posted-asc&amp;per_page=20]<\/p>\n<p><a href=\"http:\/\/www.flickr.com\/photos\/manitas\/sets\/72157628544529363\/\" target=\"_blank\"><strong>Emotiva despedida a Gabriel Pereyra<\/strong><\/a><\/p>\n<p>&#8211;<\/p>\n","protected":false},"excerpt":{"rendered":"<p>Puebla., Puebla 23 de Diciembre 2011 La afici\u00f3n del Puebla de la Franja le dio la desped\u00eda a uno de los \u00faltimos iconos del equipo camotero y es que tras el anuncio de que Gabriel Pereyra el apodado MISTICO jugar\u00eda los pr\u00f3ximos 6 meses a pr\u00e9stamo con el conjunto de Estudiantes Tecos parte de la [&hellip;]<\/p>\n","protected":false},"author":1,"featured_media":0,"comment_status":"open","ping_status":"open","sticky":false,"template":"","format":"standard","meta":{"footnotes":""},"categories":[8],"tags":[],"_links":{"self":[{"href":"https:\/\/pueblaexpres.com\/portal\/index.php?rest_route=\/wp\/v2\/posts\/1090"}],"collection":[{"href":"https:\/\/pueblaexpres.com\/portal\/index.php?rest_route=\/wp\/v2\/posts"}],"about":[{"href":"https:\/\/pueblaexpres.com\/portal\/index.php?rest_route=\/wp\/v2\/types\/post"}],"author":[{"embeddable":true,"href":"https:\/\/pueblaexpres.com\/portal\/index.php?rest_route=\/wp\/v2\/users\/1"}],"replies":[{"embeddable":true,"href":"https:\/\/pueblaexpres.com\/portal\/index.php?rest_route=%2Fwp%2Fv2%2Fcomments&post=1090"}],"version-history":[{"count":1,"href":"https:\/\/pueblaexpres.com\/portal\/index.php?rest_route=\/wp\/v2\/posts\/1090\/revisions"}],"predecessor-version":[{"id":1091,"href":"https:\/\/pueblaexpres.com\/portal\/index.php?rest_route=\/wp\/v2\/posts\/1090\/revisions\/1091"}],"wp:attachment":[{"href":"https:\/\/pueblaexpres.com\/portal\/index.php?rest_route=%2Fwp%2Fv2%2Fmedia&parent=1090"}],"wp:term":[{"taxonomy":"category","embeddable":true,"href":"https:\/\/pueblaexpres.com\/portal\/index.php?rest_route=%2Fwp%2Fv2%2Fcategories&post=1090"},{"taxonomy":"post_tag","embeddable":true,"href":"https:\/\/pueblaexpres.com\/portal\/index.php?rest_route=%2Fwp%2Fv2%2Ftags&post=1090"}],"curies":[{"name":"wp","href":"https:\/\/api.w.org\/{rel}","templated":true}]}}