{"id":10864,"date":"2019-10-11T06:16:53","date_gmt":"2019-10-11T12:16:53","guid":{"rendered":"https:\/\/pueblaexpres.com\/portal\/?p=10864"},"modified":"2019-10-14T06:20:18","modified_gmt":"2019-10-14T12:20:18","slug":"espectaculos-magnifico-concierto-paolo-rubbioli-grupo-acir-8va-edicion-con-todo-amor-103-3-presentado-por-electrolit-auditorio-metropolitano-puebla","status":"publish","type":"post","link":"https:\/\/pueblaexpres.com\/portal\/?p=10864","title":{"rendered":"[Espect\u00e1culos] MAGNIFICO CONCIERTO | Paolo Rubbioli | Grupo ACIR | 8va edici\u00f3n CON TODO AMOR 103.3 presentado por Electrolit | Auditorio Metropolitano Puebla"},"content":{"rendered":"<div name=\"googleone_share_1\" style=\"position:relative;z-index:5;float: right; margin-left: 10px;\"><g:plusone size=\"tall\" count=\"1\" href=\"https:\/\/pueblaexpres.com\/portal\/?p=10864\"><\/g:plusone><\/div><p><a href=\"https:\/\/pueblaexpres.com\/portal\/wp-content\/uploads\/2019\/10\/MVF_0817.jpg\"><img loading=\"lazy\" decoding=\"async\" class=\"wp-image-10865 aligncenter\" src=\"https:\/\/pueblaexpres.com\/portal\/wp-content\/uploads\/2019\/10\/MVF_0817.jpg\" alt=\"\" width=\"500\" height=\"333\" srcset=\"https:\/\/pueblaexpres.com\/portal\/wp-content\/uploads\/2019\/10\/MVF_0817.jpg 800w, https:\/\/pueblaexpres.com\/portal\/wp-content\/uploads\/2019\/10\/MVF_0817-300x200.jpg 300w, https:\/\/pueblaexpres.com\/portal\/wp-content\/uploads\/2019\/10\/MVF_0817-768x512.jpg 768w, https:\/\/pueblaexpres.com\/portal\/wp-content\/uploads\/2019\/10\/MVF_0817-640x426.jpg 640w\" sizes=\"(max-width: 500px) 100vw, 500px\" \/><\/a><\/p>\n<p><strong>Redacci\u00f3n Axel Petlacalco | Fotograf\u00edas Mara Gonz\u00e1lez @maragonzalez013 \/ Lyz Vega @lyz_vega \/ Sa\u00fal S\u00e1nchez \/ Axel Petlacalco \/ Manuel Vela @Mv_ManuelVela #PueblaExpres @PueblaExpres<\/strong><\/p>\n<p>Concierto \u201cCon Todo Amor 103.3 presentado por Electrolit\u201d<\/p>\n<p><a title=\"MVF_0913 [Espect\u00e1culos] MAGNIFICO CONCIERTO | Paolo Rubbioli | Grupo ACIR | 8va edici\u00f3n CON TODO AMOR 103.3 por Electrolit | Auditorio Metropolitano Puebla | Fotograf\u00eda @maragonzalez013 \/ Axel Petlacalco \/ @Mv_ManuelVela www.pueblaexpres.com\" href=\"https:\/\/www.flickr.com\/photos\/manitas\/48897267132\/in\/dateposted-public\/\" data-flickr-embed=\"true\"><img loading=\"lazy\" decoding=\"async\" class=\"aligncenter\" src=\"https:\/\/live.staticflickr.com\/65535\/48897267132_512f4bf625.jpg\" alt=\"MVF_0913 [Espect\u00e1culos] MAGNIFICO CONCIERTO | Paolo Rubbioli | Grupo ACIR | 8va edici\u00f3n CON TODO AMOR 103.3 por Electrolit | Auditorio Metropolitano Puebla | Fotograf\u00eda @maragonzalez013 \/ Axel Petlacalco \/ @Mv_ManuelVela www.pueblaexpres.com\" width=\"500\" height=\"333\" \/><\/a><script async src=\"\/\/embedr.flickr.com\/assets\/client-code.js\" charset=\"utf-8\"><\/script><\/p>\n<p>El pasado jueves 10 de octubre se llev\u00f3 a cabo una edici\u00f3n m\u00e1s del concierto Con Todo Amor 103.3 presentado por Electrolit en el Auditorio Metropolitano.<\/p>\n<p>El cartel estuvo integrado por distintos artistas de distintos g\u00e9neros como el int\u00e9rprete pop, Chucho Rivas. Paolo Rubbioli fue uno de los invitados especiales y a ritmo de electro cumbia puso a bailar a los poblanos.<\/p>\n<p>Por otro lado, Edith M\u00e1rquez cautivo con sus baladas y una que otra canci\u00f3n al estilo ranchero. El toque regional mexicano lo puso la potosina Ana B\u00e1rbara.<\/p>\n<p><a title=\"MVF_1031 [Espect\u00e1culos] MAGNIFICO CONCIERTO | Paolo Rubbioli | Grupo ACIR | 8va edici\u00f3n CON TODO AMOR 103.3 por Electrolit | Auditorio Metropolitano Puebla | Fotograf\u00eda @maragonzalez013 \/ Axel Petlacalco \/ @Mv_ManuelVela www.pueblaexpres.com\" href=\"https:\/\/www.flickr.com\/photos\/manitas\/48897267062\/in\/dateposted-public\/\" data-flickr-embed=\"true\"><img loading=\"lazy\" decoding=\"async\" class=\"aligncenter\" src=\"https:\/\/live.staticflickr.com\/65535\/48897267062_0150c05eea.jpg\" alt=\"MVF_1031 [Espect\u00e1culos] MAGNIFICO CONCIERTO | Paolo Rubbioli | Grupo ACIR | 8va edici\u00f3n CON TODO AMOR 103.3 por Electrolit | Auditorio Metropolitano Puebla | Fotograf\u00eda @maragonzalez013 \/ Axel Petlacalco \/ @Mv_ManuelVela www.pueblaexpres.com\" width=\"500\" height=\"333\" \/><\/a><script async src=\"\/\/embedr.flickr.com\/assets\/client-code.js\" charset=\"utf-8\"><\/script><\/p>\n<p>Kalimba fue de los artistas m\u00e1s aplaudidos de la noche al interpretar sus mayores \u00e9xitos \u201cTocando fondo\u201d \u201cSe te olvid\u00f3\u201d \u201cNo me quiero enamorar\u201d entre otros.<\/p>\n<p>Diego Verdaguer tambi\u00e9n form\u00f3 parte del elenco seguido de Juli\u00f3n \u00c1lvarez quien cerr\u00f3 con broche de oro al ritmo de banda.<\/p>\n<p>De este modo los presentes pudieron disfrutar de estos artistas coreando y bailando los mayores \u00e9xitos de cada uno de ellos.<\/p>\n<p><a title=\"MVF_0959 [Espect\u00e1culos] MAGNIFICO CONCIERTO | Paolo Rubbioli | Grupo ACIR | 8va edici\u00f3n CON TODO AMOR 103.3 por Electrolit | Auditorio Metropolitano Puebla | Fotograf\u00eda @maragonzalez013 \/ Axel Petlacalco \/ @Mv_ManuelVela www.pueblaexpres.com\" href=\"https:\/\/www.flickr.com\/photos\/manitas\/48897073541\/in\/dateposted-public\/\" data-flickr-embed=\"true\"><img loading=\"lazy\" decoding=\"async\" class=\"aligncenter\" src=\"https:\/\/live.staticflickr.com\/65535\/48897073541_7831476a6f.jpg\" alt=\"MVF_0959 [Espect\u00e1culos] MAGNIFICO CONCIERTO | Paolo Rubbioli | Grupo ACIR | 8va edici\u00f3n CON TODO AMOR 103.3 por Electrolit | Auditorio Metropolitano Puebla | Fotograf\u00eda @maragonzalez013 \/ Axel Petlacalco \/ @Mv_ManuelVela www.pueblaexpres.com\" width=\"500\" height=\"333\" \/><\/a><script async src=\"\/\/embedr.flickr.com\/assets\/client-code.js\" charset=\"utf-8\"><\/script><\/p>\n<p>Amigo lector le pedimos contin\u00fae al pendiente de nuestras redes sociales y nuestro portal en la secci\u00f3n ESPECT\u00c1CULOS, ya que en el encontrar\u00e1 los mejores eventos\u2026<\/p>\n<p><strong>LA OPINI\u00d3N EXPRESADA EN ESTA COLUMNA ES RESPONSABILIDAD DE QUIEN LA ESCRIBE Y NO BUSCA GENERAR CONFLICTOS ENTRE LOS INVOLUCRADOS, SINO GENERAR CONCIENCIA EN CADA LECTOR.<\/strong><\/p>\n<p>[miniflickr photoset_id=72157711331792566&amp;sortby=date-posted-asc&amp;per_page=4]<\/p>\n","protected":false},"excerpt":{"rendered":"<p>Redacci\u00f3n Axel Petlacalco | Fotograf\u00edas Mara Gonz\u00e1lez @maragonzalez013 \/ Lyz Vega @lyz_vega \/ Sa\u00fal S\u00e1nchez \/ Axel Petlacalco \/ Manuel Vela @Mv_ManuelVela #PueblaExpres @PueblaExpres Concierto \u201cCon Todo Amor 103.3 presentado por Electrolit\u201d El pasado jueves 10 de octubre se llev\u00f3 a cabo una edici\u00f3n m\u00e1s del concierto Con Todo Amor 103.3 presentado por Electrolit en [&hellip;]<\/p>\n","protected":false},"author":2,"featured_media":10865,"comment_status":"open","ping_status":"open","sticky":false,"template":"","format":"standard","meta":{"footnotes":""},"categories":[8,42,166,170,36,171,1,7],"tags":[],"_links":{"self":[{"href":"https:\/\/pueblaexpres.com\/portal\/index.php?rest_route=\/wp\/v2\/posts\/10864"}],"collection":[{"href":"https:\/\/pueblaexpres.com\/portal\/index.php?rest_route=\/wp\/v2\/posts"}],"about":[{"href":"https:\/\/pueblaexpres.com\/portal\/index.php?rest_route=\/wp\/v2\/types\/post"}],"author":[{"embeddable":true,"href":"https:\/\/pueblaexpres.com\/portal\/index.php?rest_route=\/wp\/v2\/users\/2"}],"replies":[{"embeddable":true,"href":"https:\/\/pueblaexpres.com\/portal\/index.php?rest_route=%2Fwp%2Fv2%2Fcomments&post=10864"}],"version-history":[{"count":1,"href":"https:\/\/pueblaexpres.com\/portal\/index.php?rest_route=\/wp\/v2\/posts\/10864\/revisions"}],"predecessor-version":[{"id":10866,"href":"https:\/\/pueblaexpres.com\/portal\/index.php?rest_route=\/wp\/v2\/posts\/10864\/revisions\/10866"}],"wp:featuredmedia":[{"embeddable":true,"href":"https:\/\/pueblaexpres.com\/portal\/index.php?rest_route=\/wp\/v2\/media\/10865"}],"wp:attachment":[{"href":"https:\/\/pueblaexpres.com\/portal\/index.php?rest_route=%2Fwp%2Fv2%2Fmedia&parent=10864"}],"wp:term":[{"taxonomy":"category","embeddable":true,"href":"https:\/\/pueblaexpres.com\/portal\/index.php?rest_route=%2Fwp%2Fv2%2Fcategories&post=10864"},{"taxonomy":"post_tag","embeddable":true,"href":"https:\/\/pueblaexpres.com\/portal\/index.php?rest_route=%2Fwp%2Fv2%2Ftags&post=10864"}],"curies":[{"name":"wp","href":"https:\/\/api.w.org\/{rel}","templated":true}]}}