{"id":1079,"date":"2011-12-14T00:44:56","date_gmt":"2011-12-14T06:44:56","guid":{"rendered":"https:\/\/pueblaexpres.com\/portal\/?p=1079"},"modified":"2011-12-14T00:44:56","modified_gmt":"2011-12-14T06:44:56","slug":"el-puebla-fc-entreno-en-el-club-deportivo-la-noria-a-doble-sesion","status":"publish","type":"post","link":"https:\/\/pueblaexpres.com\/portal\/?p=1079","title":{"rendered":"El Puebla FC entreno en el Club Deportivo La Noria a doble sesi\u00f3n"},"content":{"rendered":"<div name=\"googleone_share_1\" style=\"position:relative;z-index:5;float: right; margin-left: 10px;\"><g:plusone size=\"tall\" count=\"1\" href=\"https:\/\/pueblaexpres.com\/portal\/?p=1079\"><\/g:plusone><\/div><p><a title=\"SONY DSC El Puebla FC entreno en el Club Deportivo La Noria a doble sesi\u00f3n de cara al TC 2012 por Mv Fotograf\u00eda Profesional \/ www.pueblaexpres.com IMG_045                      by Manuel Vela - MV Fotograf\u00eda Profesional, on Flickr\" href=\"http:\/\/www.flickr.com\/photos\/manitas\/6509006367\/\"><img loading=\"lazy\" decoding=\"async\" class=\"alignleft\" style=\"margin-left: 5px; margin-right: 5px;\" src=\"http:\/\/farm8.staticflickr.com\/7153\/6509006367_9ca0f5ac65_m.jpg\" alt=\"SONY DSC El Puebla FC entreno en el Club Deportivo La Noria a doble sesi\u00f3n de cara al TC 2012 por Mv Fotograf\u00eda Profesional \/ www.pueblaexpres.com IMG_045                     \" width=\"240\" height=\"160\" \/><\/a> Puebla., Puebla 13 de Diciembre 2011<\/p>\n<p>Con trabajos a doble sesi\u00f3n, el Puebla de La Franja pr\u00e1ctico sobre la cancha n\u00famero 1 del Club Deportivo La Noria con la intenci\u00f3n de redondear las peticiones que el t\u00e9cnico Juan Carlos Osorio busca imprimir en el conjunto Camotero.<br \/>\nConforme las semanas pasan en el campamento de la Angel\u00f3polis, el estratega colombiano, Juan Carlos Osorio, mantiene un esquema de labores sumamente intenso, el cual los mismos jugadores saben que pronto rendir\u00e1 frutos pues a menos de un mes que arranque el Clausura 2012, est\u00e1n concentrados en ir en la misma l\u00ednea que el t\u00e9cnico.<br \/>\nDe esta manera lo se\u00f1ala Alexandro \u00c1lvarez, guardameta del Puebla, quien enfatiza c\u00f3mo se realizan las tareas en el terreno de juego durante las sesiones de entrenamiento con Osorio Arbel\u00e1ez, \u201chay reiterar y subrayar el trabajo que estamos haciendo dentro del campo, m\u00e1s enfocado a adoptar y adaptarnos de alguna manera los planteamientos que tiene para con el equipo y entenderlo lo m\u00e1s pronto posible\u201d.<br \/>\nUn factor importante que sigue acrecent\u00e1ndose en el seno Camotero, es la competencia, situaci\u00f3n que el experimentado arquero recalca, ya que gracias a esto el equipo se ve beneficiado, ya que todos y cada uno de sus compa\u00f1ero buscan consolidarse en la instituci\u00f3n y en el once titular del timonel cafetalero.<br \/>\nAs\u00ed mismo, extern\u00f3 su aceptaci\u00f3n por la llegada de Luis \u00c1ngel Land\u00edn, pues para el \u2018Mostro\u2019 \u201ceste equipo est\u00e1 para recibir a jugadores que tengan esa necesidad, esa hambre y sobretodo much\u00edsimas ganas de triunfar, porque este equipo merece eso y estamos tratando de esforzarnos cada d\u00eda para realizar y llegar a esa meta\u201d.<br \/>\nPor su parte, el delantero que est\u00e1 a punto de unirse a las filas del Puebla, Luis \u00c1ngel Land\u00edn Cort\u00e9s, quiere cumplir con el reto que significa defender estos colores, pues gracias a la oportunidad que el director t\u00e9cnico le ha brindado, tiene las intenciones de aportar cuanto pueda.\u201c<br \/>\nPlaticamos mucho, el profe necesita jugadores comprometidos que vengan a aportarle al equipo y yo vengo a eso, a tratar de aportar, de buscar una oportunidad y pienso aprovecharla\u201d, extern\u00f3 el ariete que milit\u00f3 una temporada en la MLS, donde no tuvo la ocasi\u00f3n de conocer a Juan Carlos Osorio.<br \/>\n\u201cApenas lo conozco, me parece una gran persona, un gran t\u00e9cnico, de eso me di cuenta en estos d\u00edas, sabe mucho de futbol, lo que me ha gustado mucho es que est\u00e1 muy cerca del jugador, lo trata de manera especial, eso me ha gustado mucho, no todos los entrenadores lo hacen\u201d, coment\u00f3 acerca del estratega colombiano.<br \/>\nPor tal motivo, buscar\u00e1 responder a la confianza que el Puebla le ha otorgado, por lo que se compromete a \u201cnunca darme por vencido, siempre se me podr\u00e1n dar las cosas, podr\u00e9 o no hacer goles, pero siempre tratar\u00e9 de hacer goles, siempre dar\u00e9 mi m\u00e1ximo dentro del campo\u201d.<br \/>\nEs as\u00ed como Land\u00edn Cort\u00e9s se convierte pr\u00e1cticamente en refuerzo Camotero de cara al Clausura 2012, faltando \u00fanicamente la firma correspondiente para que selle de manera oficial su llegada a tierras angelopolitanas.<br \/>\nCon respecto a la lista de transferibles, el vocero oficial del Puebla F. C., Hugo Fern\u00e1ndez, se\u00f1al\u00f3 que \u00e9sta ya est\u00e1 conformada, sin embargo, lo principal es darla a conocer a los mismos jugadores, para luego hacerla llegar a la directiva e inmediatamente despu\u00e9s se dar\u00e1 a conocer de manera oficial.<br \/>\nEl uruguayo resalta que los nombres estipulados no son considerados como bajas, sino transferibles, ya que \u201cno significa que se tengan que ir por eso, si alg\u00fan club tiene inter\u00e9s por ellos se escuchar\u00e1n ofertas, y si no, se cumplir\u00e1n contratos como corresponde\u201d, indic\u00f3 Fern\u00e1ndez Vallejo.<br \/>\nDe igual manera, confirm\u00f3 que Luis \u00c1ngel Land\u00edn ya est\u00e1 dentro del equipo, solamente falta su firma, la cual se estar\u00e1 dando en horas pr\u00f3ximas; mientras tanto y a referencia del central Alexis Henr\u00edquez, sostiene que las negociaciones se mantienen, pero de no concretarse la llegada del colombiano, hay un par de opciones m\u00e1s que est\u00e1n contempladas, as\u00ed como las tambi\u00e9n probabilidades de un delantero, el cual, dependiendo las circunstancias que solicite el t\u00e9cnico, ser\u00e1 nacional o extranjero.<br \/>\n[miniflickr photoset_id=72157628411863023&amp;sortby=date-posted-asc&amp;per_page=20]<\/p>\n<p><strong><a href=\"http:\/\/www.flickr.com\/photos\/manitas\/sets\/72157628411863023\/\" target=\"_blank\">El Puebla FC entreno en el Club Deportivo La Noria a doble sesi\u00f3n<\/a><\/strong><\/p>\n<p>&#8211;<\/p>\n","protected":false},"excerpt":{"rendered":"<p>Puebla., Puebla 13 de Diciembre 2011 Con trabajos a doble sesi\u00f3n, el Puebla de La Franja pr\u00e1ctico sobre la cancha n\u00famero 1 del Club Deportivo La Noria con la intenci\u00f3n de redondear las peticiones que el t\u00e9cnico Juan Carlos Osorio busca imprimir en el conjunto Camotero. Conforme las semanas pasan en el campamento de la [&hellip;]<\/p>\n","protected":false},"author":1,"featured_media":0,"comment_status":"open","ping_status":"open","sticky":false,"template":"","format":"standard","meta":{"footnotes":""},"categories":[79],"tags":[],"_links":{"self":[{"href":"https:\/\/pueblaexpres.com\/portal\/index.php?rest_route=\/wp\/v2\/posts\/1079"}],"collection":[{"href":"https:\/\/pueblaexpres.com\/portal\/index.php?rest_route=\/wp\/v2\/posts"}],"about":[{"href":"https:\/\/pueblaexpres.com\/portal\/index.php?rest_route=\/wp\/v2\/types\/post"}],"author":[{"embeddable":true,"href":"https:\/\/pueblaexpres.com\/portal\/index.php?rest_route=\/wp\/v2\/users\/1"}],"replies":[{"embeddable":true,"href":"https:\/\/pueblaexpres.com\/portal\/index.php?rest_route=%2Fwp%2Fv2%2Fcomments&post=1079"}],"version-history":[{"count":1,"href":"https:\/\/pueblaexpres.com\/portal\/index.php?rest_route=\/wp\/v2\/posts\/1079\/revisions"}],"predecessor-version":[{"id":1080,"href":"https:\/\/pueblaexpres.com\/portal\/index.php?rest_route=\/wp\/v2\/posts\/1079\/revisions\/1080"}],"wp:attachment":[{"href":"https:\/\/pueblaexpres.com\/portal\/index.php?rest_route=%2Fwp%2Fv2%2Fmedia&parent=1079"}],"wp:term":[{"taxonomy":"category","embeddable":true,"href":"https:\/\/pueblaexpres.com\/portal\/index.php?rest_route=%2Fwp%2Fv2%2Fcategories&post=1079"},{"taxonomy":"post_tag","embeddable":true,"href":"https:\/\/pueblaexpres.com\/portal\/index.php?rest_route=%2Fwp%2Fv2%2Ftags&post=1079"}],"curies":[{"name":"wp","href":"https:\/\/api.w.org\/{rel}","templated":true}]}}