{"id":1077,"date":"2011-12-11T17:35:02","date_gmt":"2011-12-11T23:35:02","guid":{"rendered":"https:\/\/pueblaexpres.com\/portal\/?p=1077"},"modified":"2011-12-11T17:35:02","modified_gmt":"2011-12-11T23:35:02","slug":"se-efectuo-marcha-pacifica-y-sin-violencia-por-el-puebla-fc","status":"publish","type":"post","link":"https:\/\/pueblaexpres.com\/portal\/?p=1077","title":{"rendered":"Se efect\u00fao marcha pac\u00edfica y sin violencia por el Puebla FC"},"content":{"rendered":"<div name=\"googleone_share_1\" style=\"position:relative;z-index:5;float: right; margin-left: 10px;\"><g:plusone size=\"tall\" count=\"1\" href=\"https:\/\/pueblaexpres.com\/portal\/?p=1077\"><\/g:plusone><\/div><p><a title=\"DSC_0377 Se efect\u00fao marcha pac\u00edfica y sin violencia por el Puebla FC por Mv Fotograf\u00eda Profesional \/ www.pueblaexpres.com  by Manuel Vela - MV Fotograf\u00eda Profesional, on Flickr\" href=\"http:\/\/www.flickr.com\/photos\/manitas\/6494386413\/\"><img loading=\"lazy\" decoding=\"async\" class=\"alignleft\" style=\"margin-left: 5px; margin-right: 5px;\" src=\"http:\/\/farm8.staticflickr.com\/7151\/6494386413_270d552340_m.jpg\" alt=\"DSC_0377 Se efect\u00fao marcha pac\u00edfica y sin violencia por el Puebla FC por Mv Fotograf\u00eda Profesional \/ www.pueblaexpres.com \" width=\"240\" height=\"146\" \/><\/a> Puebla., Puebla 11 de Diciembre 2011<\/p>\n<p>Con m\u00e1s de 20, 000 firmas recaudadas se llev\u00f3 a cabo la marcha pac\u00edfica y sin violencia que aglutin\u00f3 aproximadamente a 700 personas convocada por las Barras Unidas de Puebla, donde Sefirot Garc\u00eda (vocero del movimiento) hizo entrega en casa \u201cAguayo\u201d de los documentos que conten\u00edan las rubricas de la sociedad en general que apoyan al equipo blanquiazul con el objetivo de que la franquicia no abandone el estado.<br \/>\nLa marcha pactada a las 4 de la tarde, se demor\u00f3 debido a que los aficionados y p\u00fablico en general llegaron poco a poco, aproximadamente a las 5 30 pm el contingente parti\u00f3 de las Fuente de los Frailes con 500 personas las cuales llevaban banderas, bombos y playeras en alusi\u00f3n al conjunto franjiazul con destino las oficinas en las que despacha el Gobernador de Puebla (Casa Aguayo).<br \/>\nLa marcha traz\u00f3 su recorrido por la avenida Ju\u00e1rez, para posteriormente tomar la avenida Reforma, a su paso los automovilistas dejaban sonar el claxon de sus unidades, mientras que los peatones aplaud\u00edan la causa, en donde le fueron entregadas a su paso hojas que conten\u00edan firmas para la estancia y permanencia del equipo en la entidad.<br \/>\nAl llegar al z\u00f3calo de la ciudad el contingente contaba con m\u00e1s de 1200 personas que se integraron poco a poco en sus c\u00e9ntricas y pintorescas calles, se detuvieron unos minutos a los pies de Palacio Municipal para mostrar las distintas mantas que refer\u00edan el apoyo incondicional al equipo de sus amores el Puebla de la Franja. Y cantando con pasi\u00f3n &#8220;el Puebla no se va, no se va&#8221;<br \/>\nEl recorrido continuo su ruta hacia su punto final, y ya en casa Aguayo los aguardaba personal que labora dentro del inmueble para recibirlos en representaci\u00f3n del Gobierno del Estado.<br \/>\nDentro de casa Aguayo, los representantes y l\u00edderes de las Barra Unidas de Puebla encabezadas por Sefirot Garc\u00eda, Emilio Montiel, Juan Garc\u00eda y Uriel Flores sostuvieron conversaci\u00f3n con Manuel Nava, secretario particular del subsecretario de gobernaci\u00f3n, quien a nombre del gobernador Rafael Moreno Valle Rosas recibi\u00f3 el paquete de hojas con las firmas de los ciudadanos.<br \/>\n\u201cEsper\u00e1bamos mucho m\u00e1s gente, pero sin duda que va a ver futbol en Puebla eso me queda claro, no hubo una respuesta directa de que si se van a reunir Ricardo Henaine y el Gobernador, pero si le van hacer llegar el documento (Rafael Moreno Valle Rosas)\u201d, indic\u00f3 el vocero de las Barras Unidas de Puebla a su salida de la reuni\u00f3n.<br \/>\nEn ese sentido Sefirot Garc\u00eda, se dijo confiado de que en el estado de Puebla continuar\u00e1 el futbol de primera divisi\u00f3n, y dejo entrever que en la charla con los funcionarios de Gobierno, se le asegur\u00f3 la representatividad del futbol poblano en el m\u00e1ximo circuito.<br \/>\n\u201cEn esta ocasi\u00f3n las personas que nos atendieron en conjunto, nos dejaron muy tranquilos, y me voy confiado de que va ver futbol en Puebla pase lo que pase, de eso estoy muy seguro\u201d.<br \/>\nPor \u00faltimo los l\u00edderes de las distintas \u201cbarras\u201d que se dieron cita para el movimiento pac\u00edfico y sin violencia \u201cMarcha pro Puebla FC\u201d destacaron que no se provoc\u00f3 mayor alteraci\u00f3n en las v\u00edas que recorrieron, agradeciendo el eficaz operativo que la autoridad dio y se\u00f1alaron que realizar\u00e1n otra marcha pero dirigida hacia a la directiva camotera, en la previa del arranque del Clausura 2012 cuando la Franja reciba al conjunto del Atlas en la jornada 1.<br \/>\n[miniflickr photoset_id=72157628376648861&amp;sortby=date-posted-asc&amp;per_page=20]<\/p>\n<p><a href=\"http:\/\/www.flickr.com\/photos\/manitas\/sets\/72157628376648861\/\" target=\"_blank\"><strong>Se efect\u00fao marcha pac\u00edfica y sin violencia por el Puebla FC<\/strong><\/a><\/p>\n<p>&#8211;<\/p>\n","protected":false},"excerpt":{"rendered":"<p>Puebla., Puebla 11 de Diciembre 2011 Con m\u00e1s de 20, 000 firmas recaudadas se llev\u00f3 a cabo la marcha pac\u00edfica y sin violencia que aglutin\u00f3 aproximadamente a 700 personas convocada por las Barras Unidas de Puebla, donde Sefirot Garc\u00eda (vocero del movimiento) hizo entrega en casa \u201cAguayo\u201d de los documentos que conten\u00edan las rubricas de [&hellip;]<\/p>\n","protected":false},"author":1,"featured_media":0,"comment_status":"open","ping_status":"open","sticky":false,"template":"","format":"standard","meta":{"footnotes":""},"categories":[8],"tags":[],"_links":{"self":[{"href":"https:\/\/pueblaexpres.com\/portal\/index.php?rest_route=\/wp\/v2\/posts\/1077"}],"collection":[{"href":"https:\/\/pueblaexpres.com\/portal\/index.php?rest_route=\/wp\/v2\/posts"}],"about":[{"href":"https:\/\/pueblaexpres.com\/portal\/index.php?rest_route=\/wp\/v2\/types\/post"}],"author":[{"embeddable":true,"href":"https:\/\/pueblaexpres.com\/portal\/index.php?rest_route=\/wp\/v2\/users\/1"}],"replies":[{"embeddable":true,"href":"https:\/\/pueblaexpres.com\/portal\/index.php?rest_route=%2Fwp%2Fv2%2Fcomments&post=1077"}],"version-history":[{"count":1,"href":"https:\/\/pueblaexpres.com\/portal\/index.php?rest_route=\/wp\/v2\/posts\/1077\/revisions"}],"predecessor-version":[{"id":1078,"href":"https:\/\/pueblaexpres.com\/portal\/index.php?rest_route=\/wp\/v2\/posts\/1077\/revisions\/1078"}],"wp:attachment":[{"href":"https:\/\/pueblaexpres.com\/portal\/index.php?rest_route=%2Fwp%2Fv2%2Fmedia&parent=1077"}],"wp:term":[{"taxonomy":"category","embeddable":true,"href":"https:\/\/pueblaexpres.com\/portal\/index.php?rest_route=%2Fwp%2Fv2%2Fcategories&post=1077"},{"taxonomy":"post_tag","embeddable":true,"href":"https:\/\/pueblaexpres.com\/portal\/index.php?rest_route=%2Fwp%2Fv2%2Ftags&post=1077"}],"curies":[{"name":"wp","href":"https:\/\/api.w.org\/{rel}","templated":true}]}}