{"id":1075,"date":"2011-12-10T18:17:20","date_gmt":"2011-12-11T00:17:20","guid":{"rendered":"https:\/\/pueblaexpres.com\/portal\/?p=1075"},"modified":"2011-12-10T18:17:20","modified_gmt":"2011-12-11T00:17:20","slug":"hoy-es-la-marcha-en-apoyo-al-puebla-fc","status":"publish","type":"post","link":"https:\/\/pueblaexpres.com\/portal\/?p=1075","title":{"rendered":"Hoy es la marcha en apoyo al Puebla FC"},"content":{"rendered":"<div name=\"googleone_share_1\" style=\"position:relative;z-index:5;float: right; margin-left: 10px;\"><g:plusone size=\"tall\" count=\"1\" href=\"https:\/\/pueblaexpres.com\/portal\/?p=1075\"><\/g:plusone><\/div><p><a title=\"DSC_0100 Hoy es la marcha en apoyo al Puebla FC (permanencia en la ciudad) por Mv Fotograf\u00eda Profesional \/ www.pueblaexpres.com  by Manuel Vela - MV Fotograf\u00eda Profesional, on Flickr\" href=\"http:\/\/www.flickr.com\/photos\/manitas\/6488009571\/\"><img loading=\"lazy\" decoding=\"async\" class=\"alignleft\" style=\"margin-left: 5px; margin-right: 5px;\" src=\"http:\/\/farm8.staticflickr.com\/7007\/6488009571_ae69742425_m.jpg\" alt=\"DSC_0100 Hoy es la marcha en apoyo al Puebla FC (permanencia en la ciudad) por Mv Fotograf\u00eda Profesional \/ www.pueblaexpres.com \" width=\"240\" height=\"160\" \/><\/a> Puebla., Puebla 10 de Diciembre 2011<\/p>\n<p>Durante los \u00faltimos d\u00edas se han desatado diversos rumores sobre la posible salida del equipo de futbol Puebla de nuestra entidad. Todo ello derivado por los problemas existentes entre el Gobierno del Estado Puebla y el presidente del equipo Puebla de la Franja. Este evento se realizar\u00e1 este 10 de diciembre en punto de las 4:00 de la tarde en la Fuente de los Frailes.<br \/>\nSefirot Garc\u00eda vocero de las Barras Unidas de Puebla lanza un llamado &#8220;Amigo aficionado y files hinchas del Puebla FC se convoca a la marcha en apoyo y permanencia del equipo Profesional del Futbol Puebla de la Franja, este evento se realizara el d\u00eda de hoy 10 de diciembre a las 4:00 pm en la fuente de los Frailes ubicada en la zona de la Colonia La Paz con direcci\u00f3n a Casa Aguayo&#8221; &#8221; En este evento entregaremos las firmas (que con anterioridad se recabaran) para la permanencia del Puebla FC&#8221; se\u00f1alo<br \/>\n&#8220;El objetivo de esta manifestaci\u00f3n de apoyo (marcha pac\u00edfica y sin violencia) es para sensibilizar a las partes (Gobierno y Directiva del Club Puebla) ya que el equipo de Futbol Puebla es de los Poblanos&#8221; comento.<br \/>\n&#8220;La gente puede acudir con su familia, llevar su bandera sus pancartas en apoyo al equipo y portar con orgullo su playera del Puebla&#8221;, &#8220;demostrar que queremos la permanencia en la ciudad del club, que se haga sentir el amor por su equipo&#8221; puntualizo<br \/>\nPor \u00faltimo record\u00f3 a la poblaci\u00f3n en general que esta marcha de sensibilizaci\u00f3n tiene fundamento, &#8220;El deporte en Puebla en este caso representado por un equipo de Futbol Profesional llamado Puebla FC en la entidad no solo es diversi\u00f3n para la gente, sino un generador de empleos y una considerable derrama econ\u00f3mica para el Estado.&#8221; concluyo<\/p>\n<p><a href=\"http:\/\/www.flickr.com\/photos\/manitas\/sets\/72157628361408089\/\" target=\"_blank\"><strong>Hoy es la marcha en apoyo al Puebla FC<\/strong><\/a><\/p>\n<p>&#8211;<\/p>\n","protected":false},"excerpt":{"rendered":"<p>Puebla., Puebla 10 de Diciembre 2011 Durante los \u00faltimos d\u00edas se han desatado diversos rumores sobre la posible salida del equipo de futbol Puebla de nuestra entidad. Todo ello derivado por los problemas existentes entre el Gobierno del Estado Puebla y el presidente del equipo Puebla de la Franja. Este evento se realizar\u00e1 este 10 [&hellip;]<\/p>\n","protected":false},"author":1,"featured_media":0,"comment_status":"open","ping_status":"open","sticky":false,"template":"","format":"standard","meta":{"footnotes":""},"categories":[8],"tags":[],"_links":{"self":[{"href":"https:\/\/pueblaexpres.com\/portal\/index.php?rest_route=\/wp\/v2\/posts\/1075"}],"collection":[{"href":"https:\/\/pueblaexpres.com\/portal\/index.php?rest_route=\/wp\/v2\/posts"}],"about":[{"href":"https:\/\/pueblaexpres.com\/portal\/index.php?rest_route=\/wp\/v2\/types\/post"}],"author":[{"embeddable":true,"href":"https:\/\/pueblaexpres.com\/portal\/index.php?rest_route=\/wp\/v2\/users\/1"}],"replies":[{"embeddable":true,"href":"https:\/\/pueblaexpres.com\/portal\/index.php?rest_route=%2Fwp%2Fv2%2Fcomments&post=1075"}],"version-history":[{"count":1,"href":"https:\/\/pueblaexpres.com\/portal\/index.php?rest_route=\/wp\/v2\/posts\/1075\/revisions"}],"predecessor-version":[{"id":1076,"href":"https:\/\/pueblaexpres.com\/portal\/index.php?rest_route=\/wp\/v2\/posts\/1075\/revisions\/1076"}],"wp:attachment":[{"href":"https:\/\/pueblaexpres.com\/portal\/index.php?rest_route=%2Fwp%2Fv2%2Fmedia&parent=1075"}],"wp:term":[{"taxonomy":"category","embeddable":true,"href":"https:\/\/pueblaexpres.com\/portal\/index.php?rest_route=%2Fwp%2Fv2%2Fcategories&post=1075"},{"taxonomy":"post_tag","embeddable":true,"href":"https:\/\/pueblaexpres.com\/portal\/index.php?rest_route=%2Fwp%2Fv2%2Ftags&post=1075"}],"curies":[{"name":"wp","href":"https:\/\/api.w.org\/{rel}","templated":true}]}}