{"id":10730,"date":"2019-08-02T19:09:17","date_gmt":"2019-08-03T01:09:17","guid":{"rendered":"https:\/\/pueblaexpres.com\/portal\/?p=10730"},"modified":"2019-09-10T19:12:47","modified_gmt":"2019-09-11T01:12:47","slug":"espectaculos-21-de-septiembre-dos-funciones-5pm-y-730pm-la-semesienta-ahora-re-mamas-terizada-salon-country-san-manuel-en-puebla","status":"publish","type":"post","link":"https:\/\/pueblaexpres.com\/portal\/?p=10730","title":{"rendered":"[Espect\u00e1culos] 21 de Septiembre DOS Funciones 5PM y 7:30PM | LA SEMESIENTA ahora Re mam\u00e1s Terizada Sal\u00f3n Country San Manuel en Puebla"},"content":{"rendered":"<div name=\"googleone_share_1\" style=\"position:relative;z-index:5;float: right; margin-left: 10px;\"><g:plusone size=\"tall\" count=\"1\" href=\"https:\/\/pueblaexpres.com\/portal\/?p=10730\"><\/g:plusone><\/div><p><a href=\"https:\/\/pueblaexpres.com\/portal\/wp-content\/uploads\/2019\/09\/67744750_522595244946846_6300594182872367104_n.jpg\"><img loading=\"lazy\" decoding=\"async\" class=\"size-large wp-image-10731 aligncenter\" src=\"https:\/\/pueblaexpres.com\/portal\/wp-content\/uploads\/2019\/09\/67744750_522595244946846_6300594182872367104_n-1024x571.jpg\" alt=\"\" width=\"500\" height=\"279\" srcset=\"https:\/\/pueblaexpres.com\/portal\/wp-content\/uploads\/2019\/09\/67744750_522595244946846_6300594182872367104_n-1024x571.jpg 1024w, https:\/\/pueblaexpres.com\/portal\/wp-content\/uploads\/2019\/09\/67744750_522595244946846_6300594182872367104_n-300x167.jpg 300w, https:\/\/pueblaexpres.com\/portal\/wp-content\/uploads\/2019\/09\/67744750_522595244946846_6300594182872367104_n-768x428.jpg 768w, https:\/\/pueblaexpres.com\/portal\/wp-content\/uploads\/2019\/09\/67744750_522595244946846_6300594182872367104_n-640x357.jpg 640w, https:\/\/pueblaexpres.com\/portal\/wp-content\/uploads\/2019\/09\/67744750_522595244946846_6300594182872367104_n.jpg 1280w\" sizes=\"(max-width: 500px) 100vw, 500px\" \/><\/a><\/p>\n<p><strong>Redacci\u00f3n | Fotograf\u00edas CORTES\u00cdA #PueblaExpres @PueblaExpres<\/strong><\/p>\n<p>LA SEMESIENTA ahora Re mam\u00e1s Terizada<\/p>\n<p>Comedia del cuento infantil &#8220;La cenicienta&#8221;, con el toque del Teatro Infantil para Adultos, convertida en una parodia picaresca y con el doble sentido que caracteriza a los comediantes de la obra.<\/p>\n<p><a title=\"IMG_0001 [Espect\u00e1culos] 21 de Septiembre DOS Funciones 5PM y 7:30PM | LA SEMESIENTA ahora Re mam\u00e1s Terizada | Sal\u00f3n Country San Manuel en Puebla | Fotograf\u00edas Cortes\u00eda para Mv Fotograf\u00eda Profesional \/ Edici\u00f3n y retoque www.pueblaexpres.com\" href=\"https:\/\/www.flickr.com\/photos\/manitas\/48714508187\/in\/album-72157710791879947\/\" data-flickr-embed=\"true\"><img loading=\"lazy\" decoding=\"async\" class=\"aligncenter\" src=\"https:\/\/live.staticflickr.com\/65535\/48714508187_97af3d2639.jpg\" alt=\"IMG_0001 [Espect\u00e1culos] 21 de Septiembre DOS Funciones 5PM y 7:30PM | LA SEMESIENTA ahora Re mam\u00e1s Terizada | Sal\u00f3n Country San Manuel en Puebla | Fotograf\u00edas Cortes\u00eda para Mv Fotograf\u00eda Profesional \/ Edici\u00f3n y retoque www.pueblaexpres.com\" width=\"500\" height=\"500\" \/><\/a><script async src=\"\/\/embedr.flickr.com\/assets\/client-code.js\" charset=\"utf-8\"><\/script><\/p>\n<p>La comedia, escrita, producida y dirigida por el actor mexicano Pepe Maga\u00f1a, est\u00e1 inspirada en La Cenicienta, pero con argumentos salpicados de albures, doble sentido y la improvisaci\u00f3n del tr\u00edo de maestros de la picard\u00eda mexicana Luis de Alba, Rafael Incl\u00e1n, Alfonso Sayas, acompa\u00f1ada de la famosa vedette cubana Niurka Marcos, as\u00ed como de Pablo Cheng, Pedro Romo, Gustavo Mungu\u00eda, Homerito, Yessenia Calder\u00f3n, Ana Paulina Maga\u00f1a, Luis Barcel\u00f3, Cacharro y Luis Manuel \u00c1vila entre otros humoristas.<!--more--><\/p>\n<p>Sal\u00f3n Country San Manuel<br \/>\nDomicilio: Av. San Ignacio 824, Jardines de San Manuel<\/p>\n<p><a title=\"IMG_0001 [Espect\u00e1culos] 21 de Septiembre DOS Funciones 5PM y 7:30PM | LA SEMESIENTA ahora Re mam\u00e1s Terizada | Sal\u00f3n Country San Manuel en Puebla | Fotograf\u00edas Cortes\u00eda para Mv Fotograf\u00eda Profesional \/ Edici\u00f3n y retoque www.pueblaexpres.com\" href=\"https:\/\/www.flickr.com\/photos\/manitas\/48714508102\/in\/album-72157710791879947\/\" data-flickr-embed=\"true\"><img loading=\"lazy\" decoding=\"async\" class=\"aligncenter\" src=\"https:\/\/live.staticflickr.com\/65535\/48714508102_52ec9034de.jpg\" alt=\"IMG_0001 [Espect\u00e1culos] 21 de Septiembre DOS Funciones 5PM y 7:30PM | LA SEMESIENTA ahora Re mam\u00e1s Terizada | Sal\u00f3n Country San Manuel en Puebla | Fotograf\u00edas Cortes\u00eda para Mv Fotograf\u00eda Profesional \/ Edici\u00f3n y retoque www.pueblaexpres.com\" width=\"222\" height=\"500\" \/><\/a><script async src=\"\/\/embedr.flickr.com\/assets\/client-code.js\" charset=\"utf-8\"><\/script><\/p>\n<p>Entradas disponibles en https:\/\/ticketlive.gestiondeaccesos.com\/index.php?r=venta\/boletos&amp;id=27<\/p>\n<p>El pr\u00f3ximo 21 de septiembre de 2019 en el Sal\u00f3n Country San Manuel<\/p>\n<p style=\"text-align: center;\"><strong>LOCALIDADES:<\/strong><\/p>\n<p style=\"text-align: center;\"><strong>VIP ADULTO $750.00 MX<\/strong><br \/>\n<strong>ORO ADULTO $650.00 MX<\/strong><br \/>\n<strong>PLATA ADULTO $450.00 MX<\/strong><\/p>\n<p><a title=\"IMG_0001 [Espect\u00e1culos] 21 de Septiembre DOS Funciones 5PM y 7:30PM | LA SEMESIENTA ahora Re mam\u00e1s Terizada | Sal\u00f3n Country San Manuel en Puebla | Fotograf\u00edas Cortes\u00eda para Mv Fotograf\u00eda Profesional \/ Edici\u00f3n y retoque www.pueblaexpres.com\" href=\"https:\/\/www.flickr.com\/photos\/manitas\/48714508187\/in\/album-72157710791879947\/\" data-flickr-embed=\"true\"><img loading=\"lazy\" decoding=\"async\" class=\"aligncenter\" src=\"https:\/\/live.staticflickr.com\/65535\/48714508187_97af3d2639.jpg\" alt=\"IMG_0001 [Espect\u00e1culos] 21 de Septiembre DOS Funciones 5PM y 7:30PM | LA SEMESIENTA ahora Re mam\u00e1s Terizada | Sal\u00f3n Country San Manuel en Puebla | Fotograf\u00edas Cortes\u00eda para Mv Fotograf\u00eda Profesional \/ Edici\u00f3n y retoque www.pueblaexpres.com\" width=\"500\" height=\"500\" \/><\/a><script async src=\"\/\/embedr.flickr.com\/assets\/client-code.js\" charset=\"utf-8\"><\/script><\/p>\n<p>Precio sujeto a cargos por servicio, mismos que NO est\u00e1n representados en el precio, adquiere tus entradas en http:\/\/www.ticketlive.com.mx\/ .<\/p>\n<p>Amigo lector le pedimos contin\u00fae al pendiente de nuestras redes sociales y nuestro portal en la secci\u00f3n ESPECT\u00c1CULOS, ya que en el encontrar\u00e1 los mejores eventos\u2026<\/p>\n<p><a title=\"IMG_0001 [Espect\u00e1culos] 21 de Septiembre DOS Funciones 5PM y 7:30PM | LA SEMESIENTA ahora Re mam\u00e1s Terizada | Sal\u00f3n Country San Manuel en Puebla | Fotograf\u00edas Cortes\u00eda para Mv Fotograf\u00eda Profesional \/ Edici\u00f3n y retoque www.pueblaexpres.com\" href=\"https:\/\/www.flickr.com\/photos\/manitas\/48714011638\/in\/album-72157710791879947\/\" data-flickr-embed=\"true\"><img loading=\"lazy\" decoding=\"async\" class=\"aligncenter\" src=\"https:\/\/live.staticflickr.com\/65535\/48714011638_027afbefda.jpg\" alt=\"IMG_0001 [Espect\u00e1culos] 21 de Septiembre DOS Funciones 5PM y 7:30PM | LA SEMESIENTA ahora Re mam\u00e1s Terizada | Sal\u00f3n Country San Manuel en Puebla | Fotograf\u00edas Cortes\u00eda para Mv Fotograf\u00eda Profesional \/ Edici\u00f3n y retoque www.pueblaexpres.com\" width=\"500\" height=\"279\" \/><\/a><script async src=\"\/\/embedr.flickr.com\/assets\/client-code.js\" charset=\"utf-8\"><\/script><\/p>\n<p><strong>LA OPINI\u00d3N EXPRESADA EN ESTA COLUMNA ES RESPONSABILIDAD DE QUIEN LA ESCRIBE Y NO BUSCA GENERAR CONFLICTOS ENTRE LOS INVOLUCRADOS, SINO GENERAR CONCIENCIA EN CADA LECTOR.<\/strong><\/p>\n<p>[miniflickr photoset_id=72157710791879947&amp;sortby=date-posted-asc&amp;per_page=4]<\/p>\n","protected":false},"excerpt":{"rendered":"<p>Redacci\u00f3n | Fotograf\u00edas CORTES\u00cdA #PueblaExpres @PueblaExpres LA SEMESIENTA ahora Re mam\u00e1s Terizada Comedia del cuento infantil &#8220;La cenicienta&#8221;, con el toque del Teatro Infantil para Adultos, convertida en una parodia picaresca y con el doble sentido que caracteriza a los comediantes de la obra. La comedia, escrita, producida y dirigida por el actor mexicano Pepe [&hellip;]<\/p>\n","protected":false},"author":2,"featured_media":10731,"comment_status":"open","ping_status":"open","sticky":false,"template":"","format":"standard","meta":{"footnotes":""},"categories":[8,42,166,170,36,171,1,7],"tags":[],"_links":{"self":[{"href":"https:\/\/pueblaexpres.com\/portal\/index.php?rest_route=\/wp\/v2\/posts\/10730"}],"collection":[{"href":"https:\/\/pueblaexpres.com\/portal\/index.php?rest_route=\/wp\/v2\/posts"}],"about":[{"href":"https:\/\/pueblaexpres.com\/portal\/index.php?rest_route=\/wp\/v2\/types\/post"}],"author":[{"embeddable":true,"href":"https:\/\/pueblaexpres.com\/portal\/index.php?rest_route=\/wp\/v2\/users\/2"}],"replies":[{"embeddable":true,"href":"https:\/\/pueblaexpres.com\/portal\/index.php?rest_route=%2Fwp%2Fv2%2Fcomments&post=10730"}],"version-history":[{"count":1,"href":"https:\/\/pueblaexpres.com\/portal\/index.php?rest_route=\/wp\/v2\/posts\/10730\/revisions"}],"predecessor-version":[{"id":10732,"href":"https:\/\/pueblaexpres.com\/portal\/index.php?rest_route=\/wp\/v2\/posts\/10730\/revisions\/10732"}],"wp:featuredmedia":[{"embeddable":true,"href":"https:\/\/pueblaexpres.com\/portal\/index.php?rest_route=\/wp\/v2\/media\/10731"}],"wp:attachment":[{"href":"https:\/\/pueblaexpres.com\/portal\/index.php?rest_route=%2Fwp%2Fv2%2Fmedia&parent=10730"}],"wp:term":[{"taxonomy":"category","embeddable":true,"href":"https:\/\/pueblaexpres.com\/portal\/index.php?rest_route=%2Fwp%2Fv2%2Fcategories&post=10730"},{"taxonomy":"post_tag","embeddable":true,"href":"https:\/\/pueblaexpres.com\/portal\/index.php?rest_route=%2Fwp%2Fv2%2Ftags&post=10730"}],"curies":[{"name":"wp","href":"https:\/\/api.w.org\/{rel}","templated":true}]}}