{"id":10703,"date":"2019-06-02T18:23:32","date_gmt":"2019-06-03T00:23:32","guid":{"rendered":"https:\/\/pueblaexpres.com\/portal\/?p=10703"},"modified":"2019-09-05T18:29:07","modified_gmt":"2019-09-06T00:29:07","slug":"espectaculos-proximamente-festival-catrina-4ta-edicion-panteon-rococo-san-andres-cholula-puebla","status":"publish","type":"post","link":"https:\/\/pueblaexpres.com\/portal\/?p=10703","title":{"rendered":"[Espect\u00e1culos] PR\u00d3XIMAMENTE | Festival CATRINA 4ta edici\u00f3n | PANTEON ROCOCO | San Andr\u00e9s Cholula, Puebla"},"content":{"rendered":"<div name=\"googleone_share_1\" style=\"position:relative;z-index:5;float: right; margin-left: 10px;\"><g:plusone size=\"tall\" count=\"1\" href=\"https:\/\/pueblaexpres.com\/portal\/?p=10703\"><\/g:plusone><\/div><p><a href=\"https:\/\/pueblaexpres.com\/portal\/wp-content\/uploads\/2019\/09\/61638884_875143402825110_93418197272756224_n.jpg\"><img loading=\"lazy\" decoding=\"async\" class=\"wp-image-10704 aligncenter\" src=\"https:\/\/pueblaexpres.com\/portal\/wp-content\/uploads\/2019\/09\/61638884_875143402825110_93418197272756224_n.jpg\" alt=\"\" width=\"443\" height=\"502\" srcset=\"https:\/\/pueblaexpres.com\/portal\/wp-content\/uploads\/2019\/09\/61638884_875143402825110_93418197272756224_n.jpg 847w, https:\/\/pueblaexpres.com\/portal\/wp-content\/uploads\/2019\/09\/61638884_875143402825110_93418197272756224_n-265x300.jpg 265w, https:\/\/pueblaexpres.com\/portal\/wp-content\/uploads\/2019\/09\/61638884_875143402825110_93418197272756224_n-768x870.jpg 768w, https:\/\/pueblaexpres.com\/portal\/wp-content\/uploads\/2019\/09\/61638884_875143402825110_93418197272756224_n-640x725.jpg 640w\" sizes=\"(max-width: 443px) 100vw, 443px\" \/><\/a><\/p>\n<p><strong>Redacci\u00f3n | Fotograf\u00eda Cortes\u00eda \/ #PueblaExpres @PueblaExpres<\/strong><\/p>\n<p>PR\u00d3XIMAMENTE Festival Indio Catrina 2019 en su 4ta edici\u00f3n.<\/p>\n<p>Por cuarta vez consecutiva se llevar\u00e1 a cabo el Festival Catrina, un evento que a lo largo de estos a\u00f1os se ha convertido en un referente de nuestro pa\u00eds y se ha consolidado como uno de los shows del 2019.<\/p>\n<p><a title=\"IMG_0001 [Espect\u00e1culos] PR\u00d3XIMAMENTE | Festival CATRINA 4ta edici\u00f3n | PANTEON ROCOCO | San Andr\u00e9s Cholula, Puebla | Fotograf\u00eda Cortes\u00eda \/ #PueblaExpres @PueblaExpres para Mv Fotograf\u00eda Profesional \/_ Edici\u00f3n y retoque www.pueblaexpres.com\" href=\"https:\/\/www.flickr.com\/photos\/manitas\/48685890487\/in\/dateposted-public\/\" data-flickr-embed=\"true\"><img loading=\"lazy\" decoding=\"async\" class=\"aligncenter\" src=\"https:\/\/live.staticflickr.com\/65535\/48685890487_69f1a4a709.jpg\" alt=\"IMG_0001 [Espect\u00e1culos] PR\u00d3XIMAMENTE | Festival CATRINA 4ta edici\u00f3n | PANTEON ROCOCO | San Andr\u00e9s Cholula, Puebla | Fotograf\u00eda Cortes\u00eda \/ #PueblaExpres @PueblaExpres para Mv Fotograf\u00eda Profesional \/_ Edici\u00f3n y retoque www.pueblaexpres.com\" width=\"500\" height=\"264\" \/><\/a><script async src=\"\/\/embedr.flickr.com\/assets\/client-code.js\" charset=\"utf-8\"><\/script><\/p>\n<p>El \u201cCatrina\u201d, como se le ha adoptado, tiene la intenci\u00f3n de difundir el nuevo talento nacional, as\u00ed como el internacional, por lo que para esta edici\u00f3n se brindar\u00e1 una producci\u00f3n y cartel de primer nivel.<\/p>\n<p>Pante\u00f3n Rococo estar\u00e1 en el Festival Catrina 2019<\/p>\n<p>La banda mexicana de rock &#8211; ska tambi\u00e9n formar\u00e1 parte del festival Catrina 2019 para darse cita con los poblanos el pr\u00f3ximo 7 de diciembre.<!--more--><\/p>\n<p><a title=\"IMG_0001 [Espect\u00e1culos] PR\u00d3XIMAMENTE | Festival CATRINA 4ta edici\u00f3n | PANTEON ROCOCO | San Andr\u00e9s Cholula, Puebla | Fotograf\u00eda Cortes\u00eda \/ #PueblaExpres @PueblaExpres para Mv Fotograf\u00eda Profesional \/_ Edici\u00f3n y retoque www.pueblaexpres.com\" href=\"https:\/\/www.flickr.com\/photos\/manitas\/48685890532\/in\/dateposted-public\/\" data-flickr-embed=\"true\"><img loading=\"lazy\" decoding=\"async\" class=\"aligncenter\" src=\"https:\/\/live.staticflickr.com\/65535\/48685890532_6562a9193f.jpg\" alt=\"IMG_0001 [Espect\u00e1culos] PR\u00d3XIMAMENTE | Festival CATRINA 4ta edici\u00f3n | PANTEON ROCOCO | San Andr\u00e9s Cholula, Puebla | Fotograf\u00eda Cortes\u00eda \/ #PueblaExpres @PueblaExpres para Mv Fotograf\u00eda Profesional \/_ Edici\u00f3n y retoque www.pueblaexpres.com\" width=\"441\" height=\"500\" \/><\/a><script async src=\"\/\/embedr.flickr.com\/assets\/client-code.js\" charset=\"utf-8\"><\/script><\/p>\n<p>Luis Rom\u00e1n Ibarra mejor conocido como &#8220;Dr. Shenka&#8221;, Dar\u00edo Espinoza, Rodrigo Bonilla y compa\u00f1\u00eda presentar\u00e1n su nuevo disco \u201cInfiernos\u201d, mismo nombre que han otorgado a su actual gira por Estados Unidos en la que ya han visitado ciudades como Houston, Dallas, Charlotte y Atlanta.<\/p>\n<p>Esta agrupaci\u00f3n, fundada en 1998 ya cuenta con una amplia trayectoria musical que le ha valido participaciones con Mimi Maura, Ricardo Arjona y Vicentico.<\/p>\n<p>Adem\u00e1s de tener ocho \u00e1lbums de estudio, siendo Infiernos su m\u00e1s reciente producci\u00f3n con la que seguramente pondr\u00e1n a rockear a los poblanos.<\/p>\n<p><a title=\"IMG_0001 [Espect\u00e1culos] PR\u00d3XIMAMENTE | Festival CATRINA 4ta edici\u00f3n | PANTEON ROCOCO | San Andr\u00e9s Cholula, Puebla | Fotograf\u00eda Cortes\u00eda \/ #PueblaExpres @PueblaExpres para Mv Fotograf\u00eda Profesional \/_ Edici\u00f3n y retoque www.pueblaexpres.com\" href=\"https:\/\/www.flickr.com\/photos\/manitas\/48685890487\/in\/dateposted-public\/\" data-flickr-embed=\"true\"><img loading=\"lazy\" decoding=\"async\" class=\"aligncenter\" src=\"https:\/\/live.staticflickr.com\/65535\/48685890487_69f1a4a709.jpg\" alt=\"IMG_0001 [Espect\u00e1culos] PR\u00d3XIMAMENTE | Festival CATRINA 4ta edici\u00f3n | PANTEON ROCOCO | San Andr\u00e9s Cholula, Puebla | Fotograf\u00eda Cortes\u00eda \/ #PueblaExpres @PueblaExpres para Mv Fotograf\u00eda Profesional \/_ Edici\u00f3n y retoque www.pueblaexpres.com\" width=\"500\" height=\"264\" \/><\/a><script async src=\"\/\/embedr.flickr.com\/assets\/client-code.js\" charset=\"utf-8\"><\/script><\/p>\n<p>Liga para adquirir boletos https:\/\/www.eticket.mx\/eventos.aspx?idartista=1321 verificar costos actualizados , as\u00ed como costo de emisi\u00f3n y servicios por parte de E-Ticket<\/p>\n<p><strong>B*A*C*H*A PROMOTORA ESPECT\u00c1CULOS.<\/strong><\/p>\n<p>Amigo lector le pedimos contin\u00fae al pendiente de nuestras redes sociales y nuestro portal en la secci\u00f3n ESPECT\u00c1CULOS, ya que en el encontrar\u00e1 los mejores eventos\u2026<\/p>\n<p><a title=\"IMG_0001 [Espect\u00e1culos] PR\u00d3XIMAMENTE | Festival CATRINA 4ta edici\u00f3n | PANTEON ROCOCO | San Andr\u00e9s Cholula, Puebla | Fotograf\u00eda Cortes\u00eda \/ #PueblaExpres @PueblaExpres para Mv Fotograf\u00eda Profesional \/_ Edici\u00f3n y retoque www.pueblaexpres.com\" href=\"https:\/\/www.flickr.com\/photos\/manitas\/48685890532\/in\/dateposted-public\/\" data-flickr-embed=\"true\"><img loading=\"lazy\" decoding=\"async\" class=\"aligncenter\" src=\"https:\/\/live.staticflickr.com\/65535\/48685890532_6562a9193f.jpg\" alt=\"IMG_0001 [Espect\u00e1culos] PR\u00d3XIMAMENTE | Festival CATRINA 4ta edici\u00f3n | PANTEON ROCOCO | San Andr\u00e9s Cholula, Puebla | Fotograf\u00eda Cortes\u00eda \/ #PueblaExpres @PueblaExpres para Mv Fotograf\u00eda Profesional \/_ Edici\u00f3n y retoque www.pueblaexpres.com\" width=\"441\" height=\"500\" \/><\/a><script async src=\"\/\/embedr.flickr.com\/assets\/client-code.js\" charset=\"utf-8\"><\/script><\/p>\n<p><strong>LA OPINI\u00d3N EXPRESADA EN ESTA COLUMNA ES RESPONSABILIDAD DE QUIEN LA ESCRIBE Y NO BUSCA GENERAR CONFLICTOS ENTRE LOS INVOLUCRADOS, SINO GENERAR CONCIENCIA EN CADA LECTOR.<\/strong><\/p>\n<p>[miniflickr photoset_id=72157710715158218&amp;sortby=date-posted-asc&amp;per_page=2]<\/p>\n","protected":false},"excerpt":{"rendered":"<p>Redacci\u00f3n | Fotograf\u00eda Cortes\u00eda \/ #PueblaExpres @PueblaExpres PR\u00d3XIMAMENTE Festival Indio Catrina 2019 en su 4ta edici\u00f3n. Por cuarta vez consecutiva se llevar\u00e1 a cabo el Festival Catrina, un evento que a lo largo de estos a\u00f1os se ha convertido en un referente de nuestro pa\u00eds y se ha consolidado como uno de los shows del [&hellip;]<\/p>\n","protected":false},"author":2,"featured_media":10704,"comment_status":"open","ping_status":"open","sticky":false,"template":"","format":"standard","meta":{"footnotes":""},"categories":[8,42,166,170,36,171,1,7],"tags":[],"_links":{"self":[{"href":"https:\/\/pueblaexpres.com\/portal\/index.php?rest_route=\/wp\/v2\/posts\/10703"}],"collection":[{"href":"https:\/\/pueblaexpres.com\/portal\/index.php?rest_route=\/wp\/v2\/posts"}],"about":[{"href":"https:\/\/pueblaexpres.com\/portal\/index.php?rest_route=\/wp\/v2\/types\/post"}],"author":[{"embeddable":true,"href":"https:\/\/pueblaexpres.com\/portal\/index.php?rest_route=\/wp\/v2\/users\/2"}],"replies":[{"embeddable":true,"href":"https:\/\/pueblaexpres.com\/portal\/index.php?rest_route=%2Fwp%2Fv2%2Fcomments&post=10703"}],"version-history":[{"count":1,"href":"https:\/\/pueblaexpres.com\/portal\/index.php?rest_route=\/wp\/v2\/posts\/10703\/revisions"}],"predecessor-version":[{"id":10705,"href":"https:\/\/pueblaexpres.com\/portal\/index.php?rest_route=\/wp\/v2\/posts\/10703\/revisions\/10705"}],"wp:featuredmedia":[{"embeddable":true,"href":"https:\/\/pueblaexpres.com\/portal\/index.php?rest_route=\/wp\/v2\/media\/10704"}],"wp:attachment":[{"href":"https:\/\/pueblaexpres.com\/portal\/index.php?rest_route=%2Fwp%2Fv2%2Fmedia&parent=10703"}],"wp:term":[{"taxonomy":"category","embeddable":true,"href":"https:\/\/pueblaexpres.com\/portal\/index.php?rest_route=%2Fwp%2Fv2%2Fcategories&post=10703"},{"taxonomy":"post_tag","embeddable":true,"href":"https:\/\/pueblaexpres.com\/portal\/index.php?rest_route=%2Fwp%2Fv2%2Ftags&post=10703"}],"curies":[{"name":"wp","href":"https:\/\/api.w.org\/{rel}","templated":true}]}}