{"id":1068,"date":"2011-12-08T00:04:17","date_gmt":"2011-12-08T06:04:17","guid":{"rendered":"https:\/\/pueblaexpres.com\/portal\/?p=1068"},"modified":"2011-12-08T00:04:17","modified_gmt":"2011-12-08T06:04:17","slug":"osorio-dt-puebla-definimos-ya-las-posiciones-que-queremos-reforzar-en-el-equipo","status":"publish","type":"post","link":"https:\/\/pueblaexpres.com\/portal\/?p=1068","title":{"rendered":"Osorio (DT Puebla) -Definimos ya las posiciones que queremos reforzar en el equipo-"},"content":{"rendered":"<div name=\"googleone_share_1\" style=\"position:relative;z-index:5;float: right; margin-left: 10px;\"><g:plusone size=\"tall\" count=\"1\" href=\"https:\/\/pueblaexpres.com\/portal\/?p=1068\"><\/g:plusone><\/div><p><a title=\"DSC_0160 Puebla FC entreno en el estadio Cuauht\u00e9moc \u201cJuan Carlos Osorio -Definimos ya las posiciones que queremos reforzar en el equipo-\u201d por Mv Fotograf\u00eda Profesional \/ www.pueblaexpres.com  by Manuel Vela - MV Fotograf\u00eda Profesional, on Flickr\" href=\"http:\/\/www.flickr.com\/photos\/manitas\/6475425085\/\"><img loading=\"lazy\" decoding=\"async\" class=\"alignleft\" style=\"margin-left: 5px; margin-right: 5px;\" src=\"http:\/\/farm8.staticflickr.com\/7006\/6475425085_3b6da11222_m.jpg\" alt=\"DSC_0160 Puebla FC entreno en el estadio Cuauht\u00e9moc \u201cJuan Carlos Osorio -Definimos ya las posiciones que queremos reforzar en el equipo-\u201d por Mv Fotograf\u00eda Profesional \/ www.pueblaexpres.com \" width=\"240\" height=\"159\" \/><\/a> Puebla., Puebla 07 de Diciembre 2011<\/p>\n<p>Como ha sido una constante desde su llegada, el t\u00e9cnico del Puebla de La Franja, Juan Carlos Osorio, mantiene un estilo de intensidad sobre el campamento Camotero, con lo cual ha comenzado a visualizar cu\u00e1les ser\u00e1n los sectores que deber\u00e1 reforzar de cara al Clausura 2012.<br \/>\nCon trabajos matutinos efectuados en el estadio Cuauht\u00e9moc, la escuadra de la Angel\u00f3polis contin\u00faa su preparaci\u00f3n de cara a la siguiente campa\u00f1a, en la que el estratega colombiano quiere que La Franja llegue con las mejores armas, por lo que ha comenzado a verificar los posibles movimientos que har\u00e1 tras evaluar en su totalidad al plantel.<br \/>\nY es que durante el resto de la semana, Osorio Arbel\u00e1ez, tendr\u00e1 la mirada fija en fortalecer al equipo, por lo que al t\u00e9rmino de ese lapso se dar\u00e1 a la tarea de presentar opciones a la directiva, con la intenci\u00f3n de traer los mejores para Puebla.<br \/>\nTras algunos d\u00edas, en los que ha podido observar el esfuerzo de sus pupilos, el sudamericano reconoce que \u201cde media cancha para arriba el equipo tiene jugadores muy importantes, con capacidad de desequilibrar en lo individual y colectivamente est\u00e1 muy bien, la parte defensiva la tenemos que mejorar\u201d, esto con las ausencias por lesi\u00f3n con las que se comenzar\u00e1 el certamen.<br \/>\n\u201cYa definimos las posiciones que queremos reforzar en el equipo, estamos analizando a los candidatos, tenemos tres en esas posiciones y en el momento que se d\u00e9 lo sabr\u00e1n\u201d, se\u00f1al\u00f3 Juan Carlos Osorio con respecto a las posibles incorporaciones que en semanas pr\u00f3ximas podr\u00edan vestirse de poblanos.<br \/>\nEn ese sentido, destac\u00f3 que gracias al roce deportivo que tuvo con anterioridad con cuadros mexicanos, sumado a lo que los Camoteros le han demostrado, le gustar\u00eda que fueran jugadores aztecas los que lleguen para la campa\u00f1a venidera, aunque sabe de la dificultad que significa traer futbolistas de otros equipos del futbol mexicano.<br \/>\nPese a ello, el \u00edmpetu que prevalece en el Puebla le agrada, por lo que se siente reconfortado por el arropo que se le ha dado, pues han sabido responder ante las exigencias que \u00e9l mismo impone, ya que las caracter\u00edsticas del balompi\u00e9 mexicano son similares a las que le gusta desarrollar sobre el terreno de juego con sus escuadras.<br \/>\n\u201cEs una nueva metodolog\u00eda de trabajar, de pronto la idea de juego es nueva tambi\u00e9n, pero los muchachos han mostrado una actitud con f\u00e9 hacia el trabajo que me ilusiona a pensar que podemos hacer cosas importantes, me siento muy contento con el grupo hasta ahora\u201d, concluy\u00f3 el t\u00e9cnico colombiano.<br \/>\n[miniflickr photoset_id=72157628328840839&amp;sortby=date-posted-asc&amp;per_page=20]<\/p>\n<p><a href=\"http:\/\/www.flickr.com\/photos\/manitas\/sets\/72157628328840839\/\" target=\"_blank\"><strong>Osorio (DT Puebla) -Definimos ya las posiciones que queremos reforzar en el equipo-<\/strong><\/a><\/p>\n<p>&#8211;<\/p>\n","protected":false},"excerpt":{"rendered":"<p>Puebla., Puebla 07 de Diciembre 2011 Como ha sido una constante desde su llegada, el t\u00e9cnico del Puebla de La Franja, Juan Carlos Osorio, mantiene un estilo de intensidad sobre el campamento Camotero, con lo cual ha comenzado a visualizar cu\u00e1les ser\u00e1n los sectores que deber\u00e1 reforzar de cara al Clausura 2012. Con trabajos matutinos [&hellip;]<\/p>\n","protected":false},"author":1,"featured_media":0,"comment_status":"open","ping_status":"open","sticky":false,"template":"","format":"standard","meta":{"footnotes":""},"categories":[79],"tags":[],"_links":{"self":[{"href":"https:\/\/pueblaexpres.com\/portal\/index.php?rest_route=\/wp\/v2\/posts\/1068"}],"collection":[{"href":"https:\/\/pueblaexpres.com\/portal\/index.php?rest_route=\/wp\/v2\/posts"}],"about":[{"href":"https:\/\/pueblaexpres.com\/portal\/index.php?rest_route=\/wp\/v2\/types\/post"}],"author":[{"embeddable":true,"href":"https:\/\/pueblaexpres.com\/portal\/index.php?rest_route=\/wp\/v2\/users\/1"}],"replies":[{"embeddable":true,"href":"https:\/\/pueblaexpres.com\/portal\/index.php?rest_route=%2Fwp%2Fv2%2Fcomments&post=1068"}],"version-history":[{"count":1,"href":"https:\/\/pueblaexpres.com\/portal\/index.php?rest_route=\/wp\/v2\/posts\/1068\/revisions"}],"predecessor-version":[{"id":1069,"href":"https:\/\/pueblaexpres.com\/portal\/index.php?rest_route=\/wp\/v2\/posts\/1068\/revisions\/1069"}],"wp:attachment":[{"href":"https:\/\/pueblaexpres.com\/portal\/index.php?rest_route=%2Fwp%2Fv2%2Fmedia&parent=1068"}],"wp:term":[{"taxonomy":"category","embeddable":true,"href":"https:\/\/pueblaexpres.com\/portal\/index.php?rest_route=%2Fwp%2Fv2%2Fcategories&post=1068"},{"taxonomy":"post_tag","embeddable":true,"href":"https:\/\/pueblaexpres.com\/portal\/index.php?rest_route=%2Fwp%2Fv2%2Ftags&post=1068"}],"curies":[{"name":"wp","href":"https:\/\/api.w.org\/{rel}","templated":true}]}}