{"id":1065,"date":"2011-12-07T16:24:11","date_gmt":"2011-12-07T22:24:11","guid":{"rendered":"https:\/\/pueblaexpres.com\/portal\/?p=1065"},"modified":"2011-12-07T16:24:11","modified_gmt":"2011-12-07T22:24:11","slug":"recaban-firmas-y-convocan-a-marcha-por-el-puebla-fc","status":"publish","type":"post","link":"https:\/\/pueblaexpres.com\/portal\/?p=1065","title":{"rendered":"Recaban firmas y convocan a marcha por el Puebla FC"},"content":{"rendered":"<div name=\"googleone_share_1\" style=\"position:relative;z-index:5;float: right; margin-left: 10px;\"><g:plusone size=\"tall\" count=\"1\" href=\"https:\/\/pueblaexpres.com\/portal\/?p=1065\"><\/g:plusone><\/div><p><a title=\"DSC00020 Recaban firmas y convocan a marcha por el Puebla FC por Mv Fotograf\u00eda Profesional \/ www.pueblaexpres.com by Manuel Vela - MV Fotograf\u00eda Profesional, on Flickr\" href=\"http:\/\/www.flickr.com\/photos\/manitas\/6473462297\/\"><img loading=\"lazy\" decoding=\"async\" class=\"alignleft\" style=\"margin-left: 5px; margin-right: 5px;\" src=\"http:\/\/farm8.staticflickr.com\/7164\/6473462297_ee09c1fb5e_m.jpg\" alt=\"DSC00020 Recaban firmas y convocan a marcha por el Puebla FC por Mv Fotograf\u00eda Profesional \/ www.pueblaexpres.com\" width=\"240\" height=\"160\" \/><\/a> Puebla., Puebla 07 de Diciembre 2011<\/p>\n<p>La afici\u00f3n tambi\u00e9n se ve preocupada por los problemas que sostiene el presidente y socio mayoritario del club Puebla y el gobierno de Puebla, por ello, las porras y aficionados se unen y efectuar\u00e1n una marcha pac\u00edfica este s\u00e1bado 10 de diciembre.<br \/>\nDurante los \u00faltimos d\u00edas se han desatado diversos rumores sobre la posible salida del equipo de futbol Puebla de nuestra entidad. Todo ello derivado por los problemas existentes entre el Gobierno del Estado Puebla y el presidente del equipo Puebla de la Franja.<br \/>\nAnte este tipo de situaciones que se han dado de manera constante y las cuales, han creado una incertidumbre entre los aficionados, no solo de la ciudad, sino tambi\u00e9n en los del interior del estado e incluso quienes se encuentran fuera de \u00e9l, &#8220;Sefirot&#8221; Garc\u00eda, vocero de las Barra Unidas de Puebla, d\u00edas atr\u00e1s realiz\u00f3 una invitaci\u00f3n: &#8220;Amigo aficionado del Puebla FC Las Barras Unidas de Puebla convocan a recabar firmas en apoyo y permanencia del equipo en Puebla. Para ser parte de este movimiento te invitamos a entrar a la p\u00e1gina www.legiondragon.net. Descarga e imprime el formato para la recolecci\u00f3n de firmas. Cuando tengas recolectadas las firmas, por favor acude antes del d\u00eda 9 de Diciembre a Calle Malintzi n\u00famero 37 de la colonia Malintzi. Puebla F.C. es de Puebla y de los poblanos.&#8221;<br \/>\nAyer por la ma\u00f1ana en entrevista telef\u00f3nica con Sefirot Garc\u00eda organizador de este evento coment\u00f3 &#8220;Amigo aficionado y files hinchas del Puebla FC se convoca a la marcha en apoyo y permanencia del equipo Profesional del Futbol Puebla de la Franja, este evento se realizar\u00e1 el pr\u00f3ximo 10 de diciembre a las 4:00 pm en la fuente de los Frailes ubicada en la zona de la Colonia La Paz con direcci\u00f3n a Casa Aguayo&#8221; &#8221; En este evento entregaremos las firmas (que con anterioridad se recabar\u00e1n) para la permanencia del Puebla FC&#8221; se\u00f1al\u00f3<br \/>\n&#8220;El objetivo de esta manifestaci\u00f3n de apoyo (marcha pac\u00edfica y sin violencia) es para sensibilizar a las partes (Gobierno y Directiva del Club Puebla) ya que el equipo de Futbol Puebla es de los Poblanos&#8221; coment\u00f3.<br \/>\nPor \u00faltimo record\u00f3 a la poblaci\u00f3n en general que esta marcha de sensibilizaci\u00f3n tiene fundamento, &#8220;el deporte en Puebla en este caso representado por un equipo de futbol profesional llamado Puebla FC en la entidad no s\u00f3lo es diversi\u00f3n para la gente, sino un generador de empleos y una considerable derrama econ\u00f3mica para el Estado.&#8221; concluy\u00f3.<br \/>\n[miniflickr photoset_id=72157628324053927&amp;sortby=date-posted-asc&amp;per_page=10]<\/p>\n<p><a href=\"http:\/\/www.flickr.com\/photos\/manitas\/sets\/72157628324053927\/\" target=\"_blank\"><strong>Recaban firmas y convocan a marcha por el Puebla FC<\/strong><\/a><\/p>\n<p>&#8211;<\/p>\n","protected":false},"excerpt":{"rendered":"<p>Puebla., Puebla 07 de Diciembre 2011 La afici\u00f3n tambi\u00e9n se ve preocupada por los problemas que sostiene el presidente y socio mayoritario del club Puebla y el gobierno de Puebla, por ello, las porras y aficionados se unen y efectuar\u00e1n una marcha pac\u00edfica este s\u00e1bado 10 de diciembre. Durante los \u00faltimos d\u00edas se han desatado [&hellip;]<\/p>\n","protected":false},"author":1,"featured_media":0,"comment_status":"open","ping_status":"open","sticky":false,"template":"","format":"standard","meta":{"footnotes":""},"categories":[8],"tags":[],"_links":{"self":[{"href":"https:\/\/pueblaexpres.com\/portal\/index.php?rest_route=\/wp\/v2\/posts\/1065"}],"collection":[{"href":"https:\/\/pueblaexpres.com\/portal\/index.php?rest_route=\/wp\/v2\/posts"}],"about":[{"href":"https:\/\/pueblaexpres.com\/portal\/index.php?rest_route=\/wp\/v2\/types\/post"}],"author":[{"embeddable":true,"href":"https:\/\/pueblaexpres.com\/portal\/index.php?rest_route=\/wp\/v2\/users\/1"}],"replies":[{"embeddable":true,"href":"https:\/\/pueblaexpres.com\/portal\/index.php?rest_route=%2Fwp%2Fv2%2Fcomments&post=1065"}],"version-history":[{"count":2,"href":"https:\/\/pueblaexpres.com\/portal\/index.php?rest_route=\/wp\/v2\/posts\/1065\/revisions"}],"predecessor-version":[{"id":1067,"href":"https:\/\/pueblaexpres.com\/portal\/index.php?rest_route=\/wp\/v2\/posts\/1065\/revisions\/1067"}],"wp:attachment":[{"href":"https:\/\/pueblaexpres.com\/portal\/index.php?rest_route=%2Fwp%2Fv2%2Fmedia&parent=1065"}],"wp:term":[{"taxonomy":"category","embeddable":true,"href":"https:\/\/pueblaexpres.com\/portal\/index.php?rest_route=%2Fwp%2Fv2%2Fcategories&post=1065"},{"taxonomy":"post_tag","embeddable":true,"href":"https:\/\/pueblaexpres.com\/portal\/index.php?rest_route=%2Fwp%2Fv2%2Ftags&post=1065"}],"curies":[{"name":"wp","href":"https:\/\/api.w.org\/{rel}","templated":true}]}}